{"id":210,"count":3,"description":"Entre 1984 e 1986, escrevi uma coluna semanal no jornal A TARDE intitulada TEATRO. Tamb\u00e9m colaborei com o peri\u00f3dico com artigos, entrevistas e reportagens sobre artes c\u00eanicas.","link":"http:\/\/www.marciomeirelles.com.br\/site\/category\/textos\/do-autor\/artigos-na-imprensa\/a-tarde\/","name":"A Tarde","slug":"a-tarde","taxonomy":"category","parent":162,"meta":[],"_links":{"self":[{"href":"http:\/\/www.marciomeirelles.com.br\/site\/wp-json\/wp\/v2\/categories\/210"}],"collection":[{"href":"http:\/\/www.marciomeirelles.com.br\/site\/wp-json\/wp\/v2\/categories"}],"about":[{"href":"http:\/\/www.marciomeirelles.com.br\/site\/wp-json\/wp\/v2\/taxonomies\/category"}],"up":[{"embeddable":true,"href":"http:\/\/www.marciomeirelles.com.br\/site\/wp-json\/wp\/v2\/categories\/162"}],"wp:post_type":[{"href":"http:\/\/www.marciomeirelles.com.br\/site\/wp-json\/wp\/v2\/posts?categories=210"}],"curies":[{"name":"wp","href":"https:\/\/api.w.org\/{rel}","templated":true}]}}