{"id":105,"date":"2010-12-18T10:05:36","date_gmt":"2010-12-18T13:05:36","guid":{"rendered":"http:\/\/www.marciomeirelles.com.br\/site\/?p=105"},"modified":"2011-09-11T10:06:48","modified_gmt":"2011-09-11T13:06:48","slug":"estado-promove-mobilizacao-pela-cultura-baiana","status":"publish","type":"post","link":"http:\/\/www.marciomeirelles.com.br\/site\/2010\/12\/estado-promove-mobilizacao-pela-cultura-baiana\/","title":{"rendered":"Estado promove Mobiliza\u00e7\u00e3o pela Cultura baiana"},"content":{"rendered":"<p><em>Mat\u00e9ria publicada no blog Enfoque Cultural (<a href=\"http:\/\/enfoquecultural.blogspot.com\" target=\"_blank\">http:\/\/enfoquecultural.blogspot.com<\/a>), no dia 18 de dezembro de 2010, escrito por Alysson Andrade<\/em><\/p>\n<p>&nbsp;<\/p>\n<p>Fazendo uma retrospectiva mais geral da Cultura Estadual a partir de 2007, vale aqui registrar um importante momento na pol\u00edtica cultural sugerida pelo Governo da Bahia, atrav\u00e9s da Secretaria da Cultura do Estado, com o trabalho realizado pelos Mobilizadores Culturais, quando agentes interioranos da cultura, selecionados por concurso p\u00fablico, e contratados pelo Estado por tempo determinado, iniciaram um processo de visitas aos munic\u00edpios baianos, viabilizando parcerias com vistas a realizar os Encontros Municipais e Territoriais de Cultura, iniciando um importante di\u00e1logo com os territ\u00f3rios de identidade da Bahia que seria mantido ao longo dos quatros anos da Gest\u00e3o M\u00e1rcio Meirelles, especialmente pela Sudecult, conduzida por \u00c2ngela Andrade.<\/p>\n<p>Com o trabalho, foi atingida a marca perto de 390 munic\u00edpios representados na II Confer\u00eancia Estadual de Cultura, promovida pela SecultBA, realizada em outubro de 2007, na UEFS, em Feira de Santana.<\/p>\n<p>Para os Encontros Municipais, os agentes da cultura, &#8220;Ex\u00e9rcito de Brancaleone&#8221;, como recordo ser carinhosamente chamado pelo secret\u00e1rio M\u00e1rcio Meirelles ainda no in\u00edcio da gest\u00e3o, buscaram parcerias com Prefeituras, bem como outros movimentos sociais nos munic\u00edpios, por orienta\u00e7\u00e3o do Estado da Bahia.<\/p>\n<p>O trabalho e a import\u00e2ncia da mobiliza\u00e7\u00e3o e representa\u00e7\u00e3o cultural do Estado nos territ\u00f3rios, foi percebido com grande entusiasmo e reconhecido pela sociedade civil a partir do ano de 2007, o que norteou a iniciativa da SecultBa \u00e0 publicar um novo edital, desta vez, para a sele\u00e7\u00e3o de Representantes Territoriais de Cultura, refor\u00e7ando o di\u00e1logo entre os territ\u00f3rios de identidade e a Gest\u00e3o Estadual da Cultura, que conta nos dias atuais, com Allan Meira Borges, no M\u00e9dio Rio das Contas.<\/p>\n<p>Com este registro, ao final de um exerc\u00edcio administrativo de uma gest\u00e3o que certamente deixar\u00e1 frutos a serem cultivados tamb\u00e9m em um novo mandato que logo iniciar\u00e1, parabenizamos a SECULT-Secretaria da Cultura do Estado da Bahia, por ter dado visibilidade \u00e0 pluralidade cultural do interior baiano, ratificando a import\u00e2ncia das a\u00e7\u00f5es descentralizadoras propostas pelo ente p\u00fablico estadual.<\/p>\n","protected":false},"excerpt":{"rendered":"<p>Mat\u00e9ria publicada no blog Enfoque Cultural (http:\/\/enfoquecultural.blogspot.com), no dia 18 de dezembro de 2010, escrito por Alysson Andrade &nbsp; Fazendo uma retrospectiva mais geral da Cultura Estadual a partir de 2007, vale aqui registrar um importante momento na pol\u00edtica cultural sugerida pelo Governo da Bahia, atrav\u00e9s da Secretaria da Cultura<\/p>\n","protected":false},"author":1,"featured_media":0,"comment_status":"open","ping_status":"open","sticky":false,"template":"","format":"standard","meta":[],"categories":[6],"tags":[],"_links":{"self":[{"href":"http:\/\/www.marciomeirelles.com.br\/site\/wp-json\/wp\/v2\/posts\/105"}],"collection":[{"href":"http:\/\/www.marciomeirelles.com.br\/site\/wp-json\/wp\/v2\/posts"}],"about":[{"href":"http:\/\/www.marciomeirelles.com.br\/site\/wp-json\/wp\/v2\/types\/post"}],"author":[{"embeddable":true,"href":"http:\/\/www.marciomeirelles.com.br\/site\/wp-json\/wp\/v2\/users\/1"}],"replies":[{"embeddable":true,"href":"http:\/\/www.marciomeirelles.com.br\/site\/wp-json\/wp\/v2\/comments?post=105"}],"version-history":[{"count":1,"href":"http:\/\/www.marciomeirelles.com.br\/site\/wp-json\/wp\/v2\/posts\/105\/revisions"}],"predecessor-version":[{"id":106,"href":"http:\/\/www.marciomeirelles.com.br\/site\/wp-json\/wp\/v2\/posts\/105\/revisions\/106"}],"wp:attachment":[{"href":"http:\/\/www.marciomeirelles.com.br\/site\/wp-json\/wp\/v2\/media?parent=105"}],"wp:term":[{"taxonomy":"category","embeddable":true,"href":"http:\/\/www.marciomeirelles.com.br\/site\/wp-json\/wp\/v2\/categories?post=105"},{"taxonomy":"post_tag","embeddable":true,"href":"http:\/\/www.marciomeirelles.com.br\/site\/wp-json\/wp\/v2\/tags?post=105"}],"curies":[{"name":"wp","href":"https:\/\/api.w.org\/{rel}","templated":true}]}}