{"id":109,"date":"2005-10-11T10:37:20","date_gmt":"2005-10-11T13:37:20","guid":{"rendered":"http:\/\/www.marciomeirelles.com.br\/site\/?p=109"},"modified":"2011-09-11T21:19:25","modified_gmt":"2011-09-12T00:19:25","slug":"le-bande-de-theatre-olodum-et-ses-precedents-culturels","status":"publish","type":"post","link":"http:\/\/www.marciomeirelles.com.br\/site\/2005\/10\/le-bande-de-theatre-olodum-et-ses-precedents-culturels\/","title":{"rendered":"Le Bande de Th\u00e9\u00e2tre Olodum et ses pr\u00e9c\u00e9dents culturels"},"content":{"rendered":"<p><strong>Le Bande de Th\u00e9\u00e2tre Olodum et ses pr\u00e9c\u00e9dents culturels<br \/>\n<\/strong>Catarina Sant&#8217;Anna<\/p>\n<p><a href=\"http:\/\/www.marciomeirelles.com.br\/site\/wp-content\/uploads\/2005\/10\/colloque-santanna-2005.pdf\" target=\"_blank\">Clique aqui para baixar aquivo em PDF<\/a><\/p>\n<p><em>Texto apresentado em palestra da professora da Escola de Teatro da UFBA, Catarina Sant&#8217;Anna, em Lyon, na Fran\u00e7a, em 2005.<\/em><\/p>\n","protected":false},"excerpt":{"rendered":"<p>Le Bande de Th\u00e9\u00e2tre Olodum et ses pr\u00e9c\u00e9dents culturels Catarina Sant&#8217;Anna Clique aqui para baixar aquivo em PDF Texto apresentado em palestra da professora da Escola de Teatro da UFBA, Catarina Sant&#8217;Anna, em Lyon, na Fran\u00e7a, em 2005.<\/p>\n","protected":false},"author":1,"featured_media":0,"comment_status":"open","ping_status":"open","sticky":false,"template":"","format":"standard","meta":[],"categories":[11],"tags":[],"_links":{"self":[{"href":"http:\/\/www.marciomeirelles.com.br\/site\/wp-json\/wp\/v2\/posts\/109"}],"collection":[{"href":"http:\/\/www.marciomeirelles.com.br\/site\/wp-json\/wp\/v2\/posts"}],"about":[{"href":"http:\/\/www.marciomeirelles.com.br\/site\/wp-json\/wp\/v2\/types\/post"}],"author":[{"embeddable":true,"href":"http:\/\/www.marciomeirelles.com.br\/site\/wp-json\/wp\/v2\/users\/1"}],"replies":[{"embeddable":true,"href":"http:\/\/www.marciomeirelles.com.br\/site\/wp-json\/wp\/v2\/comments?post=109"}],"version-history":[{"count":10,"href":"http:\/\/www.marciomeirelles.com.br\/site\/wp-json\/wp\/v2\/posts\/109\/revisions"}],"predecessor-version":[{"id":113,"href":"http:\/\/www.marciomeirelles.com.br\/site\/wp-json\/wp\/v2\/posts\/109\/revisions\/113"}],"wp:attachment":[{"href":"http:\/\/www.marciomeirelles.com.br\/site\/wp-json\/wp\/v2\/media?parent=109"}],"wp:term":[{"taxonomy":"category","embeddable":true,"href":"http:\/\/www.marciomeirelles.com.br\/site\/wp-json\/wp\/v2\/categories?post=109"},{"taxonomy":"post_tag","embeddable":true,"href":"http:\/\/www.marciomeirelles.com.br\/site\/wp-json\/wp\/v2\/tags?post=109"}],"curies":[{"name":"wp","href":"https:\/\/api.w.org\/{rel}","templated":true}]}}