{"id":1125,"date":"2011-11-08T09:30:08","date_gmt":"2011-11-08T12:30:08","guid":{"rendered":"http:\/\/www.marciomeirelles.com.br\/site\/?p=1125"},"modified":"2012-02-21T18:28:57","modified_gmt":"2012-02-21T21:28:57","slug":"artistas-falam-sobre-a-importancia-da-politica-de-editais","status":"publish","type":"post","link":"http:\/\/www.marciomeirelles.com.br\/site\/2011\/11\/artistas-falam-sobre-a-importancia-da-politica-de-editais\/","title":{"rendered":"ARTISTAS FALAM SOBRE A IMPORT\u00c2NCIA DA POL\u00cdTICA DE EDITAIS"},"content":{"rendered":"<p style=\"text-align: right;\" align=\"CENTER\"><em>Em 2010, na entrega do Pr\u00eamio Braskem de Teatro, v\u00e1rios artistas que ganharam trof\u00e9us em seus discursos falaram de patroc\u00ednio, mas nenhum deles reconheceu que seus espet\u00e1culos foram viabilizados em parte pelos editais ou que tinham algum apoio proveniente de programas da Secretaria de Cultura do Estado da Bahia. Isso refletiu, primeiro, a falta de no\u00e7\u00e3o de cidadania dos contemplados em n\u00e3o sinalizar que seus projetos contaram com dinheiro p\u00fablico, ou seja: que todas aquelas pessoas que estavam ali eram respons\u00e1veis em parte pela sua vit\u00f3ria; e depois, mostrou que o sil\u00eancio sobre as a\u00e7\u00f5es da Secretaria evitariam o constrangimento de reconhecer uma a\u00e7\u00e3o positiva de um gestor que estava sendo criticado e vaiado por seus pares. <\/em><\/p>\n<p style=\"text-align: right;\" align=\"CENTER\"><em>Na mesma cerim\u00f4nia, o BANDO DE TEATRO OLODUM, foi homenageado pelos seus 20 anos de exist\u00eancia, e seu criador, naquele momento Secret\u00e1rio de Cultura, subiu ao palco e cumprimentou a plat\u00e9ia em sil\u00eancio.<\/em><\/p>\n<p style=\"text-align: right;\" align=\"CENTER\"><em>Este texto a seguir foi uma sugest\u00e3o de pauta, enviada pela assessoria de comunica\u00e7\u00e3o da Secretaria de Cultura do Estado da Bahia em\u00a029 de setembro de 2010, sem grande repercuss\u00e3o na m\u00eddia:<\/em><\/p>\n<div id=\"attachment_1126\" style=\"width: 310px\" class=\"wp-caption aligncenter\"><a href=\"http:\/\/www.marciomeirelles.com.br\/site\/wp-content\/uploads\/2011\/11\/VilaVerao-CabareDaRRRRRaca-JoaoMiletMeirelles-23_02_2011-6629.jpg\"><img aria-describedby=\"caption-attachment-1126\" loading=\"lazy\" class=\"size-medium wp-image-1126  \" title=\"plat\u00e9ia\" src=\"http:\/\/www.marciomeirelles.com.br\/site\/wp-content\/uploads\/2011\/11\/VilaVerao-CabareDaRRRRRaca-JoaoMiletMeirelles-23_02_2011-6629-300x200.jpg\" alt=\"\" width=\"300\" height=\"200\" srcset=\"http:\/\/www.marciomeirelles.com.br\/site\/wp-content\/uploads\/2011\/11\/VilaVerao-CabareDaRRRRRaca-JoaoMiletMeirelles-23_02_2011-6629-300x200.jpg 300w, http:\/\/www.marciomeirelles.com.br\/site\/wp-content\/uploads\/2011\/11\/VilaVerao-CabareDaRRRRRaca-JoaoMiletMeirelles-23_02_2011-6629.jpg 1024w\" sizes=\"(max-width: 300px) 100vw, 300px\" \/><\/a><p id=\"caption-attachment-1126\" class=\"wp-caption-text\">plat\u00e9ia do bando de teatro olodum no teatro vila velha - foto: jo\u00e3o meirelles<\/p><\/div>\n<p align=\"JUSTIFY\">Desde o in\u00edcio das sele\u00e7\u00f5es p\u00fablicas, em 2007, o Governo do Estado da Bahia j\u00e1 lan\u00e7ou 94 editais de apoio \u00e0s linguagens art\u00edsticas, tendo recebido 5.018 inscri\u00e7\u00f5es de projetos de todo o estado e apoiado 1.163 iniciativas com aproximadamente R$ 70 milh\u00f5es comprometidos para o pagamento desses projetos.Artistas falam sobre import\u00e2ncia dos editais.<\/p>\n<p align=\"JUSTIFY\">Este ano, a 17\u00aa edi\u00e7\u00e3o do pr\u00eamio Braskem de Teatro entregou os trof\u00e9us de reconhecimento aos espet\u00e1culos e artistas que mais se destacaram nos palcos de Salvador em 2009. Os espet\u00e1culos que receberam apoio dos editais da Secretaria de Cultura estiveram em sete das oito categorias do Pr\u00eamio e arremataram cinco trof\u00e9us. \u201cUma Vez Nada Mais\u201d, uma rom\u00e2ntica hist\u00f3ria de amor contada do ponto de vista feminino, concorria ainda nas categorias \u201cDire\u00e7\u00e3o\u201d (Hebe Alves) e \u201cCategoria Especial\u201d (Brian Knave, pela trilha sonora), al\u00e9m de mais uma indica\u00e7\u00e3o \u00e0 \u201cMelhor Atriz\u201d (Maria Menezes). A pe\u00e7a disputou o trof\u00e9u de \u201cMelhor Espet\u00e1culo Adulto\u201d com outros quatro trabalhos \u2013 Shir\u00ea Ob\u00e1, Joana D\u2019Arc (estes dois tamb\u00e9m apoiados pelo Manoel Lopes Pontes), A \u00daltima Sess\u00e3o de Teatro (que contou com benef\u00edcios do projeto Mestres da Cena) e Caso S\u00e9rio.<\/p>\n<p align=\"JUSTIFY\">Fernanda Julia, diretora do espet\u00e1culo \u201cShir\u00ea Ob\u00e1\u201d \u00e9 um excelente exemplo da import\u00e2ncia de se investir em novos talentos. A jovem diretora vem da cidade de Alagoinhas, do interior da Bahia, onde foi formado seu grupo de teatro, a Cia. de Teatro Nata, que, com mais de 10 anos de exist\u00eancia, tem como eixo as quest\u00f5es hist\u00f3ricas, culturais e religiosas afro-brasileiras. Com a Companhia, Fernanda montou pe\u00e7as como Origem, Encanto e Beleza (2000) e Ax\u00e9! (2003).<\/p>\n<p align=\"JUSTIFY\">Contemplada pelo Edital Manoel Lopes Pontes \u2013 Apoio \u00e0 Montagem de Espet\u00e1culos de Teatro 2008, da FUNCEB\/SecultBA, Fernanda e seu grupo realizaram o espet\u00e1culo Shir\u00ea Ob\u00e1, inspirado na exalta\u00e7\u00e3o aos orix\u00e1s e nos rituais do Candombl\u00e9. A montagem rendeu a Fernanda Julia a indica\u00e7\u00e3o de \u201cRevela\u00e7\u00e3o\u201d, pela dire\u00e7\u00e3o, no Pr\u00eamio Braskem de Teatro deste ano. No mesmo Pr\u00eamio, Shir\u00ea Ob\u00e1 concorreu na categoria principal, \u201cMelhor Espet\u00e1culo Adulto\u201d, e levou o trof\u00e9u \u201cCategoria Especial\u201d (Jarbas Bittencourt, pela dire\u00e7\u00e3o musical). Al\u00e9m disso, a pe\u00e7a ganhou o primeiro Pr\u00eamio Nacional de Express\u00f5es Afrobrasileiras, da Funda\u00e7\u00e3o Palmares. \u201cO fato de o espet\u00e1culo Shire Ob\u00e1 ter sido contemplado em uma sele\u00e7\u00e3o p\u00fablica como o Edital Manoel Lopes Pontes, da FUNCEB\/SecultBA, mostra o ineditismo de um grupo de Alagoinhas ganhar o apoio do Estado\u201d, comemora a diretora.<\/p>\n<p align=\"JUSTIFY\">No curr\u00edculo, Fernanda tem tamb\u00e9m a experi\u00eancia de assistente de dire\u00e7\u00e3o do espet\u00e1culo Policarpo Quaresma, selecionado no Edital TCA.N\u00facleo, que se realizou como a 13\u00aa montagem do N\u00facleo de Teatro do Teatro Castro Alves, sob dire\u00e7\u00e3o de Luiz Marfuz. Agora, Fernanda Julia foi convidada pelo The Royal Court Theatre, de Londres, institui\u00e7\u00e3o que investe na descoberta de jovens dramaturgos, para participar de um curso de forma\u00e7\u00e3o. A SecultBA est\u00e1 apoiando esta viagem da diretora.<\/p>\n<p align=\"JUSTIFY\">\u201cA Secretaria conseguiu olhar para o interior, estimulando a produ\u00e7\u00e3o e qualifica\u00e7\u00e3o dos grupos que n\u00e3o est\u00e3o localizados apenas na capital. A legitimidade do processo e o acompanhamento da comiss\u00e3o de avalia\u00e7\u00e3o do edital demonstra qualidade, seriedade e comprometimento em englobar as produ\u00e7\u00f5es teatrais baianas e permite que o proponente se qualifique\u201d, completa Fernanda Julia.<\/p>\n<p align=\"JUSTIFY\"><strong>Manuten\u00e7\u00e3o de grupos<\/strong><\/p>\n<p align=\"JUSTIFY\">O Grupo Dimenti realiza uma pesquisa art\u00edstica e est\u00e9tica que articula diversas linguagens, principalmente dan\u00e7a e teatro. Formado em 1998, acumula um vasto curr\u00edculo de espet\u00e1culos e pr\u00eamios, sendo um dos mais expressivos grupos art\u00edsticos da Bahia.<\/p>\n<p align=\"JUSTIFY\">Em 2007\/2008, quando o Fundo de Cultura da Bahia \u2013 FCBA, vinculado \u00e0 SecultBA, convocou os artistas, atrav\u00e9s de chamada p\u00fablica, a apresentarem projetos de manuten\u00e7\u00e3o de grupos art\u00edsticos. O Dimenti foi um dos selecionados, com a proposta Dimenti 10 Anos, que se direcionava a a\u00e7\u00f5es continuadas de pesquisa art\u00edstica, documenta\u00e7\u00e3o videogr\u00e1fica e textual, produ\u00e7\u00e3o de novo espet\u00e1culo, reapresenta\u00e7\u00f5es, circula\u00e7\u00e3o, semin\u00e1rios e capacita\u00e7\u00e3o. \u201cAcredito que o apoio \u00e0 manuten\u00e7\u00e3o de grupo \u00e9 muito importante porque possibilita que os artistas sejam remunerados por tempo de pesquisa, estudos e ensaios, o que \u00e9 bastante dif\u00edcil quando falamos num edital de montagem, por exemplo, j\u00e1 que os custos para levantar um espet\u00e1culo j\u00e1 s\u00e3o bastante elevados. Nunca t\u00ednhamos recebido um apoio desta natureza, que \u00e9 para garantir uma boa condi\u00e7\u00e3o de trabalho para os integrantes do grupo e possibilitar o investimento em profissionaliza\u00e7\u00e3o\u201d, explica Ellen Melo, respons\u00e1vel pelo Grupo.<\/p>\n<p align=\"JUSTIFY\">Depois, com apoio do Edital Yanka Rudzka \u2013 Apoio \u00e0 Montagem de Espet\u00e1culos de Dan\u00e7a 2008, da FUNCEB\/SecultBA, montou a coreografia Um Dente Chamado Bico. \u201cEspecificamente para a produ\u00e7\u00e3o, \u00e9 tamb\u00e9m fundamental, pois, como costumo dizer, o trabalho n\u00e3o para: vai do planejamento \u00e0 p\u00f3s-produ\u00e7\u00e3o, passando por contabilidades mensais, atualiza\u00e7\u00e3o de sites, organiza\u00e7\u00e3o de arquivos, inscri\u00e7\u00e3o em festivais e por a\u00ed vai. Agora, ganhamos tamb\u00e9m o Edital de Manuten\u00e7\u00e3o da Petrobras 2009, que se estender\u00e1 durante dois anos. Isso \u00e9 um grande reconhecimento de nossas atividades continuadas\u201d, comemora Melo.<\/p>\n<p align=\"JUSTIFY\">Quem tamb\u00e9m reconhece a import\u00e2ncia da pol\u00edtica de editais \u00e9 o dan\u00e7arino Robson Correia. Formado em 2008 pela Escola de Dan\u00e7a da FUNCEB, o diretor, core\u00f3grafo e dan\u00e7arino tem no curr\u00edculo, como int\u00e9rprete e\/ou diretor, 15 espet\u00e1culos de dan\u00e7a, 13 de teatro e quatro de ambas as linguagens. Integrou algumas companhias de dan\u00e7a da Bahia e atualmente dirige seu pr\u00f3prio grupo: Cia. de Dan\u00e7a Robson Correia.<\/p>\n<p align=\"JUSTIFY\">Durante sua perman\u00eancia na Escola de Dan\u00e7a, buscou entender os mecanismos de apoio do Estado e p\u00f4s-se a investir em realiza\u00e7\u00f5es. Comprometido e engajado, Robson est\u00e1 conquistando espa\u00e7o e est\u00e1 envolvido em sete projetos vencedores de editais da FUNCEB\/SecultBA: Quarta que Dan\u00e7a 2007, com o espet\u00e1culo Triscou, Pegou!; A\u00e7\u00e3o Art\u00edstico-Educativa em Dan\u00e7a 2007, com o projeto Corpo em Movimento; Quintas do Teatro 2008, com os espet\u00e1culos Embuchou, Casou! e Retalhos Populares; Ocupa\u00e7\u00e3o de Espa\u00e7os Culturais 2008, mais uma vez com Triscou, Pegou!; Quarta que Dan\u00e7a 2009, com o espet\u00e1culo Nac-Horuc; e Ninho Reis \u2013 Apoio \u00e0 Circula\u00e7\u00e3o de Espet\u00e1culos de Dan\u00e7a 2009, outra vez com Triscou, Pegou!, levando o espet\u00e1culo para Irec\u00ea, Baixa Grande e Concei\u00e7\u00e3o do Jacu\u00edpe.<\/p>\n<p align=\"JUSTIFY\">Atrav\u00e9s de edi\u00e7\u00f5es do Calend\u00e1rio de Apoio a Projetos Culturais, da FUNCEB, Robson realizou o espet\u00e1culo Cirandarte, o projeto O Giro da Dan\u00e7a e a montagem de Triscou, Pegou! em pontos distintos de Salvador. J\u00e1 em 2010, com apoio do Fundo de Cultura da Bahia, est\u00e1 promovendo o Circuito da Dan\u00e7a.<\/p>\n<p align=\"JUSTIFY\">\u201cEu estudava na Escola de Dan\u00e7a e cursei, l\u00e1, uma disciplina chamada \u2018Elabora\u00e7\u00e3o de Projeto de Pesquisa\u2019. N\u00e3o era o foco desta disciplina a estrutura\u00e7\u00e3o de projetos de a\u00e7\u00e3o e execu\u00e7\u00e3o, tal como \u00e9 necess\u00e1rio para inscrever em editais, mas eu tinha aprendido a faz\u00ea-los, e aprendi que \u00e9 preciso sempre pensar em para quem voc\u00ea est\u00e1 levando o projeto\u201d, explica Robson.<\/p>\n<p align=\"JUSTIFY\">\u201cAcredito na pol\u00edtica de descentraliza\u00e7\u00e3o e diversidade que est\u00e1 sendo fomentada nesta gest\u00e3o, e minhas propostas se baseiam neste sentido. Os editais est\u00e3o permitindo que eu me desenvolva n\u00e3o s\u00f3 como artista, mas tamb\u00e9m enquanto gestor. Os editais est\u00e3o permitindo que artistas iniciantes possam viver de seu trabalho e se estabelecer. E eu analiso o princ\u00edpio de que n\u00e3o era assim. A distribui\u00e7\u00e3o do apoio do Estado era restrita e, agora, n\u00e3o s\u00f3 eu estou ganhando; muitos outros est\u00e3o \u2013 e eu estar ganhando j\u00e1 \u00e9 uma mudan\u00e7a clara. Existe uma quest\u00e3o assim: est\u00e1 bom? Ainda n\u00e3o. H\u00e1 burocracias minuciosas e muito detalhadas, dilig\u00eancias lentas, \u00e9 preciso aprimorar a agilidade. Mas o fomento do Estado em rela\u00e7\u00e3o \u00e0 cultura melhorou bastante e est\u00e1 caminhando certo\u201d, completa o dan\u00e7arino.<\/p>\n<p align=\"JUSTIFY\"><strong>Bandas de rock foram beneficiadas pelos editais<\/strong><\/p>\n<p align=\"JUSTIFY\">Formada em 1992, a banda de rock Cascadura tem uma s\u00f3lida carreira constru\u00edda no cen\u00e1rio independente nacional, sendo um dos mais importantes representantes da m\u00fasica contempor\u00e2nea da Bahia. Seu quarto e mais recente \u00e1lbum, Bogary, lan\u00e7ado em 2006, \u00e9 um dos mais celebrados discos do rock brasileiro desta d\u00e9cada.<\/p>\n<p align=\"JUSTIFY\">A partir do Bogary, a Cascadura produziu, com apoio do Edital de Produ\u00e7\u00e3o de Conte\u00fado Digital em M\u00fasica 2007, da FUNCEB\/SecultBA, o document\u00e1rio Efeito Bogary, cujo formato mistura m\u00fasicas executadas ao vivo em est\u00fadio com entrevistas e depoimentos, reunindo a banda e outras 20 personalidades da m\u00fasica e do jornalismo cultural, tais como Lob\u00e3o, Nando Reis, Pitty, Felipe Machado (editor de cultura do jornal O Estado de S\u00e3o Paulo) e Ricardo Cruz (editor-chefe da revista Rolling Stone Brasil). Com este conte\u00fado criado, j\u00e1 extrapolando e multiplicando o resultado obtido atrav\u00e9s do edital, o grupo editou e lan\u00e7ou, em 2009, o primeiro DVD comercial do rock independente da Bahia, tamb\u00e9m intitulado Efeito Bogary. \u201cAinda que n\u00e3o tenha sido a \u00fanica fonte para finalizar a produ\u00e7\u00e3o, esse edital nos trouxe a possibilidade de dar o &#8216;start&#8217; de uma iniciativa in\u00e9dita do rock independente local\u201d, explica F\u00e1bio Cascadura.<\/p>\n<p align=\"JUSTIFY\">Agora em 2010, em plena pesquisa para encontrar o conceito vi\u00e1vel que justaponha a personalidade art\u00edstica da banda e um discurso renovado, que pretende dialogar com as mais diversas esferas da cultura da cidade de Salvador, a Cascadura recebeu a feliz not\u00edcia da sele\u00e7\u00e3o do projeto de realiza\u00e7\u00e3o de seu quinto disco, j\u00e1 batizado de Aleluia, no Edital Apoio \u00e0 Produ\u00e7\u00e3o de Conte\u00fado em M\u00fasica 2009, da FUNCEB\/SecultBA. As grava\u00e7\u00f5es j\u00e1 foram iniciadas. \u201cEsse apoio vem para nos permitir uma melhor condi\u00e7\u00e3o na realiza\u00e7\u00e3o de um projeto mais ambicioso artisticamente. Pretendemos lan\u00e7ar m\u00e3o de novos arranjos, escritos por gente daqui, executados por gente daqui, gravado por gente daqui, mas tamb\u00e9m contaremos com a participa\u00e7\u00e3o de artistas convidados de outras cidades e estados. Receber o apoio desse edital tem sido fundamental para atingirmos os objetivos nesse novo trabalho que \u00e9 o Aleluia. Edital \u00e9 um mecanismo que procura ser transparente e avaliar propostas culturais democraticamente\u201d, completa F\u00e1bio.<\/p>\n<p align=\"JUSTIFY\">De Ilh\u00e9us, a banda OQuadro foi formada em 1996, tamb\u00e9m \u00e9 testemunha da efervesc\u00eancia cultura do estado. Representante do estilo Hip Hop, o grupo nasceu em uma escola p\u00fablica ilheense e apresenta, atualmente, shows com tr\u00eas MC\u2019s (mestres de cerim\u00f4nia), que executam suas rimas precisas e consistentes em conjunto com as batidas programadas, cita\u00e7\u00f5es de vinis e interfer\u00eancias de um DJ, tal como tradicionalmente se espera do estilo \u2013 mas sem deixar de inovar: porque trata-se de uma banda de fato, e seus tambores tamb\u00e9m s\u00e3o artesanais, e n\u00e3o apenas digitais, e suas bases s\u00e3o tocadas ao vivo. A obra art\u00edstica de OQuadro \u00e9 uma celebra\u00e7\u00e3o da identidade universal do negro, a partir do olhar de negros do interior baiano.<\/p>\n<p align=\"JUSTIFY\">OQuadro carrega o m\u00e9rito hist\u00f3rico de ter sido a primeira banda de Hip Hop a se apresentar no Teatro Castro Alves, na Sala do Coro, em agosto de 2008, atrav\u00e9s do projeto Segundas Musicais, realizado com artistas selecionados em edital da FUNCEB\/SecultBA. Tamb\u00e9m levaram o ritmo para o carnaval de Salvador, em 2009, no trio el\u00e9trico independente Bahia Sound System, oportunizado pela SecultBA. Consagrando seus m\u00e9ritos, o projeto O Quadro em 3 foi contemplado pelo Edital Vivaldo Ladislau \u2013 Apoio \u00e0 Circula\u00e7\u00e3o de M\u00fasica 2008, tamb\u00e9m da FUNCEB\/SecultBA.<\/p>\n<p align=\"JUSTIFY\">A proposta da banda OQuadro no Edital Vivaldo Ladislau era fazer um registro da cena de Hip Hop na Bahia. A banda \u00e9 formada desde 1996 e possivelmente \u00e9 a primeira banda do g\u00eanero na Bahia, no interior baiano. \u201cO edital nos ajudou a realizar atividades que fortalecessem a diversidade cultural do Hip Hop, com apresenta\u00e7\u00f5es no sert\u00e3o baiano (em Xique-xique, Feira de Santana) e em Salvador, com qualidade e boa estrutura\u201d, explica Edson Ramos, um dos membros da banda.<\/p>\n<p align=\"JUSTIFY\"><strong>Interc\u00e2mbio, educa\u00e7\u00e3o, literatura e patrim\u00f4nio<\/strong><\/p>\n<p align=\"JUSTIFY\">A criadora int\u00e9prete em dan\u00e7a contempor\u00e2nea e VJ, Ana Pi, foi selecionada no Pr\u00eamio de Resid\u00eancia Artistica 2009 da SecultBA e viajou para Fran\u00e7a, onde desenvolveu seu trabalho no Centre Chor\u00e9graphique National de Montpellier. \u201cA oportunidade de participar do programa de resid\u00eancia art\u00edstica da Secretaria de Cultura possibilitou o desenvolvimento do meu trabalho de um modo outro, experimentando culturas e compartilhando meus saberes\u201d, relata Pi. \u201cA dist\u00e2ncia me fez entender a import\u00e2ncia do di\u00e1logo\/interc\u00e2mbio, como tamb\u00e9m, a pot\u00eancia da nossa cultura por um novo ponto de vista. Esta experi\u00eancia al\u00e9m de ter me fortalecido profissionalmente me abre a possibilidade de difundir aqui, com os outros profissionais e sociedade em geral, o conhecimento constru\u00eddo durante este per\u00edodo de trabalho l\u00e1, ampliando e abrindo portas para nossa cultura e produ\u00e7\u00e3o em arte contempor\u00e2nea\u201d, completa a artista.<\/p>\n<p align=\"JUSTIFY\">O projeto CORPO NA EDUCA\u00c7\u00c3O trata de uma pesquisa do corpo e do movimento como ferramenta importante no processo pedag\u00f3gico e de reconhecimento do outro e das suas diferen\u00e7as no conv\u00edvio social. \u201cAgrade\u00e7o a Secretaria de Cultura, pois esta experi\u00eancia significou um real crescimento e amadurecimento de minha pesquisa profissional e que nunca teria conseguido se n\u00e3o fosse por meio de incentivo de algu\u00e9m que acredita tamb\u00e9m na import\u00e2ncia desta a\u00e7\u00e3o e da valoriza\u00e7\u00e3o da educa\u00e7\u00e3o no Brasil\u201d, conta a educadora Ana Luiza Reis.<\/p>\n<p align=\"JUSTIFY\">Sobre a pol\u00edtica de editais, Carlos Alberto Etchevarne, proponente do projeto &#8220;Programa de Educa\u00e7\u00e3o Patrimonial para a Preserva\u00e7\u00e3o e Gest\u00e3o de S\u00edtios de Arte Rupestre da Chapada Diamantina&#8221; diz que considera extremamente importante. \u201cOs \u00f3rg\u00e3os p\u00fablicos destinados a trabalhar com o patrim\u00f4nio devem incentivar o estudo, a an\u00e1lise e a pesquisa sobre seu patrim\u00f4nio, a fim de educar as pessoas e sensibiliza-las para a preserva\u00e7\u00e3o e a gest\u00e3o do mesmo\u201d, diz Etchevarne.<\/p>\n<p align=\"JUSTIFY\">Na \u00e1rea da literatura, os resultados tamb\u00e9m s\u00e3o vis\u00edveis. \u201cO edital para autores baianos \u00e9 excelente, porque \u00e9 muito dif\u00edcil lan\u00e7ar um livro de forma independente. Os editais trazem esta oportunidade para quem escreve, e principalmente para aqueles que ainda n\u00e3o t\u00eam espa\u00e7o nas grandes editoras. Hoje, \u00e9 a melhor maneira que o escritor tem para ver sua obra publicada. Deve continuar para proporcionar as pessoas que escrevem e gostam de literatura\u201d, elogia Cecy Ramos, ganhadora do Edital de Edi\u00e7\u00e3o de Livros de Autores Baianos, com a obra A Pen\u00ednsula de Itapagipe em Quadrinhos, que tem ilustra\u00e7\u00e3o de Antonio Cedraz, autor da Turma do Xaxado.<\/p>\n<p align=\"JUSTIFY\">\u201cA iniciativa dos editais para a cadeia do livro \u00e9 excelente. \u00c9 uma maneira de voc\u00ea ter acesso aos\u00a0recursos p\u00fablicos, e poder publicar seu trabalho, mas precisa aprofundar os mecanismos. Ainda\u00a0falta rapidez nos pagamentos\u201d, jornalista e poeta, K\u00e1tia Borges, ganhadora do Edital de Edi\u00e7\u00e3o de\u00a0Livros de Autores Baianos, com o livro TICKET ZEN.<\/p>\n<p align=\"JUSTIFY\">\u201cEstou felic\u00edssima com essa parceria com a Funda\u00e7\u00e3o Pedro Calmon que garantiu a inaugura\u00e7\u00e3o da biblioteca de Ia\u00e7u. Temos conseguido um n\u00famero significativo de leitores. Estamos desenvolvendo um projeto de cinema na biblioteca que \u00e9 o maior sucesso. Vamos \u00e0s unidades escolares e agendamos as turmas que movimentam este espa\u00e7o. A Biblioteca est\u00e1 com um n\u00famero de visita\u00e7\u00e3o bastante interessante que desfrutam deste importante espa\u00e7o de cultura e conhecimento\u201d, Roseli Louzada, secret\u00e1ria de Educa\u00e7\u00e3o do munic\u00edpio de Ia\u00e7u que foi contemplado com uma Biblioteca, implantada em junho de 2009, fruto do Programa Livro Aberto, do Minist\u00e9rio da Cultura.<\/p>\n<p align=\"JUSTIFY\">\u201cA cidade de Maca\u00fabas era uma antes, agora parece ser outra depois da biblioteca. At\u00e9 o estilo de\u00a0vida das pessoas parece ter mudado. Deu um novo brilho a cidade. As pessoas est\u00e3o freq\u00fcentando, e muito, a biblioteca. Tem sido de grande valor para todos que gostam da leitura. A biblioteca tem sido importante para todos os p\u00fablicos, dos estudantes da educa\u00e7\u00e3o infantil aos universit\u00e1rios\u201d, confirma Liane de Oliveira, secret\u00e1ria de Educa\u00e7\u00e3o do munic\u00edpio de Maca\u00fabas. A biblioteca foi implantada na cidade em setembro de 2009.<\/p>\n<p align=\"JUSTIFY\"><strong>Fomento e reformas<\/strong><\/p>\n<p align=\"JUSTIFY\">Atualmente a Secretaria de Cultura disp\u00f5e de diversas formas de apoio a projetos, reembols\u00e1veis e n\u00e3o reembols\u00e1veis: o Fundo de Cultura da Bahia (demanda espont\u00e2nea, chamadas p\u00fablicas e editais), Fazcultura (ren\u00fancia fiscal), Credibahia Cultural (Microcr\u00e9dito), Credif\u00e1cil Cultura (Linhas de Cr\u00e9dito Fixo e Giro), Calend\u00e1rio de Apoios, al\u00e9m de programas espec\u00edficos como o Carnaval Ouro Negro, Carnaval Pipoca, Apoio \u00e0s Institui\u00e7\u00f5es Culturais, Apoio \u00e0s Filarm\u00f4nicas e Apoio Cultural do Irdeb.<\/p>\n<p align=\"JUSTIFY\">Para o secret\u00e1rio M\u00e1rcio Meirelles, os quatro anos de gest\u00e3o foram estruturantes e \u00e9 preciso avan\u00e7ar mais. \u201cAumentamos os investimentos, distribu\u00edmos recursos em todo o estado, criamos mecanismos claros e democr\u00e1ticos de acesso \u00e0s verbas p\u00fablicas. Investimos na capacita\u00e7\u00e3o de produtores e gra\u00e7as a isso a Bahia tem conseguido se inscrever tamb\u00e9m em programas federais\u201d, comemora Meirelles. \u201cAo mesmo tempo, realizamos as confer\u00eancias, debates, semin\u00e1rios e temos uma radiografia do estado da Bahia com indica\u00e7\u00f5es dos pr\u00f3ximos passos para que a Cultura venha a ter um papel ainda mais importante. Isso envolve uma ampla reforma administrativa e a aprova\u00e7\u00e3o de leis fundamentais na Assembl\u00e9ia\u201c, encerra Meirelles.<\/p>\n","protected":false},"excerpt":{"rendered":"<p>Em 2010, na entrega do Pr\u00eamio Braskem de Teatro, v\u00e1rios artistas que ganharam trof\u00e9us em seus discursos falaram de patroc\u00ednio, mas nenhum deles reconheceu que seus espet\u00e1culos foram viabilizados em parte pelos editais ou que tinham algum apoio proveniente de programas da Secretaria de Cultura do Estado da Bahia. Isso<\/p>\n","protected":false},"author":1,"featured_media":1126,"comment_status":"open","ping_status":"open","sticky":false,"template":"","format":"standard","meta":[],"categories":[4,6],"tags":[72,22,12,25,73,110,108,82,74,20,109,84,106,76,107,64],"_links":{"self":[{"href":"http:\/\/www.marciomeirelles.com.br\/site\/wp-json\/wp\/v2\/posts\/1125"}],"collection":[{"href":"http:\/\/www.marciomeirelles.com.br\/site\/wp-json\/wp\/v2\/posts"}],"about":[{"href":"http:\/\/www.marciomeirelles.com.br\/site\/wp-json\/wp\/v2\/types\/post"}],"author":[{"embeddable":true,"href":"http:\/\/www.marciomeirelles.com.br\/site\/wp-json\/wp\/v2\/users\/1"}],"replies":[{"embeddable":true,"href":"http:\/\/www.marciomeirelles.com.br\/site\/wp-json\/wp\/v2\/comments?post=1125"}],"version-history":[{"count":10,"href":"http:\/\/www.marciomeirelles.com.br\/site\/wp-json\/wp\/v2\/posts\/1125\/revisions"}],"predecessor-version":[{"id":1128,"href":"http:\/\/www.marciomeirelles.com.br\/site\/wp-json\/wp\/v2\/posts\/1125\/revisions\/1128"}],"wp:featuredmedia":[{"embeddable":true,"href":"http:\/\/www.marciomeirelles.com.br\/site\/wp-json\/wp\/v2\/media\/1126"}],"wp:attachment":[{"href":"http:\/\/www.marciomeirelles.com.br\/site\/wp-json\/wp\/v2\/media?parent=1125"}],"wp:term":[{"taxonomy":"category","embeddable":true,"href":"http:\/\/www.marciomeirelles.com.br\/site\/wp-json\/wp\/v2\/categories?post=1125"},{"taxonomy":"post_tag","embeddable":true,"href":"http:\/\/www.marciomeirelles.com.br\/site\/wp-json\/wp\/v2\/tags?post=1125"}],"curies":[{"name":"wp","href":"https:\/\/api.w.org\/{rel}","templated":true}]}}