{"id":126,"date":"2002-09-11T12:32:14","date_gmt":"2002-09-11T15:32:14","guid":{"rendered":"http:\/\/www.marciomeirelles.com.br\/site\/?p=126"},"modified":"2011-09-11T21:10:23","modified_gmt":"2011-09-12T00:10:23","slug":"poder-e-cultura-as-lutas-de-resistencia-critica-atraves-de-duas-experiencias-teatrais","status":"publish","type":"post","link":"http:\/\/www.marciomeirelles.com.br\/site\/2002\/09\/poder-e-cultura-as-lutas-de-resistencia-critica-atraves-de-duas-experiencias-teatrais\/","title":{"rendered":"Poder e cultura: As lutas de resist\u00eancia cr\u00edtica atrav\u00e9s de duas experi\u00eancias teatrais"},"content":{"rendered":"<p><strong>Poder e cultura: As lutas de resist\u00eancia cr\u00edtica atrav\u00e9s de duas experi\u00eancias teatrais<\/strong><br \/>\nCatarina Sant\u2019Anna, Universidade Federal da Bahia (catana@terra.com.br)<\/p>\n<p><a href=\"http:\/\/www.marciomeirelles.com.br\/site\/wp-content\/uploads\/2002\/09\/poder-cultura-revista.pdf\" target=\"_blank\">Para baixar o arquivo PDF<\/a><\/p>\n<p><strong>Refer\u00eancia<br \/>\n<\/strong><em>Sant\u2019Anna, Catarina (2002) \u201cPoder e cultura: As lutas de resist\u00eancia cr\u00edtica atrav\u00e9s de duas experi\u00eancias teatrais\u201d. En: Daniel Mato (coord.) Estudios y otras pr\u00e1cticas intelectuales latinoamericanas en Cultura y Poder. Caracas: Consejo Latinoamericano de Ciencias Sociales (CLACSO) y CEAP, FACES, Universidad Central de Venezuela. pp: 265-276.<\/em><\/p>\n","protected":false},"excerpt":{"rendered":"<p>Poder e cultura: As lutas de resist\u00eancia cr\u00edtica atrav\u00e9s de duas experi\u00eancias teatrais Catarina Sant\u2019Anna, Universidade Federal da Bahia (catana@terra.com.br) Para baixar o arquivo PDF Refer\u00eancia Sant\u2019Anna, Catarina (2002) \u201cPoder e cultura: As lutas de resist\u00eancia cr\u00edtica atrav\u00e9s de duas experi\u00eancias teatrais\u201d. En: Daniel Mato (coord.) Estudios y otras pr\u00e1cticas<\/p>\n","protected":false},"author":1,"featured_media":0,"comment_status":"open","ping_status":"open","sticky":false,"template":"","format":"standard","meta":[],"categories":[11],"tags":[],"_links":{"self":[{"href":"http:\/\/www.marciomeirelles.com.br\/site\/wp-json\/wp\/v2\/posts\/126"}],"collection":[{"href":"http:\/\/www.marciomeirelles.com.br\/site\/wp-json\/wp\/v2\/posts"}],"about":[{"href":"http:\/\/www.marciomeirelles.com.br\/site\/wp-json\/wp\/v2\/types\/post"}],"author":[{"embeddable":true,"href":"http:\/\/www.marciomeirelles.com.br\/site\/wp-json\/wp\/v2\/users\/1"}],"replies":[{"embeddable":true,"href":"http:\/\/www.marciomeirelles.com.br\/site\/wp-json\/wp\/v2\/comments?post=126"}],"version-history":[{"count":6,"href":"http:\/\/www.marciomeirelles.com.br\/site\/wp-json\/wp\/v2\/posts\/126\/revisions"}],"predecessor-version":[{"id":138,"href":"http:\/\/www.marciomeirelles.com.br\/site\/wp-json\/wp\/v2\/posts\/126\/revisions\/138"}],"wp:attachment":[{"href":"http:\/\/www.marciomeirelles.com.br\/site\/wp-json\/wp\/v2\/media?parent=126"}],"wp:term":[{"taxonomy":"category","embeddable":true,"href":"http:\/\/www.marciomeirelles.com.br\/site\/wp-json\/wp\/v2\/categories?post=126"},{"taxonomy":"post_tag","embeddable":true,"href":"http:\/\/www.marciomeirelles.com.br\/site\/wp-json\/wp\/v2\/tags?post=126"}],"curies":[{"name":"wp","href":"https:\/\/api.w.org\/{rel}","templated":true}]}}