{"id":139,"date":"2004-10-11T21:10:41","date_gmt":"2004-10-12T00:10:41","guid":{"rendered":"http:\/\/www.marciomeirelles.com.br\/site\/?p=139"},"modified":"2011-09-11T21:15:05","modified_gmt":"2011-09-12T00:15:05","slug":"negritude-e-comicidade-no-teatro-popular","status":"publish","type":"post","link":"http:\/\/www.marciomeirelles.com.br\/site\/2004\/10\/negritude-e-comicidade-no-teatro-popular\/","title":{"rendered":"Negritude e comicidade no teatro popular"},"content":{"rendered":"<p><strong>Negritude e comicidade no teatro popular: as estrat\u00e9gias do Bando de Teatro Olodum na Montagem Essa \u00e9 Nossa Praia<\/strong><br \/>\nAndr\u00e9 Lu\u00eds de Oliveira Santana, Universidade Federal da Bahia (alosah@uol.com.br)<\/p>\n<p><a href=\"http:\/\/www.marciomeirelles.com.br\/site\/wp-content\/uploads\/2011\/09\/negritude-enecult.pdf\" target=\"_blank\">Para baixar o arquivo PDF<\/a><\/p>\n<p><strong>Refer\u00eancia<br \/>\n<\/strong><em>SANTANA, Andr\u00e9 Lu\u00eds de Oliveira. Negritude e comicidade no teatro popular: as estrat\u00e9gias do Bando de Teatro Olodum na Montagem Essa \u00e9 Nossa Praia. In: ENECULT, 1., 2004. Salvador. Anais&#8230; Salvador: Universidade Federal da Bahia, 2004.<\/em><\/p>\n","protected":false},"excerpt":{"rendered":"<p>Negritude e comicidade no teatro popular: as estrat\u00e9gias do Bando de Teatro Olodum na Montagem Essa \u00e9 Nossa Praia Andr\u00e9 Lu\u00eds de Oliveira Santana, Universidade Federal da Bahia (alosah@uol.com.br) Para baixar o arquivo PDF Refer\u00eancia SANTANA, Andr\u00e9 Lu\u00eds de Oliveira. Negritude e comicidade no teatro popular: as estrat\u00e9gias do Bando<\/p>\n","protected":false},"author":1,"featured_media":0,"comment_status":"open","ping_status":"open","sticky":false,"template":"","format":"standard","meta":[],"categories":[11],"tags":[],"_links":{"self":[{"href":"http:\/\/www.marciomeirelles.com.br\/site\/wp-json\/wp\/v2\/posts\/139"}],"collection":[{"href":"http:\/\/www.marciomeirelles.com.br\/site\/wp-json\/wp\/v2\/posts"}],"about":[{"href":"http:\/\/www.marciomeirelles.com.br\/site\/wp-json\/wp\/v2\/types\/post"}],"author":[{"embeddable":true,"href":"http:\/\/www.marciomeirelles.com.br\/site\/wp-json\/wp\/v2\/users\/1"}],"replies":[{"embeddable":true,"href":"http:\/\/www.marciomeirelles.com.br\/site\/wp-json\/wp\/v2\/comments?post=139"}],"version-history":[{"count":1,"href":"http:\/\/www.marciomeirelles.com.br\/site\/wp-json\/wp\/v2\/posts\/139\/revisions"}],"predecessor-version":[{"id":141,"href":"http:\/\/www.marciomeirelles.com.br\/site\/wp-json\/wp\/v2\/posts\/139\/revisions\/141"}],"wp:attachment":[{"href":"http:\/\/www.marciomeirelles.com.br\/site\/wp-json\/wp\/v2\/media?parent=139"}],"wp:term":[{"taxonomy":"category","embeddable":true,"href":"http:\/\/www.marciomeirelles.com.br\/site\/wp-json\/wp\/v2\/categories?post=139"},{"taxonomy":"post_tag","embeddable":true,"href":"http:\/\/www.marciomeirelles.com.br\/site\/wp-json\/wp\/v2\/tags?post=139"}],"curies":[{"name":"wp","href":"https:\/\/api.w.org\/{rel}","templated":true}]}}