{"id":1413,"date":"2012-01-21T10:42:29","date_gmt":"2012-01-21T13:42:29","guid":{"rendered":"http:\/\/www.marciomeirelles.com.br\/site\/?p=1413"},"modified":"2012-01-21T10:46:04","modified_gmt":"2012-01-21T13:46:04","slug":"desocupa-salvador","status":"publish","type":"post","link":"http:\/\/www.marciomeirelles.com.br\/site\/2012\/01\/desocupa-salvador\/","title":{"rendered":"DESOCUPA SALVADOR"},"content":{"rendered":"<div id=\"attachment_1414\" style=\"width: 310px\" class=\"wp-caption aligncenter\"><a href=\"http:\/\/www.marciomeirelles.com.br\/site\/wp-content\/uploads\/2012\/01\/DESOCUPA-RENATO-JORGE-PINTO.jpg\"><img aria-describedby=\"caption-attachment-1414\" loading=\"lazy\" class=\"size-medium wp-image-1414\" title=\"DESOCUPA - foto: RENATO JORGE PINTO\" src=\"http:\/\/www.marciomeirelles.com.br\/site\/wp-content\/uploads\/2012\/01\/DESOCUPA-RENATO-JORGE-PINTO-300x200.jpg\" alt=\"DESOCUPA - foto: RENATO JORGE PINTO\" width=\"300\" height=\"200\" srcset=\"http:\/\/www.marciomeirelles.com.br\/site\/wp-content\/uploads\/2012\/01\/DESOCUPA-RENATO-JORGE-PINTO-300x200.jpg 300w, http:\/\/www.marciomeirelles.com.br\/site\/wp-content\/uploads\/2012\/01\/DESOCUPA-RENATO-JORGE-PINTO.jpg 960w\" sizes=\"(max-width: 300px) 100vw, 300px\" \/><\/a><p id=\"caption-attachment-1414\" class=\"wp-caption-text\">DESOCUPA - foto: CARLOS AM\u00c9RICO BARROS<\/p><\/div>\n<p>no dia 20 de janeiro de 2012, o espet\u00e1culo CABAR\u00c9 DA RRRRRA\u00c7A, do BANDO DE TEATRO OLODUM, foi interrompido e a atriz elane nascimento leu um manifesto do grupo em apoio ao movimento DESOCUPA SALVADOR e em solidariedade ao minist\u00e9rio p\u00fablico.<\/p>\n<p><iframe loading=\"lazy\" title=\"CABAR&amp;Eacute; DA RRRRRA&amp;Ccedil;A - apoio ao DESOCUPA\" src=\"https:\/\/player.vimeo.com\/video\/35420245?h=7a9e7cd9e0&amp;dnt=1&amp;app_id=122963\" width=\"500\" height=\"331\" frameborder=\"0\" allow=\"autoplay; fullscreen; picture-in-picture\" allowfullscreen><\/iframe><\/p>\n<p>o texto lido:<\/p>\n<p>SENHORAS E SENHORES, H\u00c1 QUASE 15 ANOS CABAR\u00c9 DA RRRRRA\u00c7A \u00c9 INTERROMPIDO NESTE MOMENTO, PELO PERSONAGEM WENSLEY PARA UM PROTESTO CONTRA A EXPLORA\u00c7\u00c3O DO CORPO NEGRO PRA FINS COMERCIAIS. HOJE INTERROMPEMOS PRA DIZER QUE A MESMA COISA EST\u00c1 ACONTECENDO COM SALVADOR. NOSSA CIDADE EST\u00c1 SENDO USADA E DESFIGURADA PRA FINS UNICAMENTE COMERCIAIS. SALVADOR EST\u00c1 VENDIDA. PRECISAMOS RETOMAR NOSSA CIDADE. POR ISSO INTERROMPEMOS NOSSO ESPET\u00c1CULO PARA DIZER QUE FAZEMOS PARTE DO MOVIMENTO DESOCUPA! E PEDIMOS O APOIO DE TODOS AO MOVIMENTO E AO MINIST\u00c9RIO P\u00daBLICO NOS PROCESSOS CONTRA O PREFEITO DE SALVADOR. PORQUE SABEMOS QUE AS PRESS\u00d5ES DEVEM SER MUITAS. AFINAL, O PREFEITO \u00c9 S\u00d3 UM BONECO JO\u00c3O TEIMOSO QUE APANHA E VOLTA. QUEM MANT\u00c9M O BONECO EM P\u00c9 S\u00c3O INTERESSES ECON\u00d4MICOS DE MUITOS MILH\u00d5ES. S\u00c3O INTERESSES POL\u00cdTICOS. S\u00c3O INTERESSES PREDAT\u00d3RIOS QUE N\u00c3O V\u00c3O BENEFICIAR OS CIDAD\u00c3OS. E PRECISAMOS ESTAR ATENTOS PORQUE PODEMOS BATER NO BONECO, ELE CAIR E VOLTAR COM OUTRA CARA PARA UM OUTRO MANDATO. PRECISAMOS ENTENDER O QUE MANT\u00c9M O BONECO EM P\u00c9.<\/p>\n<p>convocamos todos os grupos, artistas, companhias, produ\u00e7\u00f5es, teatros a usarem suas obras para divulgar o movimento e o q est\u00e1 acontecendo em salvador. as conseq\u00fc\u00eancias, o impacto ambiental e o volume de recursos que est\u00e1 em jogo s\u00e3o muito grandes<\/p>\n","protected":false},"excerpt":{"rendered":"<p>no dia 20 de janeiro de 2012, o espet\u00e1culo CABAR\u00c9 DA RRRRRA\u00c7A, do BANDO DE TEATRO OLODUM, foi interrompido e a atriz elane nascimento leu um manifesto do grupo em apoio ao movimento DESOCUPA SALVADOR e em solidariedade ao minist\u00e9rio p\u00fablico. o texto lido: SENHORAS E SENHORES, H\u00c1 QUASE 15<\/p>\n","protected":false},"author":1,"featured_media":1414,"comment_status":"open","ping_status":"open","sticky":false,"template":"","format":"standard","meta":[],"categories":[11,4],"tags":[150,12,25,149,151,109,152,32,19,13,148],"_links":{"self":[{"href":"http:\/\/www.marciomeirelles.com.br\/site\/wp-json\/wp\/v2\/posts\/1413"}],"collection":[{"href":"http:\/\/www.marciomeirelles.com.br\/site\/wp-json\/wp\/v2\/posts"}],"about":[{"href":"http:\/\/www.marciomeirelles.com.br\/site\/wp-json\/wp\/v2\/types\/post"}],"author":[{"embeddable":true,"href":"http:\/\/www.marciomeirelles.com.br\/site\/wp-json\/wp\/v2\/users\/1"}],"replies":[{"embeddable":true,"href":"http:\/\/www.marciomeirelles.com.br\/site\/wp-json\/wp\/v2\/comments?post=1413"}],"version-history":[{"count":3,"href":"http:\/\/www.marciomeirelles.com.br\/site\/wp-json\/wp\/v2\/posts\/1413\/revisions"}],"predecessor-version":[{"id":1416,"href":"http:\/\/www.marciomeirelles.com.br\/site\/wp-json\/wp\/v2\/posts\/1413\/revisions\/1416"}],"wp:featuredmedia":[{"embeddable":true,"href":"http:\/\/www.marciomeirelles.com.br\/site\/wp-json\/wp\/v2\/media\/1414"}],"wp:attachment":[{"href":"http:\/\/www.marciomeirelles.com.br\/site\/wp-json\/wp\/v2\/media?parent=1413"}],"wp:term":[{"taxonomy":"category","embeddable":true,"href":"http:\/\/www.marciomeirelles.com.br\/site\/wp-json\/wp\/v2\/categories?post=1413"},{"taxonomy":"post_tag","embeddable":true,"href":"http:\/\/www.marciomeirelles.com.br\/site\/wp-json\/wp\/v2\/tags?post=1413"}],"curies":[{"name":"wp","href":"https:\/\/api.w.org\/{rel}","templated":true}]}}