{"id":1506,"date":"2012-02-22T07:48:28","date_gmt":"2012-02-22T10:48:28","guid":{"rendered":"http:\/\/www.marciomeirelles.com.br\/site\/?p=1506"},"modified":"2014-03-29T16:21:29","modified_gmt":"2014-03-29T19:21:29","slug":"ensaio-geral","status":"publish","type":"post","link":"http:\/\/www.marciomeirelles.com.br\/site\/2012\/02\/ensaio-geral\/","title":{"rendered":"ENSAIO GERAL"},"content":{"rendered":"<p style=\"text-align: right;\"><em>texto de Paulo Alves para o programa de <\/em><strong>Medeamaterial &#8211;<\/strong><em>\u00a0encena\u00e7\u00e3o de Marcio Meirelles &#8211; texto de Heiner M\u00fcller, em 1993.<\/em><\/p>\n<div id=\"attachment_2075\" style=\"width: 624px\" class=\"wp-caption aligncenter\"><a href=\"http:\/\/www.marciomeirelles.com.br\/site\/wp-content\/uploads\/2012\/02\/foto_20.jpg\"><img aria-describedby=\"caption-attachment-2075\" loading=\"lazy\" class=\" wp-image-2075 \" title=\"rejane maia - foto: rejane carneiro \" src=\"http:\/\/www.marciomeirelles.com.br\/site\/wp-content\/uploads\/2012\/02\/foto_20-1024x681.jpg\" alt=\"\" width=\"614\" height=\"409\" srcset=\"http:\/\/www.marciomeirelles.com.br\/site\/wp-content\/uploads\/2012\/02\/foto_20-1024x681.jpg 1024w, http:\/\/www.marciomeirelles.com.br\/site\/wp-content\/uploads\/2012\/02\/foto_20-300x199.jpg 300w\" sizes=\"(max-width: 614px) 100vw, 614px\" \/><\/a><p id=\"caption-attachment-2075\" class=\"wp-caption-text\">rejane maia - foto: rejane carneiro<\/p><\/div>\n<p align=\"CENTER\"><span style=\"font-family: Arial, serif;\"><em>A plat\u00e9ia ouve \u00e0s vezes sem saber <\/em><\/span><\/p>\n<p align=\"CENTER\"><span style=\"font-family: Arial, serif;\"><em>que a cena n\u00e3o \u00e9 feita s\u00f3 do que se emite do palco. <\/em><\/span><\/p>\n<p align=\"CENTER\"><span style=\"font-family: Arial, serif;\"><em>O palco \u00e9 grande recept\u00e1culo. <\/em><\/span><\/p>\n<p align=\"CENTER\"><span style=\"font-family: Arial, serif;\"><em>Antes e depois. <\/em><\/span><\/p>\n<p align=\"CENTER\"><span style=\"font-family: Arial, serif;\"><em>N\u00e3o tem fim. <\/em><\/span><\/p>\n<p align=\"CENTER\"><span style=\"font-family: Arial, serif;\"><em>Eur\u00edpedes captou lendas e lendas <\/em><\/span><\/p>\n<p align=\"CENTER\"><span style=\"font-family: Arial, serif;\"><em>antes de legendar Med\u00e9ia. <\/em><\/span><\/p>\n<p align=\"CENTER\"><span style=\"font-family: Arial, serif;\"><em>Medeamaterial veio \u00e0 luz ap\u00f3s um grande ensaio geral \u2013 17 meses de gesta\u00e7\u00e3o, durante os quais se comp\u00f4s do muito que vimos e ouvimos dizer. <\/em><\/span><\/p>\n<p align=\"CENTER\"><span style=\"font-family: Arial, serif;\"><em>E do que n\u00e3o vimos ou ouvimos. <\/em><\/span><\/p>\n<p align=\"CENTER\"><span style=\"font-family: Arial, serif;\"><em>Quem sabe possa algu\u00e9m dizer, lembrando o Rosa, que o espet\u00e1culo valeu pelo muito <\/em><\/span><\/p>\n<p align=\"CENTER\"><span style=\"font-family: Arial, serif;\"><em>que deveu nele n\u00e3o caber.<\/em><\/span><\/p>\n<p align=\"JUSTIFY\"><span style=\"font-family: Arial, serif;\"><em>Do \u00e2ngulo do diretor v\u00ea-se pela janela, agora iluminada, a igreja do Ros\u00e1rio dos Pretos. Os sons que chegam da agitada night do Pel\u00f4-Maciel-Terreiro n\u00e3o chegam a quebrar a concentra\u00e7\u00e3o da meia centena de pessoas reunidas em uma ampla sala da antiga Faculdade de Medicina. <\/em><\/span><\/p>\n<p align=\"JUSTIFY\"><span style=\"font-family: Arial, serif;\">JAS\u00c3O<\/span><\/p>\n<p align=\"JUSTIFY\"><span style=\"font-family: Arial, serif;\">&#8230; O teatro da minha morte estreou quando eu estava entre as montanhas, no meio dos companheiros mortos, sobre a pedra, e, acima de mim, surgiu o esperado avi\u00e3o. <\/span><\/p>\n<p align=\"JUSTIFY\">\u00a0<em style=\"font-family: Arial, serif;\">Goebbels levanta o dedo. O tecladista pressiona o teclado. Maba\u00e7o levanta o dedo. Piau e Bui\u00fa entram em a\u00e7\u00e3o. Os tambores dobram vigorosos.<\/em><\/p>\n<p align=\"JUSTIFY\"><span style=\"font-family: Arial, serif;\">GOEBBELS <\/span><\/p>\n<p align=\"JUSTIFY\"><span style=\"font-family: Arial, serif;\">N\u00e3o tentamos misturar m\u00fasica eletr\u00f4nica e Olodum. No espet\u00e1culo, as duas coexistem, somando-se. <\/span><\/p>\n<p align=\"JUSTIFY\"><span style=\"font-family: Arial, serif;\">JAS\u00c3O <\/span><\/p>\n<p align=\"JUSTIFY\"><span style=\"font-family: Arial, serif;\">O resto \u00e9 l\u00edrica. <\/span><\/p>\n<p align=\"JUSTIFY\"><span style=\"font-family: Arial, serif;\">FERNANDO PEIXOTO <\/span><\/p>\n<p align=\"JUSTIFY\"><span style=\"font-family: Arial, serif;\">Resta a M\u00fcller o espa\u00e7o para a constru\u00e7\u00e3o revolucion\u00e1ria de um teatro novo: seus textos s\u00e3o fragmentos, cenas estra\u00e7alhadas, di\u00e1logos ou mon\u00f3logos deliberadamente derris\u00f3rios e consistem em est\u00edmulos para a cria\u00e7\u00e3o inventiva de uma nova realidade c\u00eanica, a \u00fanica capaz de traduzir, atrav\u00e9s da transgress\u00e3o, a complexidade da exist\u00eancia &#8230; <\/span><\/p>\n<p align=\"JUSTIFY\"><span style=\"font-family: Arial, serif;\">MED\u00c9IA <\/span><\/p>\n<p align=\"JUSTIFY\"><span style=\"font-family: Arial, serif;\">Ama! Conheces este homem? <\/span><\/p>\n<p align=\"JUSTIFY\"><span style=\"font-family: Arial, serif;\">GOEBBELS <\/span><\/p>\n<p align=\"JUSTIFY\"><span style=\"font-family: Arial, serif;\">Existe uma enorme diferen\u00e7a entre arte e vida, e n\u00f3s temos que debater, no palco, muito do que n\u00e3o podemos debater em outro lugar. <\/span><\/p>\n<p align=\"JUSTIFY\"><span style=\"font-family: Arial, serif;\">PLAT\u00c9IA <\/span><\/p>\n<p align=\"JUSTIFY\"><span style=\"font-family: Arial, serif;\">O baiano M\u00e1rcio reviu no Rio Med\u00e9ia grega reviva por Heiner da Alemanha em ingl\u00eas mas ouviu em yorub\u00e1. <\/span><\/p>\n<p align=\"JUSTIFY\"><span style=\"font-family: Arial, serif;\">JASAO <\/span><\/p>\n<p align=\"JUSTIFY\"><span style=\"font-family: Arial, serif;\">Devo falar de mim? Eu quem? <\/span><\/p>\n<p align=\"JUSTIFY\"><span style=\"font-family: Arial, serif;\">ANT\u00d4NIO RIS\u00c9RIO <\/span><\/p>\n<p align=\"JUSTIFY\"><span style=\"font-family: Arial, serif;\">A mitologia iorub\u00e1 com sua densidade sens\u00edvel e seus v\u00ednculos terrestres, est\u00e1 bem perto da que se gerou na Gr\u00e9cia e bem longe da que aflorou na \u00cdndia. Os deuses gregos n\u00e3o se afastam do corp\u00f3reo nem do com\u00e9rcio com os mortais. Tamb\u00e9m os athanatoi africanos est\u00e3o sujeitos ao desejo, \u00e0 c\u00f3lera, \u00e0 inveja, ao ci\u00fame. <\/span><\/p>\n<p align=\"JUSTIFY\"><span style=\"font-family: Arial, serif;\">A religi\u00e3o africana \u00e9, regra geral, religi\u00e3o do &#8220;entusiasmo&#8221;, no sentido original de enthusiasm\u00f3s, ter o deus dentro de si. <\/span><\/p>\n<p align=\"JUSTIFY\"><span style=\"font-family: Arial, serif;\">E o imagin\u00e1rio africano fez a travessia atl\u00e2ntica. <\/span><\/p>\n<p align=\"JUSTIFY\"><span style=\"font-family: Arial, serif;\">Somos filhos de representa\u00e7\u00f5es mitopo\u00e9ticas que cultivam o contraste e a complexidade. Como abrir m\u00e3o dessa riqueza? De modo algum. Como disse um dramaturgo grego, h\u00e1 uma guerra civil em cada cora\u00e7\u00e3o humano. \u00c9 dessa guerra que extra\u00edmos nossa mis\u00e9ria e nossa grandeza. O resto \u00e9 barro sem esperan\u00e7a de escultura. <\/span><\/p>\n<p align=\"JUSTIFY\"><span style=\"font-family: Arial, serif;\">CORO (canta) <\/span><\/p>\n<p align=\"JUSTIFY\"><span style=\"font-family: Arial, serif;\">Devo falar de mim <\/span><\/p>\n<p align=\"JUSTIFY\"><span style=\"font-family: Arial, serif;\">Eu quem <\/span><\/p>\n<p align=\"JUSTIFY\"><span style=\"font-family: Arial, serif;\">FERNANDO PEIXOTO <\/span><\/p>\n<p align=\"JUSTIFY\"><span style=\"font-family: Arial, serif;\">&#8230; M\u00fcller devora o pr\u00f3prio teatro, instaurando um novo processo art\u00edstico assustador e imprevis\u00edvel. <\/span><\/p>\n<p align=\"JUSTIFY\"><span style=\"font-family: Arial, serif;\"><em>Os meninos est\u00e3o inquietos. Um deles pede a algu\u00e9m que ajeite algo no tambor, exatamente quando Med\u00e9ia, rejeitada pela civiliza\u00e7\u00e3o, revolta~se e deseja~se de novo b\u00e1rbara e selvagem. <\/em><\/span><\/p>\n<p align=\"JUSTIFY\"><span style=\"font-family: Arial, serif;\">VERA <\/span><\/p>\n<p align=\"JUSTIFY\"><span style=\"font-family: Arial, serif;\">Por favor, me ajudem, um pouco de sil\u00eancio. Est\u00e1 t\u00e3o dif\u00edcil para mim quanto para voc\u00eas. <\/span><\/p>\n<p align=\"JUSTIFY\"><span style=\"font-family: Arial, serif;\">BANDO <\/span><\/p>\n<p align=\"JUSTIFY\"><span style=\"font-family: Arial, serif;\">Desculpe Vera. <\/span><\/p>\n<p align=\"JUSTIFY\"><span style=\"font-family: Arial, serif;\">PLAT\u00c9IA <\/span><\/p>\n<p align=\"JUSTIFY\"><span style=\"font-family: Arial, serif;\">Psiu. <\/span><\/p>\n<p align=\"JUSTIFY\"><span style=\"font-family: Arial, serif;\">MED\u00c9IA <\/span><\/p>\n<p align=\"JUSTIFY\"><span style=\"font-family: Arial, serif;\">Ide com o pai que vos ama. E de modo que ele ignore a m\u00e3e, a b\u00e1rbara, porque vosso caminho ascendente a molesta. <\/span><\/p>\n<p align=\"JUSTIFY\"><span style=\"font-family: Arial, serif;\">AMA (em Eur\u00edpedes) <\/span><\/p>\n<p align=\"JUSTIFY\"><span style=\"font-family: Arial, serif;\">Agora tudo lhe \u00e9 hostil, e aborrece-a o que mais ama. \u00c9 que Jas\u00e3o, traindo os pr\u00f3prios filhos e Med\u00e9ia, se aninha em t\u00e1lamo r\u00e9gio, tendo desposado a filha de Creonte, que reina no pa\u00eds; e Med\u00e9ia, infeliz e desprezada, clama pelos juramentos &#8230; <\/span><\/p>\n<p align=\"JUSTIFY\"><span style=\"font-family: Arial, serif;\">&#8230; Ela \u00e9 terr\u00edvel; e, com ela, se se tem que lutar contra o seu \u00f3dio, n\u00e3o \u00e9 dif\u00edcil a vit\u00f3ria. <\/span><\/p>\n<p align=\"JUSTIFY\"><span style=\"font-family: Arial, serif;\">NOT\u00cdCIA (das ag\u00eancias internacionais)<\/span><\/p>\n<p align=\"JUSTIFY\"><span style=\"font-family: Arial, serif;\">Tropa da Guarda Nacional e da pol\u00edcia fortemente armadas controlavam as ruas de Los Angeles depois de tr\u00eas dias de dist\u00farbios que mataram 44 pessoas e se espalharam por v\u00e1rias cidades dos EUA. Cerca de 1900 pessoas ficaram feridas e mais de 3700 pr\u00e9dios foram destru\u00eddos por inc\u00eandios. <\/span><\/p>\n<p align=\"JUSTIFY\"><span style=\"font-family: Arial, serif;\">NOT\u00cdCIA (Veja)<\/span><\/p>\n<p align=\"JUSTIFY\"><span style=\"font-family: Arial, serif;\">A cidade de Srebrenica passa fome h\u00e1 onze meses, o tempo do cerco, e agora chegou ao fundo po\u00e7o, com vizinhos de porta se matando para abocanhar a comida enviada de p\u00e1ra-quedas pelos avi\u00f5es americanos. A situa\u00e7\u00e3o \u00e9 t\u00e3o desesperadora e sombria que, se o roteiro dessas desgra\u00e7as tivesse sido escrito em Hollywood, exigirse-ia o evento da salva\u00e7\u00e3o &#8230; <\/span><\/p>\n<p align=\"JUSTIFY\"><span style=\"font-family: Arial, serif;\">&#8230; A guerra na B\u00f3snia n\u00e3o tem espa\u00e7o para finais felizes. Em doze, meses, o conflito produziu 125 mil mortes, 20 mil mulheres estupradas e uma mar\u00e9 de 1,6 milh\u00e3o de refugiados. <\/span><\/p>\n<p align=\"JUSTIFY\"><span style=\"font-family: Arial, serif;\">NELSON FRANCO JOBIM. <\/span><\/p>\n<p align=\"JUSTIFY\"><span style=\"font-family: Arial, serif;\">Na \u00c1frica, a regi\u00e3o do mundo mais assolada pela fome, a guerra e a espolia\u00e7\u00e3o, a transa\u00e7\u00e3o democr\u00e1tica tem sido lenta e violenta. At\u00e9 quando um continente inteiro estar\u00e1 \u00e0 merc\u00ea da comisera\u00e7\u00e3o de outros povos ou dos desmandos de &#8220;elites&#8221; culpadas? <\/span><\/p>\n<p align=\"JUSTIFY\"><span style=\"font-family: Arial, serif;\">CAETANO VELOSO <\/span><\/p>\n<p align=\"JUSTIFY\"><span style=\"font-family: Arial, serif;\">Alguma coisa est\u00e1 fora da ordem, fora da nova ordem mundial <\/span><\/p>\n<p align=\"JUSTIFY\"><span style=\"font-family: Arial, serif;\">CORO <\/span><\/p>\n<p align=\"JUSTIFY\"><span style=\"font-family: Arial, serif;\">Lago em Straussberg <\/span><\/p>\n<p align=\"JUSTIFY\"><span style=\"font-family: Arial, serif;\">Est\u00e1 \u00e1rvore n\u00e3o vai crescer por cima de mim <\/span><\/p>\n<p align=\"JUSTIFY\"><span style=\"font-family: Arial, serif;\">Sim, sim, sim, sim <\/span><\/p>\n<p align=\"JUSTIFY\"><span style=\"font-family: Arial, serif;\">Cad\u00e1veres de peixes <\/span><\/p>\n<p align=\"JUSTIFY\"><span style=\"font-family: Arial, serif;\">Caixas de biscoito <\/span><\/p>\n<p align=\"JUSTIFY\"><span style=\"font-family: Arial, serif;\">Monte de excremento <\/span><\/p>\n<p align=\"JUSTIFY\"><span style=\"font-family: Arial, serif;\">Jontex <\/span><\/p>\n<p align=\"JUSTIFY\"><span style=\"font-family: Arial, serif;\">Belmonte ( &#8230; ) <\/span><\/p>\n<p align=\"JUSTIFY\"><span style=\"font-family: Arial, serif;\">( &#8230; ) Os mortos n\u00e3o olham pela janela <\/span><\/p>\n<p align=\"JUSTIFY\"><span style=\"font-family: Arial, serif;\">N\u00e3o tamborilam nas privadas <\/span><\/p>\n<p align=\"JUSTIFY\"><span style=\"font-family: Arial, serif;\">\u00c9 isso que eles s\u00e3o <\/span><\/p>\n<p align=\"JUSTIFY\"><span style=\"font-family: Arial, serif;\">terra cagada pelos sobreviventes <\/span><\/p>\n<p align=\"JUSTIFY\"><span style=\"font-family: Arial, serif;\"><em>Todo elenco se movimenta sem cessar. <\/em><\/span><\/p>\n<p align=\"JUSTIFY\"><span style=\"font-family: Arial, serif;\">CORO <\/span><\/p>\n<p align=\"JUSTIFY\"><span style=\"font-family: Arial, serif;\">Margem abandonada. <\/span><\/p>\n<p align=\"JUSTIFY\"><span style=\"font-family: Arial, serif;\">MARCIO MEIRELLES <\/span><\/p>\n<p align=\"JUSTIFY\"><span style=\"font-family: Arial, serif;\">A trag\u00e9gia de Med\u00e9ia conta a trag\u00e9dia do povo de Med\u00e9ia, os conflitos da coloniza\u00e7\u00e3o. <\/span><\/p>\n<p align=\"JUSTIFY\"><span style=\"font-family: Arial, serif;\">OLGA RINNE <\/span><\/p>\n<p align=\"JUSTIFY\"><span style=\"font-family: Arial, serif;\">O nome Med\u00e9ia toca, em nossa cultura, em \u00e1reas repletas dos mais profundos tabus. E, em n\u00f3s tamb\u00e9m, estas \u00e1reas est\u00e3o enraizadas em tabus: a raiva, a ira, a oposi\u00e7\u00e3o, o poder, a viol\u00eancia e a vingan\u00e7a n\u00e3o cabem em nossa imagem de feminilidade. <\/span><\/p>\n<p align=\"JUSTIFY\"><span style=\"font-family: Arial, serif;\">MED\u00c9IA <\/span><\/p>\n<p align=\"JUSTIFY\"><span style=\"font-family: Arial, serif;\">O que pode ser meu, tua escrava? <\/span><\/p>\n<p align=\"JUSTIFY\"><span style=\"font-family: Arial, serif;\">Tudo em mim, teu instrumento. <\/span><\/p>\n<p align=\"JUSTIFY\"><span style=\"font-family: Arial, serif;\">Tudo de mim. <\/span><\/p>\n<p align=\"JUSTIFY\"><span style=\"font-family: Arial, serif;\">Por ti eu matei e gerei <\/span><\/p>\n<p align=\"JUSTIFY\"><span style=\"font-family: Arial, serif;\">Eu, tua cadela <\/span><\/p>\n<p align=\"JUSTIFY\"><span style=\"font-family: Arial, serif;\">tua puta, eu <\/span><\/p>\n<p align=\"JUSTIFY\"><span style=\"font-family: Arial, serif;\">Eu, degrau da escada da tua gl\u00f3ria. <\/span><\/p>\n<p align=\"JUSTIFY\"><span style=\"font-family: Arial, serif;\">OLGA RINNE <\/span><\/p>\n<p align=\"JUSTIFY\"><span style=\"font-family: Arial, serif;\">A figura ambivalente de Med\u00e9ia \u00e9 o s\u00edmbolo de um per\u00edodo de transi\u00e7\u00e3o do matriarcado para o patriarcado. <\/span><\/p>\n<p align=\"JUSTIFY\"><span style=\"font-family: Arial, serif;\">HEINER M\u00dcLLER <\/span><\/p>\n<p align=\"JUSTIFY\"><span style=\"font-family: Arial, serif;\">O objeto da arte \u00e9 a insuportabilidade do ser <\/span><\/p>\n<p align=\"JUSTIFY\"><span style=\"font-family: Arial, serif;\">PETER RIGA <\/span><\/p>\n<p align=\"JUSTIFY\"><span style=\"font-family: Arial, serif;\">Limpeza \u00e9tnica, estupro em massa e genoc\u00eddio n\u00e3o s\u00e3o novidade. S\u00e3o t\u00e3o antigos quanto a hist\u00f3ria escrita e t\u00e3o modernos quanto a Irlanda do Norte, os \u00edndios americanos e a B\u00f3snia. Nossa consci\u00eancia a respeito desses crimes aumentou nos \u00faltimos 70 anos, ao ponto, de hoje os reconhecermos como crimes de guerra e atrocidades, pelos quais devemos responsabilidar indiv\u00edduos espec\u00edficos diante de toda a comunidade internacional. Isso representa um grande progresso. <\/span><\/p>\n<p align=\"JUSTIFY\"><span style=\"font-family: Arial, serif;\">FERNANDO PEIXOTO <\/span><\/p>\n<p align=\"JUSTIFY\"><span style=\"font-family: Arial, serif;\">M\u00fcller mergulha de forma implac\u00e1vel no campo da \u00e9tica e do comportamento do indiv\u00edduo inserido no contradit\u00f3rio processo social transformador. <\/span><\/p>\n<p align=\"JUSTIFY\"><span style=\"font-family: Arial, serif;\">EXPERT <\/span><\/p>\n<p align=\"JUSTIFY\"><span style=\"font-family: Arial, serif;\">Heiner M\u00fcller \u00e9 um amante de cat\u00e1strofes. <\/span><\/p>\n<p align=\"JUSTIFY\"><span style=\"font-family: Arial, serif;\">MAIAK\u00d3VSKY <\/span><\/p>\n<p align=\"JUSTIFY\"><span style=\"font-family: Arial, serif;\">Escutai, camaradas futuros. <\/span><\/p>\n<p align=\"JUSTIFY\"><span style=\"font-family: Arial, serif;\">O agitador, o c\u00e1ustico caudilho. <\/span><\/p>\n<p align=\"JUSTIFY\"><span style=\"font-family: Arial, serif;\">O extintor dos op\u00fasculos l\u00edricos <\/span><\/p>\n<p align=\"JUSTIFY\"><span style=\"font-family: Arial, serif;\">Eu vos falo como um vivo aos vivos. <\/span><\/p>\n<p align=\"JUSTIFY\"><span style=\"font-family: Arial, serif;\">( &#8230; ) <\/span><\/p>\n<p align=\"JUSTIFY\"><span style=\"font-family: Arial, serif;\">Meu verso, com labor, <\/span><\/p>\n<p align=\"JUSTIFY\"><span style=\"font-family: Arial, serif;\">Rompe a mole dos anos, <\/span><\/p>\n<p align=\"JUSTIFY\"><span style=\"font-family: Arial, serif;\">E assoma a olho nu, <\/span><\/p>\n<p align=\"JUSTIFY\"><span style=\"font-family: Arial, serif;\">Palp\u00e1vel, bruto <\/span><\/p>\n<p align=\"JUSTIFY\"><span style=\"font-family: Arial, serif;\">Como a nossos dias <\/span><\/p>\n<p align=\"JUSTIFY\"><span style=\"font-family: Arial, serif;\">Chega o aqueduto <\/span><\/p>\n<p align=\"JUSTIFY\"><span style=\"font-family: Arial, serif;\">levantado por escravos romanos. <\/span><\/p>\n<p align=\"JUSTIFY\"><span style=\"font-family: Arial, serif;\">ARNALDO JABOR <\/span><\/p>\n<p align=\"JUSTIFY\"><span style=\"font-family: Arial, serif;\">O arrast\u00e3o \u00e9 &#8220;um horror&#8221;, do ponto de vista da zona sul. Do ponto de vista dos &#8220;funk-trombadinhas&#8221; \u00e9 uma grande farra mesclada com a guerra ( &#8230; ) \u00c9 poss\u00edvel que o espontane\u00edsmo porralouca dos pivetes, essa combust\u00e3o de jovens pobres, obrigue o &#8220;Poder&#8221; a olhar seu pr\u00f3prio &#8220;nada&#8221; no espelho. <\/span><\/p>\n<p align=\"JUSTIFY\"><span style=\"font-family: Arial, serif;\">CAETANO e GIL <\/span><\/p>\n<p align=\"JUSTIFY\"><span style=\"font-family: Arial, serif;\">Quando voc\u00ea for convidado pra subir <\/span><\/p>\n<p align=\"JUSTIFY\"><span style=\"font-family: Arial, serif;\">no adro da Funda\u00e7\u00e3o Casa de Jorge Amado <\/span><\/p>\n<p align=\"JUSTIFY\"><span style=\"font-family: Arial, serif;\">para ver do alto a fila de soldados <\/span><\/p>\n<p align=\"JUSTIFY\"><span style=\"font-family: Arial, serif;\">quase todos pretos dando porrada na nuca <\/span><\/p>\n<p align=\"JUSTIFY\"><span style=\"font-family: Arial, serif;\">de malandros pretos e ladr\u00f5es mulatos <\/span><\/p>\n<p align=\"JUSTIFY\"><span style=\"font-family: Arial, serif;\">e outros quase brancos tratados como pretos <\/span><\/p>\n<p align=\"JUSTIFY\"><span style=\"font-family: Arial, serif;\">s\u00f3 para mostrar aos outros quase pretos <\/span><\/p>\n<p align=\"JUSTIFY\"><span style=\"font-family: Arial, serif;\">que s\u00e3o quase todos pretos e aos quase brancos <\/span><\/p>\n<p align=\"JUSTIFY\"><span style=\"font-family: Arial, serif;\">pobres como pretos como \u00e9 que pretos pobres <\/span><\/p>\n<p align=\"JUSTIFY\"><span style=\"font-family: Arial, serif;\">e mulatos e quase brancos quase pretos de t\u00e3o pobres <\/span><\/p>\n<p align=\"JUSTIFY\"><span style=\"font-family: Arial, serif;\">s\u00e3o tratados e n\u00e3o importa se olhos <\/span><\/p>\n<p align=\"JUSTIFY\"><span style=\"font-family: Arial, serif;\">do mundo inteiro possam estar por um momento <\/span><\/p>\n<p align=\"JUSTIFY\"><span style=\"font-family: Arial, serif;\">voltados para o largo onde os escravos eram castigados <\/span><\/p>\n<p align=\"JUSTIFY\"><span style=\"font-family: Arial, serif;\">e hoje um batuque um batuque com a pureza <\/span><\/p>\n<p align=\"JUSTIFY\"><span style=\"font-family: Arial, serif;\">de meninos uniformizados de escola secund\u00e1ria <\/span><\/p>\n<p align=\"JUSTIFY\"><span style=\"font-family: Arial, serif;\">em dia de parada e a grandeza \u00e9pica <\/span><\/p>\n<p align=\"JUSTIFY\"><span style=\"font-family: Arial, serif;\">de um povo em forma\u00e7\u00e3o nos atrai nos deslumbra <\/span><\/p>\n<p align=\"JUSTIFY\"><span style=\"font-family: Arial, serif;\">e estimula n\u00e3o importa nada nem o tra\u00e7o do <\/span><\/p>\n<p align=\"JUSTIFY\"><span style=\"font-family: Arial, serif;\">sobrado nem a lente do Fant\u00e1stico nem o disco <\/span><\/p>\n<p align=\"JUSTIFY\"><span style=\"font-family: Arial, serif;\">de Paul Simon ningu\u00e9m ningu\u00e9m \u00e9 cidad\u00e3o <\/span><\/p>\n<p align=\"JUSTIFY\"><span style=\"font-family: Arial, serif;\">se voc\u00ea for ver a festa do Pel\u00f4 e se voc\u00ea n\u00e3o for <\/span><\/p>\n<p align=\"JUSTIFY\"><span style=\"font-family: Arial, serif;\">Pense no Haiti <\/span><\/p>\n<p align=\"JUSTIFY\"><span style=\"font-family: Arial, serif;\">Reze pelo Haiti <\/span><\/p>\n<p align=\"JUSTIFY\"><span style=\"font-family: Arial, serif;\">O Haiti \u00e9 aqui <\/span><\/p>\n<p align=\"JUSTIFY\"><span style=\"font-family: Arial, serif;\">O Haiti n\u00e3o \u00e9 aqui <\/span><\/p>\n<p align=\"JUSTIFY\"><span style=\"font-family: Arial, serif;\">ARNALDO JABOR <\/span><\/p>\n<p align=\"JUSTIFY\"><span style=\"font-family: Arial, serif;\">Os meninos de rua e os PMs assassinos vivem no mundo real da trag\u00e9dia. N\u00f3s vivemos no mundo &#8220;moral&#8221;. L\u00e1, no mundo do crime, a vida acontece. Aqui no mundo do jornal, da ideologia, da religi\u00e3o, da interpreta\u00e7\u00e3o, as coisas doem. Nossa dor n\u00e3o adianta nada contra o mal real. <\/span><\/p>\n<p align=\"JUSTIFY\"><span style=\"font-family: Arial, serif;\">CAETANO e GIL <\/span><\/p>\n<p align=\"JUSTIFY\"><span style=\"font-family: Arial, serif;\">E na TV se voc\u00ea ver um deputado em p\u00e2nico mal <\/span><\/p>\n<p align=\"JUSTIFY\"><span style=\"font-family: Arial, serif;\">dissimulado diante de qualquer <\/span><\/p>\n<p align=\"JUSTIFY\"><span style=\"font-family: Arial, serif;\">mas qualquer mesmo <\/span><\/p>\n<p align=\"JUSTIFY\"><span style=\"font-family: Arial, serif;\">qualquer qualquer plano de educa\u00e7\u00e3o que pare\u00e7a <\/span><\/p>\n<p align=\"JUSTIFY\"><span style=\"font-family: Arial, serif;\">f\u00e1cil que parece f\u00e1cil e r\u00e1pido e v\u00e1 representar <\/span><\/p>\n<p align=\"JUSTIFY\"><span style=\"font-family: Arial, serif;\">uma amea\u00e7a de democratiza\u00e7\u00e3o do ensino de primeiro grau e se esse mesmo deputado defender a ado\u00e7\u00e3o da pena capital e o vener\u00e1vel cardeal consegue ver tanto esp\u00edrito no feto e nenhum no marginal e se ao furar o sinal o velho sinal vermelho habitual notar um homem mijando na esquina da rua sobre um saco brilhante de lixo do Leblon e quando ouvir o sil\u00eancio sorridente de S\u00e3o Paulo diante da chacina de cento e onze presos indefesos mas presos s\u00e3o quase todos pretos ou quase brancos quase pretos de t\u00e3o pobres e pobres como s\u00e3o pobres e todos sabem como se tratam os pretos e quando voc\u00ea for dar uma volta no Caribe quando for trepar sem camisinha e apresentar sua participa\u00e7\u00e3o inteligente no bloqueio a Cuba <\/span><\/p>\n<p align=\"JUSTIFY\"><span style=\"font-family: Arial, serif;\">Pense no Haiti <\/span><\/p>\n<p align=\"JUSTIFY\"><span style=\"font-family: Arial, serif;\">Reze pelo Haiti <\/span><\/p>\n<p align=\"JUSTIFY\"><span style=\"font-family: Arial, serif;\">O Haiti \u00e9 aqui <\/span><\/p>\n<p align=\"JUSTIFY\"><span style=\"font-family: Arial, serif;\">O Haiti n\u00e3o \u00e9 aqui. <\/span><\/p>\n<p align=\"JUSTIFY\"><span style=\"font-family: Arial, serif;\">JAS\u00c3O <\/span><\/p>\n<p align=\"JUSTIFY\"><span style=\"font-family: Arial, serif;\">OS negros mortos, cravados como estacas no atoleiro nos uniformes de seus inimigos. <\/span><\/p>\n<p align=\"JUSTIFY\"><span style=\"font-family: Arial, serif;\">Do you remember? <\/span><\/p>\n<p align=\"JUSTIFY\"><span style=\"font-family: Arial, serif;\"><em>Minutos depois os tambores d\u00e3o os repiques finais. A cena se desarma e todos do elenco come\u00e7am a falar ao mesmo tempo, na desconcentra\u00e7\u00e3o de fim de exerc\u00edcio. Mas, o diretor avisa que o ensaio n\u00e3o acabou.<\/em><\/span><\/p>\n<p align=\"JUSTIFY\"><span style=\"font-family: Arial, serif;\">MARCIO MEIRELLES<\/span><\/p>\n<p align=\"JUSTIFY\"><span style=\"font-family: Arial, serif;\">Vamos repassar a outra op\u00e7\u00e3o de final. <\/span><span style=\"font-family: Arial, serif;\"><em>Pergunta baixo \u00e0 pessoa do lado:<\/em><\/span><span style=\"font-family: Arial, serif;\"> Qual das duas op\u00e7\u00f5es voc\u00ea prefere?<\/span><\/p>\n<p align=\"JUSTIFY\"><span style=\"font-family: Arial, serif;\">PLAT\u00c9IA<\/span><\/p>\n<p align=\"JUSTIFY\"><span style=\"font-family: Arial, serif;\">N\u00e3o tem fim<\/span><\/p>\n","protected":false},"excerpt":{"rendered":"<p>texto de Paulo Alves para o programa de Medeamaterial &#8211;\u00a0encena\u00e7\u00e3o de Marcio Meirelles &#8211; texto de Heiner M\u00fcller, em 1993. A plat\u00e9ia ouve \u00e0s vezes sem saber que a cena n\u00e3o \u00e9 feita s\u00f3 do que se emite do palco. O palco \u00e9 grande recept\u00e1culo. Antes e depois. N\u00e3o tem<\/p>\n","protected":false},"author":1,"featured_media":2075,"comment_status":"open","ping_status":"open","sticky":false,"template":"","format":"standard","meta":[],"categories":[11,176,6],"tags":[223,231,72,22,35,12,25,73,30,220,213,224,215,230,20,228,227,229,226,32,472,64,104,19,212],"_links":{"self":[{"href":"http:\/\/www.marciomeirelles.com.br\/site\/wp-json\/wp\/v2\/posts\/1506"}],"collection":[{"href":"http:\/\/www.marciomeirelles.com.br\/site\/wp-json\/wp\/v2\/posts"}],"about":[{"href":"http:\/\/www.marciomeirelles.com.br\/site\/wp-json\/wp\/v2\/types\/post"}],"author":[{"embeddable":true,"href":"http:\/\/www.marciomeirelles.com.br\/site\/wp-json\/wp\/v2\/users\/1"}],"replies":[{"embeddable":true,"href":"http:\/\/www.marciomeirelles.com.br\/site\/wp-json\/wp\/v2\/comments?post=1506"}],"version-history":[{"count":3,"href":"http:\/\/www.marciomeirelles.com.br\/site\/wp-json\/wp\/v2\/posts\/1506\/revisions"}],"predecessor-version":[{"id":2076,"href":"http:\/\/www.marciomeirelles.com.br\/site\/wp-json\/wp\/v2\/posts\/1506\/revisions\/2076"}],"wp:featuredmedia":[{"embeddable":true,"href":"http:\/\/www.marciomeirelles.com.br\/site\/wp-json\/wp\/v2\/media\/2075"}],"wp:attachment":[{"href":"http:\/\/www.marciomeirelles.com.br\/site\/wp-json\/wp\/v2\/media?parent=1506"}],"wp:term":[{"taxonomy":"category","embeddable":true,"href":"http:\/\/www.marciomeirelles.com.br\/site\/wp-json\/wp\/v2\/categories?post=1506"},{"taxonomy":"post_tag","embeddable":true,"href":"http:\/\/www.marciomeirelles.com.br\/site\/wp-json\/wp\/v2\/tags?post=1506"}],"curies":[{"name":"wp","href":"https:\/\/api.w.org\/{rel}","templated":true}]}}