{"id":1514,"date":"2012-02-25T00:26:52","date_gmt":"2012-02-25T03:26:52","guid":{"rendered":"http:\/\/www.marciomeirelles.com.br\/site\/?p=1514"},"modified":"2012-02-25T00:29:15","modified_gmt":"2012-02-25T03:29:15","slug":"bandotadashi","status":"publish","type":"post","link":"http:\/\/www.marciomeirelles.com.br\/site\/2012\/02\/bandotadashi\/","title":{"rendered":"BANDO+TADASHI"},"content":{"rendered":"<p>No ano passado, Cristina Castro trouxe Tadashi Endo \u00e0 Bahia para o Festival Vivadan\u00e7a.<\/p>\n<p>O artista japon\u00eas ficou impressionado com a energia do Bando de Teatro, quando assistiu CABAR\u00c9 DA RRRRRA\u00c7A, ent\u00e3o propus que fiz\u00e9ssemos um trabalho juntos.<\/p>\n<div id=\"attachment_1515\" style=\"width: 310px\" class=\"wp-caption aligncenter\"><a href=\"http:\/\/www.marciomeirelles.com.br\/site\/wp-content\/uploads\/2012\/02\/6781195248_dfe25d7e17.jpg\"><img aria-describedby=\"caption-attachment-1515\" loading=\"lazy\" class=\"size-medium wp-image-1515\" title=\"Workshop de Tadashi com o Bando d Teatro - abril de 2011 - foto: Jo\u00e3o Milet Meirelles\" src=\"http:\/\/www.marciomeirelles.com.br\/site\/wp-content\/uploads\/2012\/02\/6781195248_dfe25d7e17-300x199.jpg\" alt=\"Workshop de Tadashi com o Bando d Teatro - abril de 2011 - foto: Jo\u00e3o Milet Meirelles\" width=\"300\" height=\"199\" srcset=\"http:\/\/www.marciomeirelles.com.br\/site\/wp-content\/uploads\/2012\/02\/6781195248_dfe25d7e17-300x199.jpg 300w, http:\/\/www.marciomeirelles.com.br\/site\/wp-content\/uploads\/2012\/02\/6781195248_dfe25d7e17.jpg 500w\" sizes=\"(max-width: 300px) 100vw, 300px\" \/><\/a><p id=\"caption-attachment-1515\" class=\"wp-caption-text\">Workshop de Tadashi com o Bando d Teatro - abril de 2011 - foto: Jo\u00e3o Milet Meirelles<\/p><\/div>\n<p>Est\u00e1vamos sob o impacto do terremoto que abalou o Jap\u00e3o. Falamos muito da preserva\u00e7\u00e3o do mundo, da energia renov\u00e1vel, dos impactos ambientais&#8230; de arte, but\u00f4, candombl\u00e9 &#8211; este quase Teatro N\u00f4, se pensarmos no rito sem a quest\u00e3o do sagrado e da rela\u00e7\u00e3o com a divindade, mas apenas como representa\u00e7\u00e3o simb\u00f3lica de fragmentos dos mitos &#8211; falamos de muita coisa e decidimos fazer um espet\u00e1culo sobre a energia. a energia que nos move, que move o mundo, que modifica, explode, implode, assusta, recupera, que renova.<\/p>\n<p>Escrevemos o projeto e ganhamos o edital da Funarte.<\/p>\n<p>Domingo pr\u00f3ximo, Tadashi chega \u00e0 Salvador. Come\u00e7aremos o trabalho. N\u00e3o sei como vai ser, se soubesse n\u00e3o faria. Me interessa porque n\u00e3o sei onde vai dar. Zebrinha, Chica Carelli e Jarbas Bittencourt estar\u00e3o conosco mais uma vez nesse desconhecido.<\/p>\n<p>Agradecemos a Cristina Castro e ao Vivadan\u00e7a por este encontro.<\/p>\n<p><a title=\"Fotos de Jo\u00e3o Milet Meirelles do workshop que fizemos com Tadashi em 2011\" href=\"http:\/\/www.flickr.com\/photos\/marciomeirelles\/sets\/72157629447921095\/\" target=\"_blank\">http:\/\/www.flickr.com\/photos\/marciomeirelles\/sets\/72157629447921095\/<\/a><\/p>\n","protected":false},"excerpt":{"rendered":"<p>No ano passado, Cristina Castro trouxe Tadashi Endo \u00e0 Bahia para o Festival Vivadan\u00e7a. O artista japon\u00eas ficou impressionado com a energia do Bando de Teatro, quando assistiu CABAR\u00c9 DA RRRRRA\u00c7A, ent\u00e3o propus que fiz\u00e9ssemos um trabalho juntos. Est\u00e1vamos sob o impacto do terremoto que abalou o Jap\u00e3o. Falamos muito<\/p>\n","protected":false},"author":1,"featured_media":1515,"comment_status":"open","ping_status":"open","sticky":false,"template":"","format":"standard","meta":[],"categories":[11,4],"tags":[72,22,35,12,25,234,237,55,73,30,236,57,58,54,20,32,233,472,64,104,235,13,232,238],"_links":{"self":[{"href":"http:\/\/www.marciomeirelles.com.br\/site\/wp-json\/wp\/v2\/posts\/1514"}],"collection":[{"href":"http:\/\/www.marciomeirelles.com.br\/site\/wp-json\/wp\/v2\/posts"}],"about":[{"href":"http:\/\/www.marciomeirelles.com.br\/site\/wp-json\/wp\/v2\/types\/post"}],"author":[{"embeddable":true,"href":"http:\/\/www.marciomeirelles.com.br\/site\/wp-json\/wp\/v2\/users\/1"}],"replies":[{"embeddable":true,"href":"http:\/\/www.marciomeirelles.com.br\/site\/wp-json\/wp\/v2\/comments?post=1514"}],"version-history":[{"count":4,"href":"http:\/\/www.marciomeirelles.com.br\/site\/wp-json\/wp\/v2\/posts\/1514\/revisions"}],"predecessor-version":[{"id":1519,"href":"http:\/\/www.marciomeirelles.com.br\/site\/wp-json\/wp\/v2\/posts\/1514\/revisions\/1519"}],"wp:featuredmedia":[{"embeddable":true,"href":"http:\/\/www.marciomeirelles.com.br\/site\/wp-json\/wp\/v2\/media\/1515"}],"wp:attachment":[{"href":"http:\/\/www.marciomeirelles.com.br\/site\/wp-json\/wp\/v2\/media?parent=1514"}],"wp:term":[{"taxonomy":"category","embeddable":true,"href":"http:\/\/www.marciomeirelles.com.br\/site\/wp-json\/wp\/v2\/categories?post=1514"},{"taxonomy":"post_tag","embeddable":true,"href":"http:\/\/www.marciomeirelles.com.br\/site\/wp-json\/wp\/v2\/tags?post=1514"}],"curies":[{"name":"wp","href":"https:\/\/api.w.org\/{rel}","templated":true}]}}