{"id":1530,"date":"2012-02-29T11:57:53","date_gmt":"2012-02-29T14:57:53","guid":{"rendered":"http:\/\/www.marciomeirelles.com.br\/site\/?p=1530"},"modified":"2012-02-29T12:01:27","modified_gmt":"2012-02-29T15:01:27","slug":"sobre-a-midia-e-sua-compra","status":"publish","type":"post","link":"http:\/\/www.marciomeirelles.com.br\/site\/2012\/02\/sobre-a-midia-e-sua-compra\/","title":{"rendered":"SOBRE A M\u00cdDIA E SUA COMPRA"},"content":{"rendered":"<p>Tem sido noticiado que acusei a m\u00eddia baiana de ter sido comprada, por isso n\u00e3o noticia corretamente ou d\u00e1 a visibilidade justa ao movimento DESOCUPA.<\/p>\n<p>No terceiro dia do projeto A CIDADE QUE QUEREMOS, a\u00e7\u00e3o conjunta do Teatro Vila Velha e do movimento Desocupa, ao abrir a noite para chamar Ordep Serra e entregar o palco para que ele\u00a0coordenasse aquele f\u00f3rum, disse que n\u00e3o se conseguia visibilidade para o movimento porque ele mexe com interesses muito altos. Muita grana. A cidade foi comprada, a m\u00eddia tamb\u00e9m.<\/p>\n<p>No fim do evento, encontrei Ernesto Marques &#8211; vice presidente da Associa\u00e7\u00e3o Baiana de Imprensa &#8211; e ele me disse: muito ruim sua fala, estamos tentando trazer os jornalistas para o movimento e vc fala contra.<\/p>\n<p>EU: N\u00e3o falei de jornalistas, falei da m\u00eddia.<\/p>\n<p>ELE: Os jornalistas s\u00e3o parte, e a\u00ed t\u00e1 cheio de jornalista.<\/p>\n<p>EU: Mas n\u00e3o s\u00e3o eles os que se vendem.<\/p>\n<p>\u00c9 o mesmo fen\u00f4meno de ju\u00edzes honestos ficarem indignados com o Conselho Nacional de Justi\u00e7a por\u00a0investiga\u00e7\u00f5es a ju\u00edzes corruptos\u00a0ou pelas declara\u00e7\u00f5es de sua representante sobre <em>bandidos de toga.<\/em>\u00a0Ernesto, experiente, sabia o que viria&#8230; e a\u00ed est\u00e1. Divulgado e replicado&#8230; <em>Marcio Meirelles acusa a m\u00eddia baiana de ser comprada.\u00a0<\/em><\/p>\n<p><em><\/em>Fora eu c\u00ednico e diria que a m\u00eddia pode ser comprada em bancas de jornais, atrav\u00e9s de assinaturas e de v\u00e1rias outras formas, a depender da m\u00eddia, se impressas, audiovisuais, virtuais ou outras. Espa\u00e7os na m\u00eddia podem ser comprados pagando-se an\u00fancios. Ou seja, a m\u00eddia \u00e9 comprada por leitores, assinantes e anunciantes. E \u00e9 isso.<\/p>\n<p>Assim, as not\u00edcias veiculadas de alguma forma atendem a quem compra o medium, ou n\u00e3o faria sentido. Se os meios de comunica\u00e7\u00e3o n\u00e3o divulgam isso ou aquilo \u00e9 porque isso ou aquilo n\u00e3o interessa a seus compradores, ou seja, n\u00e3o garantem a venda. E os produtos precisam ser vendidos at\u00e9 para que se possa pagar os sal\u00e1rios de quem os produz. Seja em que fun\u00e7\u00e3o trabalhem.<\/p>\n<p>Basta ver a p\u00e1gina onde a not\u00edcia da &#8220;acusa\u00e7\u00e3o&#8221; que fiz foi veiculada: cheia de an\u00fancios.<\/p>\n<p>A tal not\u00edcia est\u00e1 sendo &#8220;repercutida&#8221; em muitos outros blogs e sites, todos cheios de an\u00fancios. Ou seja, m\u00eddia cujo espa\u00e7o \u00e9 comprado. E ponto.<\/p>\n<p><a href=\"http:\/\/www.marciomeirelles.com.br\/site\/wp-content\/uploads\/2012\/02\/2012-MM-acusa-a-m\u00eddia-Jornal-da-M\u00eddia.pdf\">Os blogs tamb\u00e9m t\u00eam an\u00fancios<\/a><\/p>\n<div><\/div>\n<p>&nbsp;<\/p>\n","protected":false},"excerpt":{"rendered":"<p>Tem sido noticiado que acusei a m\u00eddia baiana de ter sido comprada, por isso n\u00e3o noticia corretamente ou d\u00e1 a visibilidade justa ao movimento DESOCUPA. No terceiro dia do projeto A CIDADE QUE QUEREMOS, a\u00e7\u00e3o conjunta do Teatro Vila Velha e do movimento Desocupa, ao abrir a noite para chamar<\/p>\n","protected":false},"author":1,"featured_media":0,"comment_status":"open","ping_status":"open","sticky":false,"template":"","format":"standard","meta":[],"categories":[4],"tags":[243,244,12,73,245,74,130,20,247,246,13],"_links":{"self":[{"href":"http:\/\/www.marciomeirelles.com.br\/site\/wp-json\/wp\/v2\/posts\/1530"}],"collection":[{"href":"http:\/\/www.marciomeirelles.com.br\/site\/wp-json\/wp\/v2\/posts"}],"about":[{"href":"http:\/\/www.marciomeirelles.com.br\/site\/wp-json\/wp\/v2\/types\/post"}],"author":[{"embeddable":true,"href":"http:\/\/www.marciomeirelles.com.br\/site\/wp-json\/wp\/v2\/users\/1"}],"replies":[{"embeddable":true,"href":"http:\/\/www.marciomeirelles.com.br\/site\/wp-json\/wp\/v2\/comments?post=1530"}],"version-history":[{"count":4,"href":"http:\/\/www.marciomeirelles.com.br\/site\/wp-json\/wp\/v2\/posts\/1530\/revisions"}],"predecessor-version":[{"id":1535,"href":"http:\/\/www.marciomeirelles.com.br\/site\/wp-json\/wp\/v2\/posts\/1530\/revisions\/1535"}],"wp:attachment":[{"href":"http:\/\/www.marciomeirelles.com.br\/site\/wp-json\/wp\/v2\/media?parent=1530"}],"wp:term":[{"taxonomy":"category","embeddable":true,"href":"http:\/\/www.marciomeirelles.com.br\/site\/wp-json\/wp\/v2\/categories?post=1530"},{"taxonomy":"post_tag","embeddable":true,"href":"http:\/\/www.marciomeirelles.com.br\/site\/wp-json\/wp\/v2\/tags?post=1530"}],"curies":[{"name":"wp","href":"https:\/\/api.w.org\/{rel}","templated":true}]}}