{"id":1551,"date":"2012-03-04T21:50:13","date_gmt":"2012-03-05T00:50:13","guid":{"rendered":"http:\/\/www.marciomeirelles.com.br\/site\/?p=1551"},"modified":"2012-03-04T22:10:49","modified_gmt":"2012-03-05T01:10:49","slug":"a-luta-pelo-quilombo-rio-dos-macacos-continua","status":"publish","type":"post","link":"http:\/\/www.marciomeirelles.com.br\/site\/2012\/03\/a-luta-pelo-quilombo-rio-dos-macacos-continua\/","title":{"rendered":"A LUTA PELO QUILOMBO RIO DOS MACACOS CONTINUA"},"content":{"rendered":"<p><em>Hoje, 04\/03\/2012, \u00a0fomos surpreendidos com a\u00a0<\/em><em>Marinha prestes a invadir e destruir o Quilombo Rio dos Macacos, <\/em>descumprindo decis\u00e3o da Presid\u00eancia da Rep\u00fablica.<\/p>\n<p><em>Ontem, nos contaram, um cidad\u00e3o quilombola quase foi baleado.<\/em><\/p>\n<p><em>De manh\u00e3 as redes funcionaram mais uma vez. a imprensa estava l\u00e1 e o ato foi barrado<\/em><\/p>\n<p><em>Aqui o imeio de Vilma Reis que mobilizou quase cem pessoas para cuidar de parte de nossa cidade.<\/em><\/p>\n<p><em>Come\u00e7o a acreditar que \u00e9 poss\u00edvel.<\/em><\/p>\n<p align=\"center\">\n<p align=\"center\">\n<div id=\"attachment_1552\" style=\"width: 310px\" class=\"wp-caption aligncenter\"><a href=\"http:\/\/www.marciomeirelles.com.br\/site\/wp-content\/uploads\/2012\/03\/quilombo-1.jpeg\"><img aria-describedby=\"caption-attachment-1552\" loading=\"lazy\" class=\"size-medium wp-image-1552\" title=\"O movimento no Quilombo Rio dos Macacos\" src=\"http:\/\/www.marciomeirelles.com.br\/site\/wp-content\/uploads\/2012\/03\/quilombo-1-300x199.jpg\" alt=\"O movimento no Quilombo Rio dos Macacos\" width=\"300\" height=\"199\" srcset=\"http:\/\/www.marciomeirelles.com.br\/site\/wp-content\/uploads\/2012\/03\/quilombo-1-300x199.jpg 300w, http:\/\/www.marciomeirelles.com.br\/site\/wp-content\/uploads\/2012\/03\/quilombo-1.jpeg 584w\" sizes=\"(max-width: 300px) 100vw, 300px\" \/><\/a><p id=\"caption-attachment-1552\" class=\"wp-caption-text\">O movimento no Quilombo Rio dos Macacos<\/p><\/div>\n<p align=\"center\"><strong><span style=\"text-decoration: underline;\">RIO DOS MACACOS RESISTE, MAS ESTAMOS TEMENDO A VIOL\u00caNCIA DE SEMPRE DA MARINHA DO BRASIL&#8230;<br \/>\n<\/span><\/strong><\/p>\n<p><span style=\"font-size: small;\">Marcada para a hoje, 04.03.2012, e suspensa por a\u00e7\u00e3o da Presid\u00eancia da Republica (Secretaria Geral, SEPPIR e FCP), a tomada do Territ\u00f3rio do Quilombo Rio dos Macacos, ainda n\u00e3o foi assimilada pela Marinha do Brasil, que mesmo diante da suspens\u00e3o insistir em tencionar e atentar contra os direitos da comunidade. A Marinha do Brasil n\u00e3o pode realizar esta a\u00e7\u00e3o hoje mas neste momento a comunidade est\u00e1 vivendo uma grande tens\u00e3o, pois j\u00e1 tem mais de 03 caminh\u00f5es de fuzileiros dentro da Comunidade, cada um com cerca de 80 homens, do lado de fora tem os militares da Bahia (que n\u00e3o podem entrar por se tratar de \u00e1rea federal) e 01 trator posicionado no port\u00e3o da Vila Naval, \u00e1rea tomada da comunidade h\u00e1 42 anos pela Marinha do Brasil. A Pol\u00edcia Federal \u00e9 a \u00fanica institui\u00e7\u00e3o que pode cumprir a decis\u00e3o desastrosa da 10\u00aa Vara Federal na Bahia, mas est\u00e1 n\u00e3o ir\u00e1 em Rio dos Macacos, pois n\u00e3o pode agir acima das Leis. Qualificamos de desastrosa a decis\u00e3o, porque a Comunidade de Rio dos Macacos n\u00e3o foi ouvida em qualquer fase do processo, estando a justi\u00e7a agindo em um \u00fanico p\u00f3lo.<\/span><\/p>\n<div id=\"attachment_1554\" style=\"width: 310px\" class=\"wp-caption aligncenter\"><a href=\"http:\/\/www.marciomeirelles.com.br\/site\/wp-content\/uploads\/2012\/03\/QUILOMBO.jpg\"><img aria-describedby=\"caption-attachment-1554\" loading=\"lazy\" class=\"size-medium wp-image-1554\" title=\"Tratores e caminh\u00f5es prontos para entrar no quilombo.\" src=\"http:\/\/www.marciomeirelles.com.br\/site\/wp-content\/uploads\/2012\/03\/QUILOMBO-300x225.jpg\" alt=\"Tratores e caminh\u00f5es prontos para entrar no quilombo.\" width=\"300\" height=\"225\" srcset=\"http:\/\/www.marciomeirelles.com.br\/site\/wp-content\/uploads\/2012\/03\/QUILOMBO-300x225.jpg 300w, http:\/\/www.marciomeirelles.com.br\/site\/wp-content\/uploads\/2012\/03\/QUILOMBO.jpg 320w\" sizes=\"(max-width: 300px) 100vw, 300px\" \/><\/a><p id=\"caption-attachment-1554\" class=\"wp-caption-text\">Tratores e caminh\u00f5es prontos para entrar no quilombo.<\/p><\/div>\n<p><span style=\"font-size: small;\">Mandem essa nota para todas as pessoas poss\u00edveis, para todas as redes, n\u00e3o podemos ficar em sil\u00eancio diante da possibilidade de uma barb\u00e1rie, O Brasil e o mundo precisam saber!<\/span><\/p>\n<p><span style=\"font-size: small;\">Nossa luta \u00e9 todo dia!!!<\/span><\/p>\n<p><span style=\"font-size: small;\"><strong>Vilma Reis\u00a0<\/strong><\/span><\/p>\n<p><strong><span style=\"font-size: small;\">Presidente do CDCN &#8211; Bahia<\/span><\/strong><\/p>\n<div id=\"attachment_1553\" style=\"width: 310px\" class=\"wp-caption aligncenter\"><a href=\"http:\/\/www.marciomeirelles.com.br\/site\/wp-content\/uploads\/2012\/03\/quilombo-2.jpeg\"><img aria-describedby=\"caption-attachment-1553\" loading=\"lazy\" class=\"size-medium wp-image-1553\" title=\"vilma reis e marcio meirelles no quilombo\" src=\"http:\/\/www.marciomeirelles.com.br\/site\/wp-content\/uploads\/2012\/03\/quilombo-2-300x199.jpg\" alt=\"vilma reis e marcio meirelles no quilombo\" width=\"300\" height=\"199\" srcset=\"http:\/\/www.marciomeirelles.com.br\/site\/wp-content\/uploads\/2012\/03\/quilombo-2-300x199.jpg 300w, http:\/\/www.marciomeirelles.com.br\/site\/wp-content\/uploads\/2012\/03\/quilombo-2.jpeg 584w\" sizes=\"(max-width: 300px) 100vw, 300px\" \/><\/a><p id=\"caption-attachment-1553\" class=\"wp-caption-text\">vilma reis e marcio meirelles no quilombo<\/p><\/div>\n","protected":false},"excerpt":{"rendered":"<p>Hoje, 04\/03\/2012, \u00a0fomos surpreendidos com a\u00a0Marinha prestes a invadir e destruir o Quilombo Rio dos Macacos, descumprindo decis\u00e3o da Presid\u00eancia da Rep\u00fablica. Ontem, nos contaram, um cidad\u00e3o quilombola quase foi baleado. De manh\u00e3 as redes funcionaram mais uma vez. a imprensa estava l\u00e1 e o ato foi barrado Aqui o<\/p>\n","protected":false},"author":1,"featured_media":1552,"comment_status":"open","ping_status":"open","sticky":false,"template":"","format":"standard","meta":[],"categories":[4],"tags":[28,12,30,258,20,256,255,109,259,239,32,257,252,253],"_links":{"self":[{"href":"http:\/\/www.marciomeirelles.com.br\/site\/wp-json\/wp\/v2\/posts\/1551"}],"collection":[{"href":"http:\/\/www.marciomeirelles.com.br\/site\/wp-json\/wp\/v2\/posts"}],"about":[{"href":"http:\/\/www.marciomeirelles.com.br\/site\/wp-json\/wp\/v2\/types\/post"}],"author":[{"embeddable":true,"href":"http:\/\/www.marciomeirelles.com.br\/site\/wp-json\/wp\/v2\/users\/1"}],"replies":[{"embeddable":true,"href":"http:\/\/www.marciomeirelles.com.br\/site\/wp-json\/wp\/v2\/comments?post=1551"}],"version-history":[{"count":4,"href":"http:\/\/www.marciomeirelles.com.br\/site\/wp-json\/wp\/v2\/posts\/1551\/revisions"}],"predecessor-version":[{"id":1556,"href":"http:\/\/www.marciomeirelles.com.br\/site\/wp-json\/wp\/v2\/posts\/1551\/revisions\/1556"}],"wp:featuredmedia":[{"embeddable":true,"href":"http:\/\/www.marciomeirelles.com.br\/site\/wp-json\/wp\/v2\/media\/1552"}],"wp:attachment":[{"href":"http:\/\/www.marciomeirelles.com.br\/site\/wp-json\/wp\/v2\/media?parent=1551"}],"wp:term":[{"taxonomy":"category","embeddable":true,"href":"http:\/\/www.marciomeirelles.com.br\/site\/wp-json\/wp\/v2\/categories?post=1551"},{"taxonomy":"post_tag","embeddable":true,"href":"http:\/\/www.marciomeirelles.com.br\/site\/wp-json\/wp\/v2\/tags?post=1551"}],"curies":[{"name":"wp","href":"https:\/\/api.w.org\/{rel}","templated":true}]}}