{"id":1594,"date":"2012-04-05T11:08:55","date_gmt":"2012-04-05T14:08:55","guid":{"rendered":"http:\/\/www.marciomeirelles.com.br\/site\/?p=1594"},"modified":"2012-04-05T11:15:28","modified_gmt":"2012-04-05T14:15:28","slug":"resolucoes-do-congresso-regional-de-artes-cenicas","status":"publish","type":"post","link":"http:\/\/www.marciomeirelles.com.br\/site\/2012\/04\/resolucoes-do-congresso-regional-de-artes-cenicas\/","title":{"rendered":"RESOLU\u00c7\u00d5ES DO CONGRESSO REGIONAL DE ARTES C\u00caNICAS &#8211; mar\u00e7o\/abril de 2012, Goiania\/GO"},"content":{"rendered":"<p style=\"text-align: right;\" align=\"center\"><em>Participei do Congresso Regional de Artes C\u00eanicas, em Goiania de 29 de mar\u00e7o a 01 de abril de 2012. Foi muito rico o encontro. Divulgo aqui a carta com as resolu\u00e7\u00f5es.<\/em><\/p>\n<div id=\"attachment_1595\" style=\"width: 210px\" class=\"wp-caption aligncenter\"><a href=\"http:\/\/www.marciomeirelles.com.br\/site\/wp-content\/uploads\/2012\/04\/20120329_IMG_99_73.jpg\"><img aria-describedby=\"caption-attachment-1595\" loading=\"lazy\" class=\"size-medium wp-image-1595\" title=\"fachada do Teatro Goiania\" src=\"http:\/\/www.marciomeirelles.com.br\/site\/wp-content\/uploads\/2012\/04\/20120329_IMG_99_73-200x300.jpg\" alt=\"fachada do Teatro Goiania\" width=\"200\" height=\"300\" srcset=\"http:\/\/www.marciomeirelles.com.br\/site\/wp-content\/uploads\/2012\/04\/20120329_IMG_99_73-200x300.jpg 200w, http:\/\/www.marciomeirelles.com.br\/site\/wp-content\/uploads\/2012\/04\/20120329_IMG_99_73.jpg 427w\" sizes=\"(max-width: 200px) 100vw, 200px\" \/><\/a><p id=\"caption-attachment-1595\" class=\"wp-caption-text\">fachada do Teatro Goiania<\/p><\/div>\n<p style=\"text-align: left;\" align=\"center\">O Congresso Regional de Artes C\u00eanicas, realizado em Goi\u00e2nia, Goi\u00e1s, nos dias 30, 31 de mar\u00e7o e 01 de abril, reuniu profissionais do Circo, da Dan\u00e7a e do Teatro, tendo como tema \u201cArtes C\u00eanicas em Goi\u00e1s: Perspectivas para os Pr\u00f3ximos 10 Anos\u201d, com o objetivo de debater o papel de cada participante e as a\u00e7\u00f5es que possam ser realizadas para o cumprimento dos objetivos propostos.<\/p>\n<p>\u00a0Foram realizados debates e grupos de trabalho com representa\u00e7\u00f5es de profissionais da cultura de nosso Estado, Secretaria Estadual de Cultura, institui\u00e7\u00f5es de ensino (PUC\/GO, IFG, UFG e CEP em Artes Basileu Fran\u00e7a), Conselhos Estadual e Municipal de Cultura, Assembleia Legislativa, institui\u00e7\u00f5es de forma\u00e7\u00e3o, al\u00e9m de convidados especiais e autoridades vindas de Mato Grosso do Sul, da Bahia, do Distrito Federal e de S\u00e3o Paulo.<\/p>\n<p>Os assuntos diretivos dos debates foram: as Artes C\u00eanicas e as pol\u00edticas p\u00fablicas; cen\u00e1rios, tend\u00eancias culturais e oportunidades de trabalho; os coletivos de artistas e os caminhos que apontam as pol\u00edticas municipais, estaduais e nacionais. Al\u00e9m disso, foram formados grupos de trabalho para a discuss\u00e3o da forma\u00e7\u00e3o e profissionaliza\u00e7\u00e3o do setor.<\/p>\n<p>Assim, ap\u00f3s discuss\u00f5es e reflex\u00f5es sobre os temas, ficaram deliberados em plen\u00e1ria final os seguintes apontamentos:<\/p>\n<p>&#8211; A necessidade de promover debates e otimizar a forma\u00e7\u00e3o superior em Artes C\u00eanicas, especialmente em projetos de extens\u00e3o, com a inclus\u00e3o das artes circenses e a cria\u00e7\u00e3o de um instituto aut\u00f4nomo de Artes C\u00eanicas na Universidade Federal de Goi\u00e1s;<\/p>\n<p>&#8211; A necessidade de propor pol\u00edticas estruturantes de incentivo ao jovem, amador e iniciante para a forma\u00e7\u00e3o em Artes C\u00eanicas;<\/p>\n<p>&#8211; Promover debates no sentido de fazer a reformula\u00e7\u00e3o e o fortalecimento da Federa\u00e7\u00e3o de Teatro de Goi\u00e1s com vistas \u00e0 possibilidade de se ampliar sua \u00e1rea de atua\u00e7\u00e3o e representatividade para todos os segmentos de Artes C\u00eanicas;<\/p>\n<p>&#8211; Atuar junto \u00e0 Secretaria de Cultura de Goi\u00e2nia com vistas ao direcionamento ideal (reformula\u00e7\u00e3o) da utiliza\u00e7\u00e3o dos recursos do Fundo de Apoio \u00e0 Cultura (FAC);<\/p>\n<p>&#8211; Encaminhar discuss\u00f5es com vistas \u00e0 cria\u00e7\u00e3o de uma cooperativa de Artes C\u00eanicas e de um sindicato que represente efetivamente os artistas locais;<\/p>\n<p>&#8211; Encaminhar discuss\u00f5es com vistas \u00e0 cria\u00e7\u00e3o de uma rede de Pol\u00edticas Culturais para as Artes C\u00eanicas;<\/p>\n<p>&#8211; Solicitar \u00e0 Secretaria de Cultura de Goi\u00e2nia a realiza\u00e7\u00e3o de uma Confer\u00eancia Municipal de Cultura espec\u00edfica para a elei\u00e7\u00e3o dos delegados para a Confer\u00eancia Estadual; n\u00e3o havendo indicativo desta provid\u00eancia que seja encaminhada a sua realiza\u00e7\u00e3o livremente pelos artistas.<\/p>\n<p>Foi criada ainda uma comiss\u00e3o para avaliar e discutir o Fundo Estadual de Cultura, a Lei Goyazes, a Gest\u00e3o de Espa\u00e7os P\u00fablicos e os Sistemas Estadual e Nacional de Cultura.<\/p>\n<p>Na oportunidade tamb\u00e9m foram encaminhados e aprovados alguns documentos, dentre eles: carta de apoio \u00e0 cria\u00e7\u00e3o de uma unidade aut\u00f4noma de Artes C\u00eanicas na UFG; carta de apoio \u00e0 realiza\u00e7\u00e3o de concurso para professores do CEP em Artes Basileu Fran\u00e7a; e diversas mo\u00e7\u00f5es de rep\u00fadio. Estas \u00faltimas ficaram assim direcionadas: \u00e0s atuais pol\u00edticas de arte-educa\u00e7\u00e3o no Estado de Goi\u00e1s; \u00e0 extin\u00e7\u00e3o da Escola de Circo no Centro Cultural Martim Cerer\u00ea; aos desvios de recursos da Secretaria Municipal de Cultura; \u00e0 pol\u00edtica salarial da Secretaria Estadual de Educa\u00e7\u00e3o aos seus educadores; e \u00e0 redu\u00e7\u00e3o do valor da Lei Goyazes.<\/p>\n<p>Al\u00e9m dessas provid\u00eancias, ser\u00e1 encaminhada uma solicita\u00e7\u00e3o \u00e0 Secretaria Municipal de Cultura para a realiza\u00e7\u00e3o da confer\u00eancia municipal para a elei\u00e7\u00e3o de delegados para a confer\u00eancia estadual, bem como ser\u00e3o feitos encaminhamentos de reuni\u00f5es com gestores da Secretaria Estadual de Cultura.<\/p>\n<p>Goi\u00e2nia, 01 de abril de 2012.<\/p>\n","protected":false},"excerpt":{"rendered":"<p>Participei do Congresso Regional de Artes C\u00eanicas, em Goiania de 29 de mar\u00e7o a 01 de abril de 2012. Foi muito rico o encontro. Divulgo aqui a carta com as resolu\u00e7\u00f5es. O Congresso Regional de Artes C\u00eanicas, realizado em Goi\u00e2nia, Goi\u00e1s, nos dias 30, 31 de mar\u00e7o e 01 de<\/p>\n","protected":false},"author":1,"featured_media":1595,"comment_status":"open","ping_status":"open","sticky":false,"template":"","format":"standard","meta":[],"categories":[4],"tags":[72,22,73,268,267,265,266,20,18,129,109,84,472,264],"_links":{"self":[{"href":"http:\/\/www.marciomeirelles.com.br\/site\/wp-json\/wp\/v2\/posts\/1594"}],"collection":[{"href":"http:\/\/www.marciomeirelles.com.br\/site\/wp-json\/wp\/v2\/posts"}],"about":[{"href":"http:\/\/www.marciomeirelles.com.br\/site\/wp-json\/wp\/v2\/types\/post"}],"author":[{"embeddable":true,"href":"http:\/\/www.marciomeirelles.com.br\/site\/wp-json\/wp\/v2\/users\/1"}],"replies":[{"embeddable":true,"href":"http:\/\/www.marciomeirelles.com.br\/site\/wp-json\/wp\/v2\/comments?post=1594"}],"version-history":[{"count":4,"href":"http:\/\/www.marciomeirelles.com.br\/site\/wp-json\/wp\/v2\/posts\/1594\/revisions"}],"predecessor-version":[{"id":1597,"href":"http:\/\/www.marciomeirelles.com.br\/site\/wp-json\/wp\/v2\/posts\/1594\/revisions\/1597"}],"wp:featuredmedia":[{"embeddable":true,"href":"http:\/\/www.marciomeirelles.com.br\/site\/wp-json\/wp\/v2\/media\/1595"}],"wp:attachment":[{"href":"http:\/\/www.marciomeirelles.com.br\/site\/wp-json\/wp\/v2\/media?parent=1594"}],"wp:term":[{"taxonomy":"category","embeddable":true,"href":"http:\/\/www.marciomeirelles.com.br\/site\/wp-json\/wp\/v2\/categories?post=1594"},{"taxonomy":"post_tag","embeddable":true,"href":"http:\/\/www.marciomeirelles.com.br\/site\/wp-json\/wp\/v2\/tags?post=1594"}],"curies":[{"name":"wp","href":"https:\/\/api.w.org\/{rel}","templated":true}]}}