{"id":1623,"date":"2012-07-02T10:41:57","date_gmt":"2012-07-02T13:41:57","guid":{"rendered":"http:\/\/www.marciomeirelles.com.br\/site\/?p=1623"},"modified":"2012-07-02T10:41:57","modified_gmt":"2012-07-02T13:41:57","slug":"justaposicao-de-retalhos-o-olho-de-deus","status":"publish","type":"post","link":"http:\/\/www.marciomeirelles.com.br\/site\/2012\/07\/justaposicao-de-retalhos-o-olho-de-deus\/","title":{"rendered":"JUSTAPOSI\u00c7\u00c3O DE RETALHOS: O OLHO DE DEUS"},"content":{"rendered":"<blockquote>\n<p style=\"text-align: right;\">por M\u00d4NICA SANTANA<\/p>\n<div style=\"width: 413px\" class=\"wp-caption aligncenter\"><a href=\"https:\/\/fbcdn-sphotos-a.akamaihd.net\/hphotos-ak-ash4\/c45.0.403.403\/p403x403\/250974_459066240779362_2140678636_n.jpg\"><img loading=\"lazy\" title=\"foto: cristina castro\" src=\"https:\/\/fbcdn-sphotos-a.akamaihd.net\/hphotos-ak-ash4\/c45.0.403.403\/p403x403\/250974_459066240779362_2140678636_n.jpg\" alt=\"foto: cristina castro\" width=\"403\" height=\"403\" \/><\/a><p class=\"wp-caption-text\">foto: cristina castro<\/p><\/div>\n<p style=\"text-align: right;\">postado em:<\/p>\n<p style=\"text-align: right;\">http:\/\/papoteatral.blogspot.com.br\/2012\/06\/justaposicao-de-retalhos-o-olho-de-deus.html<\/p>\n<p>Ao chegar no Teatro Vila Velha para assistir ao espet\u00e1culo\u00a0<em>O Olho de Deus<\/em>, o p\u00fablico precisa optar se vai ficar com os retalhos de cena no Cabar\u00e9 dos Novos ou no Palco Principal. Escolhas, enquadramentos, camadas e camadas de vozes e imagens que se justap\u00f5em s\u00e3o algumas das palavras chave que emergem do espet\u00e1culo, que conta com texto de S\u00f4nia Robatto, com a colabora\u00e7\u00e3o de M\u00e1rcio Meirelles e \u00e9 a mais recente produ\u00e7\u00e3o da Companhia Teatro dos Novos, que j\u00e1 acumula 53 anos de trajet\u00f3ria.<\/p>\n<div><\/div>\n<div>Em\u00a0<em>O Olho de Deus<\/em>, M\u00e1rcio Meirelles d\u00e1 continuidade a uma busca de integra\u00e7\u00e3o de novas tecnologias, especialmente da linguagem fragmentada o v\u00eddeo, com a presen\u00e7a do teatro. Contudo, em\u00a0<em>O Olho de Deus\u00a0<\/em>\u00e9 not\u00f3ria a capacidade de harmonizar os diferentes retalhos e cores da colcha que se prop\u00f5e a costurar. E consegue colocar em equil\u00edbrio a presen\u00e7a do v\u00eddeo e da cena, sem hierarquias, nem inviabilizando a escuta por parte do espectador. As imagens em v\u00eddeo, realizadas por Ana Rosa Marques e Danilo Scaldaferri, somam poesia, sentidos e agudeza \u00e0 cena. Mas de modo algum, ofusca o trabalho de artistas maduros e muito afinados em cena.<\/div>\n<div><\/div>\n<div>As cenas ocorrem simultaneamente nos dois espa\u00e7os do teatro e se amalgamam para o espectador por meio do v\u00eddeo, que transmite ao fundo de ambos os palcos o que ocorre na outra sala, somada a outras imagens que se justap\u00f5em a cena. No palco principal, est\u00e3o as irm\u00e3s Dos Anjos (Chica Carelli) e Sinh\u00e1 (S\u00f4nia Robatto), sozinhas costurando uma enorme manta de retalho que cobre horizontal e verticalmente a cena. As irm\u00e3s mant\u00e9m a diferen\u00e7a de temperamento, ora uma mais pr\u00e1tica, impaciente, a outra mais et\u00e9rea e sonhadora. Ao costurar, elas v\u00e3o recolhendo lembran\u00e7as, mem\u00f3rias e a constata\u00e7\u00e3o da morte.<\/div>\n<div><\/div>\n<div>No Cabar\u00e9, o palco \u00e9 convertido numa sala de uma casa, na qual a costureira Calu (Neyde MouraO trabalha, tentando esquecer o desaparecimento de Riqui\u00e3o, n\u00e3o disfar\u00e7ando a ansiedade que paira no ar. Ao fundo, sentado e ap\u00e1tico Jo\u00e3o (Fernando Fulco) parece ausente e assiste a tudo, agindo muito pouco. \u00c9 inevit\u00e1vel, vivendo em Salvador e no momento de abandono gerencial da cidade, n\u00e3o estabelecer pontes ao ouvir os gritos das irm\u00e3s, que esbravejam, conclamando Jo\u00e3o a alguma a\u00e7\u00e3o: &#8220;Jo\u00e3o a casa \u00e9 sua! Jo\u00e3o, voc\u00ea vai deixar vender a Vila Matilde? Voc\u00ea vai deixar acabar com tudo Jo\u00e3o? Voc\u00ea \u00e9 o homem da casa!&#8221;. Jo\u00e3o diz que vai agir&#8230;, mas \u00e9 sabido que n\u00e3o. E t\u00e3o logo, transporta-se para o outro plano, cruzando a linha da vida e juntando-se \u00e0s irm\u00e3s.<\/div>\n<div><\/div>\n<div>Ainda a figura de Filu (Marisa Motta), cliente de Calu, que frequenta a casa da costureira e lhe encomenda vestidos. Discutem a impossibilidade da virtude hoje, a banaliza\u00e7\u00e3o do pecado, a derrota dos santos que agem pouco e todo o apodrecimento do mundo que t\u00e3o bem conheciam. Por fim, a estudante Maria (Anita Bueno) que revela porque Riqui\u00e3o desapareceu e num di\u00e1logo sofrido, cujas vozes se somam divergentes de forma tal que formam uma \u00fanica massa, com Calu. Maria traz a crueza do presente e a morte de Riqui\u00e3o pela ditadura. Ao n\u00e3o suportar lidar com a realidade, Calu cala a mo\u00e7a, sufoca sua voz, numa cena de grande intensidade.<\/div>\n<div><\/div>\n<div>As influ\u00eancias brechtianas, t\u00e3o j\u00e1 digeridas no trabalho de Meirelles, permeiam todo o espet\u00e1culo, notadamente pol\u00edtico, sem ser panflet\u00e1rio, mas tamb\u00e9m repleto de mem\u00f3ria e das vozes autorais dos int\u00e9rpretes que ali est\u00e3o. Ao fundo, as inser\u00e7\u00f5es de v\u00eddeo trazem manchetes da depreda\u00e7\u00e3o do patrim\u00f4nio brasileiro nas privatiza\u00e7\u00f5es, os rostos dos militantes acusados pela ditadura, o sangue que jorra da torneira, os rostos dos atores transformados pelo tempo. E a especial leveza da dupla Carelli e Robatto, proferindo mem\u00f3rias, evocando santos, ritos, rezas, causos, aproxima afetivamente o texto do espectador &#8211; porque n\u00e3o somente aquela Hist\u00f3ria, que transpassa nos v\u00eddeos \u00e9 nossa, como as hist\u00f3rias de vida tamb\u00e9m se identificam com a plat\u00e9ia. Tempo, tempo, tempo.<\/div>\n<div><\/div>\n<div>Meirelles assina a cenografia e os figurinos do espet\u00e1culo, contando com o desenho de luz de Pedro Dultra e a dire\u00e7\u00e3o musical de Jo\u00e3o Meirelles. O Olho de Deus encerra temporada neste domingo, dia 1 de julho e merece ser visto pela sua delicadeza, pela sua honestidade e pelo cuidado como se constituiu.<\/div>\n<div>30\/06\/2012<\/div>\n<\/blockquote>\n","protected":false},"excerpt":{"rendered":"<p>por M\u00d4NICA SANTANA postado em: http:\/\/papoteatral.blogspot.com.br\/2012\/06\/justaposicao-de-retalhos-o-olho-de-deus.html Ao chegar no Teatro Vila Velha para assistir ao espet\u00e1culo\u00a0O Olho de Deus, o p\u00fablico precisa optar se vai ficar com os retalhos de cena no Cabar\u00e9 dos Novos ou no Palco Principal. Escolhas, enquadramentos, camadas e camadas de vozes e imagens que se<\/p>\n","protected":false},"author":1,"featured_media":0,"comment_status":"open","ping_status":"open","sticky":false,"template":"","format":"standard","meta":[],"categories":[4,6,24],"tags":[72,22,12,237,277,55,73,278,89,20,281,32,195,472,64,280,104,13,279],"_links":{"self":[{"href":"http:\/\/www.marciomeirelles.com.br\/site\/wp-json\/wp\/v2\/posts\/1623"}],"collection":[{"href":"http:\/\/www.marciomeirelles.com.br\/site\/wp-json\/wp\/v2\/posts"}],"about":[{"href":"http:\/\/www.marciomeirelles.com.br\/site\/wp-json\/wp\/v2\/types\/post"}],"author":[{"embeddable":true,"href":"http:\/\/www.marciomeirelles.com.br\/site\/wp-json\/wp\/v2\/users\/1"}],"replies":[{"embeddable":true,"href":"http:\/\/www.marciomeirelles.com.br\/site\/wp-json\/wp\/v2\/comments?post=1623"}],"version-history":[{"count":1,"href":"http:\/\/www.marciomeirelles.com.br\/site\/wp-json\/wp\/v2\/posts\/1623\/revisions"}],"predecessor-version":[{"id":1624,"href":"http:\/\/www.marciomeirelles.com.br\/site\/wp-json\/wp\/v2\/posts\/1623\/revisions\/1624"}],"wp:attachment":[{"href":"http:\/\/www.marciomeirelles.com.br\/site\/wp-json\/wp\/v2\/media?parent=1623"}],"wp:term":[{"taxonomy":"category","embeddable":true,"href":"http:\/\/www.marciomeirelles.com.br\/site\/wp-json\/wp\/v2\/categories?post=1623"},{"taxonomy":"post_tag","embeddable":true,"href":"http:\/\/www.marciomeirelles.com.br\/site\/wp-json\/wp\/v2\/tags?post=1623"}],"curies":[{"name":"wp","href":"https:\/\/api.w.org\/{rel}","templated":true}]}}