{"id":1638,"date":"2012-08-08T12:02:12","date_gmt":"2012-08-08T15:02:12","guid":{"rendered":"http:\/\/www.marciomeirelles.com.br\/site\/?p=1638"},"modified":"2012-08-08T12:14:30","modified_gmt":"2012-08-08T15:14:30","slug":"mais-alguns-dias-para-dracula","status":"publish","type":"post","link":"http:\/\/www.marciomeirelles.com.br\/site\/2012\/08\/mais-alguns-dias-para-dracula\/","title":{"rendered":"MAIS ALGUNS DIAS PARA DR\u00c1CULA"},"content":{"rendered":"<p style=\"text-align: left;\" align=\"CENTER\"><span style=\"font-family: Tahoma; font-size: small;\">&#8211; estr\u00e9ia<\/span><span style=\"font-size: medium;\"> de DR\u00c1CULA<\/span><\/p>\n<p style=\"text-align: left;\" align=\"CENTER\"><span style=\"font-size: medium;\">no teatro vila velha\u00a0<\/span><span style=\"font-size: medium;\">\u00e9 adiada<\/span><\/p>\n<p style=\"text-align: left;\" align=\"CENTER\"><span style=\"font-size: medium;\">para o dia 17 de agosto &#8211;<\/span><\/p>\n<p><a href=\"http:\/\/www.marciomeirelles.com.br\/site\/wp-content\/uploads\/2012\/08\/RAFEL-MEDRADO-LIS-LUCIDDI_-foto-jo\u00e0o-meirelles.jpeg\"><img loading=\"lazy\" class=\"aligncenter size-medium wp-image-1639\" title=\"RAFEL MEDRADO LIS LUCIDDI_ foto jo\u00e0o meirelles\" src=\"http:\/\/www.marciomeirelles.com.br\/site\/wp-content\/uploads\/2012\/08\/RAFEL-MEDRADO-LIS-LUCIDDI_-foto-jo\u00e0o-meirelles-300x200.jpg\" alt=\"\" width=\"300\" height=\"200\" srcset=\"http:\/\/www.marciomeirelles.com.br\/site\/wp-content\/uploads\/2012\/08\/RAFEL-MEDRADO-LIS-LUCIDDI_-foto-jo\u00e0o-meirelles-300x200.jpg 300w, http:\/\/www.marciomeirelles.com.br\/site\/wp-content\/uploads\/2012\/08\/RAFEL-MEDRADO-LIS-LUCIDDI_-foto-jo\u00e0o-meirelles.jpeg 960w\" sizes=\"(max-width: 300px) 100vw, 300px\" \/><\/a><\/p>\n<p style=\"text-align: center;\" align=\"JUSTIFY\"><span style=\"color: #000000;\"><span style=\"font-family: Georgia, 'Times New Roman', 'Bitstream Charter', Times, serif;\"><span style=\"font-size: xx-small;\"><span style=\"font-family: Tahoma;\">rafael medrado e lis luciddi &#8211; ao fundo luisa proserpio &#8211;\u00a0foto: jo\u00e3o meirelles<\/span><\/span><\/span><\/span><\/p>\n<p align=\"JUSTIFY\"><span style=\"font-family: Tahoma;\">DR\u00c1CULA teve sua estreia adiada para 17 de agosto de 2012, no Teatro Vila Velha, em Salvador. O mais recente trabalho dirigido por Marcio Meirelles, foi inspirado na obra de Bram Stoker e vem atraindo a curiosidade do p\u00fablico desde o an\u00fancio da sua montagem.<\/span><\/p>\n<p align=\"JUSTIFY\"><span style=\"font-family: Tahoma;\">Destacando o car\u00e1ter inovador do espet\u00e1culo, a releitura do cl\u00e1ssico subverte o papel do protagonista, j\u00e1 que n\u00e3o haver\u00e1 um ator interpretando o Conde Dr\u00e1cula, mas sim um discurso de proje\u00e7\u00f5es percorrendo a sala de espet\u00e1culos, com imagens, palavras e sons que contracenam com o elenco.<\/span><\/p>\n<p align=\"JUSTIFY\"><span style=\"font-family: Tahoma;\">Atrav\u00e9s de cartas, recortes de jornais, escritos de di\u00e1rios pessoais e de bordo a hist\u00f3ria se constr\u00f3i e convida o p\u00fablico para uma reflex\u00e3o sobre a sensualidade, o papel da mulher, a evolu\u00e7\u00e3o da sociedade e os monstros guardados em n\u00f3s.<\/span><\/p>\n<p align=\"JUSTIFY\"><span style=\"font-family: Tahoma;\">Diante da necessidade de reajustes das inser\u00e7\u00f5es tecnol\u00f3gicas, o diretor Marcio Meirelles optou pela troca de alguns equipamentos e software e, em respeito ao p\u00fablico, adiou a estreia para que pudesse corrigir estas quest\u00f5es e enfim a pe\u00e7a seja inteira e corretamente encenada a partir de 17 de agosto.\u00a0<\/span><\/p>\n<p align=\"JUSTIFY\"><span style=\"font-family: Tahoma;\">Servi\u00e7o:<\/span><\/p>\n<p align=\"JUSTIFY\"><span style=\"font-family: Tahoma;\">Espet\u00e1culo Teatral Dr\u00e1cula<\/span><\/p>\n<p align=\"JUSTIFY\"><span style=\"color: #000000;\">Temporadas: de <\/span><span style=\"color: #000000;\"><strong>17<\/strong><\/span><span style=\"color: #000000;\"> a 26 de agosto e de 14 a 23 de setembro de 2012<\/span><\/p>\n<p align=\"JUSTIFY\"><span style=\"font-family: Tahoma;\">Quando: de sexta a domingo, sempre \u00e0s 20h<\/span><\/p>\n<p align=\"JUSTIFY\"><span style=\"font-family: Tahoma;\">Onde: Teatro Vila Velha [Av Sete de Setembro, s\/n, Passeio P\u00fablico, Campo Grande, Salvador]<\/span><\/p>\n<p align=\"JUSTIFY\"><span style=\"font-family: Tahoma;\">Quanto: R$ 30 (inteira) e R$ 15 (meia entrada v\u00e1lida para idosos, estudantes e demais casos previstos em lei)<\/span><\/p>\n<p align=\"JUSTIFY\"><span style=\"font-family: Tahoma;\">Lota\u00e7\u00e3o: 180 lugares<\/span><\/p>\n<p align=\"JUSTIFY\"><span style=\"font-family: Tahoma;\">Classifica\u00e7\u00e3o indicativa: 14 anos<\/span><\/p>\n<p align=\"JUSTIFY\"><span style=\"font-family: Tahoma;\">Dura\u00e7\u00e3o: 2 horas<\/span><\/p>\n<p align=\"JUSTIFY\"><span style=\"font-family: Tahoma;\">Tel da bilheteria: (71) 3083-4600<\/span><\/p>\n<p align=\"JUSTIFY\"><span style=\"font-family: Tahoma;\">O p\u00fablico pode acompanhar o desenvolvimento do projeto atrav\u00e9s do site:<\/span><span style=\"color: #000080;\"><span style=\"text-decoration: underline;\"><span style=\"font-family: Tahoma;\"><a href=\"http:\/\/www.materialdracula.com\/\">http<\/a><a href=\"http:\/\/www.materialdracula.com\/\">:\/\/<\/a><a href=\"http:\/\/www.materialdracula.com\/\">www<\/a><a href=\"http:\/\/www.materialdracula.com\/\">.<\/a><a href=\"http:\/\/www.materialdracula.com\/\">materialdracula<\/a><a href=\"http:\/\/www.materialdracula.com\/\">.<\/a><a href=\"http:\/\/www.materialdracula.com\/\">com<\/a><\/span><\/span><\/span><span style=\"color: #434343;\"><span style=\"font-family: Tahoma;\">e das redes sociais:<\/span><\/span><\/p>\n<p align=\"JUSTIFY\"><span style=\"font-family: Tahoma;\">Facebook:<\/span><span style=\"color: #000080;\"><span style=\"text-decoration: underline;\"><span style=\"font-family: Tahoma;\"><a href=\"https:\/\/www.facebook.com\/materialdracula\">https:\/\/www.facebook.com\/materialdracula<\/a><\/span><\/span><\/span><\/p>\n<p align=\"JUSTIFY\"><span style=\"font-family: Tahoma;\"><br \/>\n<\/span><span style=\"color: #000080;\"><span style=\"text-decoration: underline;\"><span style=\"font-family: Tahoma;\"><a href=\"http:\/\/bahiamam.org\/labmam\/\">Flickr<\/a><a href=\"http:\/\/bahiamam.org\/labmam\/\">:<\/a><a href=\"http:\/\/www.flickr.com\/photos\/marciomeirelles\/sets\/72157629788092914\/\">http:\/\/www.flickr.com\/photos\/marciomeirelles\/sets\/72157629788092914\/<\/a><\/span><\/span><\/span><\/p>\n<p align=\"JUSTIFY\"><span style=\"color: #000000;\"><span style=\"font-family: Tahoma;\"><br \/>\nVimeo:<\/span><\/span><span style=\"color: #000080;\"><span style=\"text-decoration: underline;\"><span style=\"font-family: Tahoma;\"><a href=\"http:\/\/vimeo.com\/44257274\">http<\/a><a href=\"http:\/\/vimeo.com\/44257274\">:\/\/<\/a><a href=\"http:\/\/vimeo.com\/44257274\">vimeo<\/a><a href=\"http:\/\/vimeo.com\/44257274\">.<\/a><a href=\"http:\/\/vimeo.com\/44257274\">com<\/a><a href=\"http:\/\/vimeo.com\/44257274\">\/44257274<\/a><\/span><\/span><\/span><\/p>\n<p align=\"JUSTIFY\"><a name=\"h.o7swd58gdxmj\"><\/a><\/p>\n<p align=\"JUSTIFY\"><a name=\"h.83xm7njco1pi\"><\/a><span style=\"color: #000000;\"><span style=\"font-family: Tahoma;\">Mais informa\u00e7\u00f5es em:<\/span><\/span><span style=\"color: #000080;\"><span style=\"text-decoration: underline;\"><span style=\"font-family: Tahoma;\"><a href=\"http:\/\/www.materialdracula.com\/\">http<\/a><a href=\"http:\/\/www.materialdracula.com\/\">:\/\/<\/a><a href=\"http:\/\/www.materialdracula.com\/\">www<\/a><a href=\"http:\/\/www.materialdracula.com\/\">.<\/a><a href=\"http:\/\/www.materialdracula.com\/\">materialdracula<\/a><a href=\"http:\/\/www.materialdracula.com\/\">.<\/a><a href=\"http:\/\/www.materialdracula.com\/\">com<\/a><\/span><\/span><\/span><\/p>\n<p align=\"JUSTIFY\">\u00a0<span style=\"font-family: Tahoma;\">Atendimento \u00e0 imprensa:<\/span><\/p>\n<p align=\"JUSTIFY\"><span style=\"font-family: Tahoma;\">Aleksandra Pinheiro &#8211; (71) 9121-5359 &#8211; <\/span><span style=\"color: #000080;\"><span style=\"text-decoration: underline;\"><span style=\"font-family: Tahoma;\"><a href=\"mailto:alepinheiro@comunikapress.com.br\">alepinheiro<\/a><a href=\"mailto:alepinheiro@comunikapress.com.br\">@<\/a><a href=\"mailto:alepinheiro@comunikapress.com.br\">comunikapress<\/a><a href=\"mailto:alepinheiro@comunikapress.com.br\">.<\/a><a href=\"mailto:alepinheiro@comunikapress.com.br\">com<\/a><a href=\"mailto:alepinheiro@comunikapress.com.br\">.<\/a><a href=\"mailto:alepinheiro@comunikapress.com.br\">br<\/a><\/span><\/span><\/span><\/p>\n<p align=\"JUSTIFY\"><span style=\"font-family: Tahoma;\">e Jamile Amine &#8211; (71) 9993-5504 &#8211; <\/span><span style=\"color: #000080;\"><span style=\"text-decoration: underline;\"><span style=\"font-family: Tahoma;\"><a href=\"mailto:jamile.amine@comunikapress.com.br\">jamile<\/a><a href=\"mailto:jamile.amine@comunikapress.com.br\">.<\/a><a href=\"mailto:jamile.amine@comunikapress.com.br\">amine<\/a><a href=\"mailto:jamile.amine@comunikapress.com.br\">@<\/a><a href=\"mailto:jamile.amine@comunikapress.com.br\">comunikapress<\/a><a href=\"mailto:jamile.amine@comunikapress.com.br\">.<\/a><a href=\"mailto:jamile.amine@comunikapress.com.br\">com<\/a><a href=\"mailto:jamile.amine@comunikapress.com.br\">.<\/a><a href=\"mailto:jamile.amine@comunikapress.com.br\">br<\/a><\/span><\/span><\/span><\/p>\n<p align=\"JUSTIFY\"><span style=\"font-family: Tahoma;\">Comunika Press (71) 3497-5000<\/span><\/p>\n<p>&nbsp;<\/p>\n","protected":false},"excerpt":{"rendered":"<p>&#8211; estr\u00e9ia de DR\u00c1CULA no teatro vila velha\u00a0\u00e9 adiada para o dia 17 de agosto &#8211; rafael medrado e lis luciddi &#8211; ao fundo luisa proserpio &#8211;\u00a0foto: jo\u00e3o meirelles DR\u00c1CULA teve sua estreia adiada para 17 de agosto de 2012, no Teatro Vila Velha, em Salvador. O mais recente trabalho<\/p>\n","protected":false},"author":1,"featured_media":1639,"comment_status":"open","ping_status":"open","sticky":false,"template":"","format":"standard","meta":[],"categories":[4],"tags":[72,22,12,287,73,286,89,20,32,288,472,64,104,13],"_links":{"self":[{"href":"http:\/\/www.marciomeirelles.com.br\/site\/wp-json\/wp\/v2\/posts\/1638"}],"collection":[{"href":"http:\/\/www.marciomeirelles.com.br\/site\/wp-json\/wp\/v2\/posts"}],"about":[{"href":"http:\/\/www.marciomeirelles.com.br\/site\/wp-json\/wp\/v2\/types\/post"}],"author":[{"embeddable":true,"href":"http:\/\/www.marciomeirelles.com.br\/site\/wp-json\/wp\/v2\/users\/1"}],"replies":[{"embeddable":true,"href":"http:\/\/www.marciomeirelles.com.br\/site\/wp-json\/wp\/v2\/comments?post=1638"}],"version-history":[{"count":6,"href":"http:\/\/www.marciomeirelles.com.br\/site\/wp-json\/wp\/v2\/posts\/1638\/revisions"}],"predecessor-version":[{"id":1641,"href":"http:\/\/www.marciomeirelles.com.br\/site\/wp-json\/wp\/v2\/posts\/1638\/revisions\/1641"}],"wp:featuredmedia":[{"embeddable":true,"href":"http:\/\/www.marciomeirelles.com.br\/site\/wp-json\/wp\/v2\/media\/1639"}],"wp:attachment":[{"href":"http:\/\/www.marciomeirelles.com.br\/site\/wp-json\/wp\/v2\/media?parent=1638"}],"wp:term":[{"taxonomy":"category","embeddable":true,"href":"http:\/\/www.marciomeirelles.com.br\/site\/wp-json\/wp\/v2\/categories?post=1638"},{"taxonomy":"post_tag","embeddable":true,"href":"http:\/\/www.marciomeirelles.com.br\/site\/wp-json\/wp\/v2\/tags?post=1638"}],"curies":[{"name":"wp","href":"https:\/\/api.w.org\/{rel}","templated":true}]}}