{"id":1699,"date":"2012-12-05T20:30:22","date_gmt":"2012-12-05T23:30:22","guid":{"rendered":"http:\/\/www.marciomeirelles.com.br\/site\/?p=1699"},"modified":"2012-12-05T22:55:45","modified_gmt":"2012-12-06T01:55:45","slug":"iii-eipi","status":"publish","type":"post","link":"http:\/\/www.marciomeirelles.com.br\/site\/2012\/12\/iii-eipi\/","title":{"rendered":"III EIPI"},"content":{"rendered":"<p>fala na mesa EMPRESA E CULTURA no III ENCONTRO INTERNACIONAL DE POL\u00cdTICAS DE INTERC\u00c2MBIO NO \u00c2MBITO DAS ARTES C\u00caNCIAS em santiago de compostela (02\/12\/2012):\u00a0<a href=\"https:\/\/vimeo.com\/54881335\">54881335<\/a><\/p>\n<div id=\"attachment_1704\" style=\"width: 310px\" class=\"wp-caption alignleft\"><a href=\"http:\/\/www.marciomeirelles.com.br\/site\/wp-content\/uploads\/2012\/12\/20121130_IMG_99_221.jpg\"><img aria-describedby=\"caption-attachment-1704\" loading=\"lazy\" class=\"size-medium wp-image-1704\" title=\"cidade da cultura da gal\u00edcia\" src=\"http:\/\/www.marciomeirelles.com.br\/site\/wp-content\/uploads\/2012\/12\/20121130_IMG_99_221-300x200.jpg\" alt=\"cidade da cultura da gal\u00edcia\" width=\"300\" height=\"200\" srcset=\"http:\/\/www.marciomeirelles.com.br\/site\/wp-content\/uploads\/2012\/12\/20121130_IMG_99_221-300x200.jpg 300w, http:\/\/www.marciomeirelles.com.br\/site\/wp-content\/uploads\/2012\/12\/20121130_IMG_99_221.jpg 640w\" sizes=\"(max-width: 300px) 100vw, 300px\" \/><\/a><p id=\"caption-attachment-1704\" class=\"wp-caption-text\">cidade da cultura da gal\u00edcia - onde aconteceu o encontro<\/p><\/div>\n","protected":false},"excerpt":{"rendered":"<p>fala na mesa EMPRESA E CULTURA no III ENCONTRO INTERNACIONAL DE POL\u00cdTICAS DE INTERC\u00c2MBIO NO \u00c2MBITO DAS ARTES C\u00caNCIAS em santiago de compostela (02\/12\/2012):\u00a054881335<\/p>\n","protected":false},"author":1,"featured_media":1704,"comment_status":"open","ping_status":"open","sticky":false,"template":"","format":"standard","meta":[],"categories":[4],"tags":[73,147,82,20,18,129,109,84,32,76,472,64,104],"_links":{"self":[{"href":"http:\/\/www.marciomeirelles.com.br\/site\/wp-json\/wp\/v2\/posts\/1699"}],"collection":[{"href":"http:\/\/www.marciomeirelles.com.br\/site\/wp-json\/wp\/v2\/posts"}],"about":[{"href":"http:\/\/www.marciomeirelles.com.br\/site\/wp-json\/wp\/v2\/types\/post"}],"author":[{"embeddable":true,"href":"http:\/\/www.marciomeirelles.com.br\/site\/wp-json\/wp\/v2\/users\/1"}],"replies":[{"embeddable":true,"href":"http:\/\/www.marciomeirelles.com.br\/site\/wp-json\/wp\/v2\/comments?post=1699"}],"version-history":[{"count":5,"href":"http:\/\/www.marciomeirelles.com.br\/site\/wp-json\/wp\/v2\/posts\/1699\/revisions"}],"predecessor-version":[{"id":1703,"href":"http:\/\/www.marciomeirelles.com.br\/site\/wp-json\/wp\/v2\/posts\/1699\/revisions\/1703"}],"wp:featuredmedia":[{"embeddable":true,"href":"http:\/\/www.marciomeirelles.com.br\/site\/wp-json\/wp\/v2\/media\/1704"}],"wp:attachment":[{"href":"http:\/\/www.marciomeirelles.com.br\/site\/wp-json\/wp\/v2\/media?parent=1699"}],"wp:term":[{"taxonomy":"category","embeddable":true,"href":"http:\/\/www.marciomeirelles.com.br\/site\/wp-json\/wp\/v2\/categories?post=1699"},{"taxonomy":"post_tag","embeddable":true,"href":"http:\/\/www.marciomeirelles.com.br\/site\/wp-json\/wp\/v2\/tags?post=1699"}],"curies":[{"name":"wp","href":"https:\/\/api.w.org\/{rel}","templated":true}]}}