{"id":174,"date":"2010-05-14T11:37:40","date_gmt":"2010-05-14T14:37:40","guid":{"rendered":"http:\/\/www.marciomeirelles.com.br\/site\/?p=174"},"modified":"2011-09-14T11:49:54","modified_gmt":"2011-09-14T14:49:54","slug":"meus-cumprimentos-ao-marcio-meirelles","status":"publish","type":"post","link":"http:\/\/www.marciomeirelles.com.br\/site\/2010\/05\/meus-cumprimentos-ao-marcio-meirelles\/","title":{"rendered":"Meus cumprimentos ao Marcio Meirelles"},"content":{"rendered":"<p><em>Texto enviado pelo documentarista Joatan Berbel, via e-mail, ao professor e pesquisador Pablo Miguez, em 14 de maio de 2010, ap\u00f3s <a href=\"http:\/\/www.marciomeirelles.com.br\/site\/2010\/05\/pelo-pelourinho\/\">resposta de Marcio Meirelles<\/a>, publicada no jornal O Globo, a coluna da Caetano Veloso sobre o Pelourinho, na qual cita Marcio Meirelles, Secret\u00e1rio de Cultura do Estado da Bahia.<\/em><\/p>\n<p>&nbsp;<\/p>\n<p>Caro Paulo,<\/p>\n<p>N\u00e3o tenho o email do Marcio Meirelles, para expressar-lhe diretamente os meus cumprimentos pela bela, precisa e civilizada carta que ele enviou ao Segundo Caderno do O Globo de hoje, em resposta ao artigo que Caetano Veloso publicou no mesmo jornal, domingo passado. A carta de Marcio, deveria ser integrada numa declara\u00e7\u00e3o a ser lida nos Encontros dos Secret\u00e1rios de Cultura.<\/p>\n<p>Reagi ao artigo do Caetano, escrevendo um email para a editoria do Segundo Caderno, onde digo: [1. O fato de ter uma coluna com Caetano Veloso, n\u00e3o garante que Caetano Veloso seja capaz de produzir um conte\u00fado interessante.<\/p>\n<p>&#8211; O artigo dele cheira a requentado. \u00c9 antigo e conceitualmente ultrapassado.<\/p>\n<p>&#8211; Ainda mais que a mat\u00e9ria da p\u00e1gina 3, reflete uma outra vis\u00e3o que n\u00e3o \u00e9 nem contempor\u00e2nea e muito menos Bahiana. E choca com a vis\u00e3o de Caetano.<\/p>\n<p>A minha cr\u00edtica \u00e9 mais abrangente e dizia respeito \u00e0 nova proposta editorial do Segundo Caderno, falava na condi\u00e7\u00e3o de assinante. Mas, n\u00e3o deixei de\u00a0ver o quanto o Caetano se revela ref\u00e9m do pensamento patrimonialista que fundou a no\u00e7\u00e3o de patrimonio hist\u00f3rico no Brasil e que d\u00e1 ao IPHAN, e por\u00a0consequencia este poder imperial intervencionista.<\/p>\n<p>A carta do M\u00e1rcio \u00e9 uma declara\u00e7\u00e3o de princ\u00edpios que todos os gestores p\u00fablicos deveriam assumir.<\/p>\n<p>Tenho saudade do tempo da Secretaria da M\u00fasica e Artes Cenicas, quando ia a Salvador para conversar com o Marcio, e ouvir suas id\u00e9ias sobre\u00a0o Teatro Vila Velha.<\/p>\n<p>Tenho o CD Trilhas do Vila, que foi apoiado pela Secretaria naquela \u00e9poca. Este CD tem as m\u00fasicas de JARBAS BITTENCOURT, que a meu ver\u00a0j\u00e1 deveria ter alcan\u00e7ado renome nacional e internacional.<\/p>\n<p>Se n\u00e3o for inc\u00f4modo para vc! Por favor transmita estas palavras ao Marcio.<\/p>\n<p>PS. Seria oportundo resgatar o filme &#8220;Comunidade dos Maciel&#8221;, dirigido por Olney S\u00e3o Paulo e Tuna Espinheira (tenho d\u00favidas se s\u00e3o os dois ou \u00e9 s\u00f3 o Tuna),\u00a0que retrata a vida da comunidades das prostitutas que viviam na regi\u00e3o central da cidade. Vi este filme na Jornada Brasileira de Curta-Metragem de 1974, a\u00a0primeira vez que fui a Salvador. O filme estava censurado e foi exibido numa sess\u00e3o secreta para poucos.<\/p>\n<p>abrcs<br \/>\nJoatan<\/p>\n<p>&nbsp;<\/p>\n","protected":false},"excerpt":{"rendered":"<p>Texto enviado pelo documentarista Joatan Berbel, via e-mail, ao professor e pesquisador Pablo Miguez, em 14 de maio de 2010, ap\u00f3s resposta de Marcio Meirelles, publicada no jornal O Globo, a coluna da Caetano Veloso sobre o Pelourinho, na qual cita Marcio Meirelles, Secret\u00e1rio de Cultura do Estado da Bahia.<\/p>\n","protected":false},"author":1,"featured_media":0,"comment_status":"open","ping_status":"open","sticky":false,"template":"","format":"standard","meta":[],"categories":[6],"tags":[],"_links":{"self":[{"href":"http:\/\/www.marciomeirelles.com.br\/site\/wp-json\/wp\/v2\/posts\/174"}],"collection":[{"href":"http:\/\/www.marciomeirelles.com.br\/site\/wp-json\/wp\/v2\/posts"}],"about":[{"href":"http:\/\/www.marciomeirelles.com.br\/site\/wp-json\/wp\/v2\/types\/post"}],"author":[{"embeddable":true,"href":"http:\/\/www.marciomeirelles.com.br\/site\/wp-json\/wp\/v2\/users\/1"}],"replies":[{"embeddable":true,"href":"http:\/\/www.marciomeirelles.com.br\/site\/wp-json\/wp\/v2\/comments?post=174"}],"version-history":[{"count":1,"href":"http:\/\/www.marciomeirelles.com.br\/site\/wp-json\/wp\/v2\/posts\/174\/revisions"}],"predecessor-version":[{"id":175,"href":"http:\/\/www.marciomeirelles.com.br\/site\/wp-json\/wp\/v2\/posts\/174\/revisions\/175"}],"wp:attachment":[{"href":"http:\/\/www.marciomeirelles.com.br\/site\/wp-json\/wp\/v2\/media?parent=174"}],"wp:term":[{"taxonomy":"category","embeddable":true,"href":"http:\/\/www.marciomeirelles.com.br\/site\/wp-json\/wp\/v2\/categories?post=174"},{"taxonomy":"post_tag","embeddable":true,"href":"http:\/\/www.marciomeirelles.com.br\/site\/wp-json\/wp\/v2\/tags?post=174"}],"curies":[{"name":"wp","href":"https:\/\/api.w.org\/{rel}","templated":true}]}}