{"id":1792,"date":"2014-01-19T18:52:49","date_gmt":"2014-01-19T21:52:49","guid":{"rendered":"http:\/\/www.marciomeirelles.com.br\/site\/?p=1792"},"modified":"2014-01-19T18:54:24","modified_gmt":"2014-01-19T21:54:24","slug":"espelho-para-cegos-parte-de-metaforas-para-denunciar-o-vazio-da-sociedade-contemporanea","status":"publish","type":"post","link":"http:\/\/www.marciomeirelles.com.br\/site\/2014\/01\/espelho-para-cegos-parte-de-metaforas-para-denunciar-o-vazio-da-sociedade-contemporanea\/","title":{"rendered":"&#8216;Espelho para cegos&#8217; parte de met\u00e1foras para denunciar o vazio da sociedade contempor\u00e2nea"},"content":{"rendered":"<p><img title=\" (Marcio Lima\/Divulga\u00e7\u00e3o)\" src=\"http:\/\/imgsapp.divirta-se.uai.com.br\/app\/noticia_133890394703\/2014\/01\/17\/150565\/20140117094807954949o.jpg\" alt=\" (Marcio Lima\/Divulga\u00e7\u00e3o)\" border=\"0\" \/><\/p>\n<p>Fragmentos do cotidiano de uma cidade que passou por tr\u00eas invas\u00f5es est\u00e3o na pe\u00e7a &#8216;Espelho para cegos&#8217;, do romeno Mat\u00e9i Visniec, que ser\u00e1 apresentada de sexta a domingo, no Grande Teatro do Sesc Palladium. Primeiro, borboletas coloridas devoram quem anda r\u00e1pido perto delas. Depois, carac\u00f3is saem de todas as partes, inclusive da boca, quando se fala. Houve tamb\u00e9m a chegada dos bichos-chuva, que destroem a subst\u00e2ncia das coisas, esvaziando tudo, inclusive o c\u00e9rebro. A dire\u00e7\u00e3o do espet\u00e1culo \u00e9 do baiano M\u00e1rcio Meirelles e o elenco \u00e9 de dois grupos de Salvador: Teatro dos Novos e Universidade Livre de Teatro Vila Velha. O espet\u00e1culo integra a programa\u00e7\u00e3o da oitava edi\u00e7\u00e3o do Ver\u00e3o Arte Contempor\u00e2nea (VAC).<br \/>\n\u201cO que est\u00e1 no palco \u00e9 o que vivemos: a cidade vazia, fechada em c\u00edrculos, pessoas fugindo para outros lugares. Um sistema de for\u00e7as em decomposi\u00e7\u00e3o, que leva ao marasmo indolente e \u00e0 perman\u00eancia de tudo como est\u00e1\u201d, explica M\u00e1rcio Meirelles, contando que o texto traz o que ele gostaria de dizer ao p\u00fablico. O diretor v\u00ea na pe\u00e7a desde temas ligados \u00e0 ang\u00fastia, ao sil\u00eancio e \u00e0 solid\u00e3o das pessoas como \u00e0 sociedade que obriga a consumir tudo, histericamente. Tudo com interpreta\u00e7\u00e3o realista, visando criar conex\u00e3o entre o discurso metaf\u00f3rico e a plateia. \u201c\u00c9 assim que entramos nos sonhos, como se tudo fosse real\u201d, justifica.<\/p>\n<p>M\u00e1rcio Meirelles tem 59 anos, \u00e9 encenador, cen\u00f3grafo e figurinista. Como a atriz Jurema Machado era amiga da m\u00e3e dele, desde crian\u00e7a ouvia falar de teatro, assistia a ensaios e pe\u00e7as. Ter integrado grupo de teatro, na universidade, no in\u00edcio dos anos 1970, foi decisivo para certas convic\u00e7\u00f5es: \u201cEntendi que teatro \u00e9 arma de luta por causas at\u00e9 perdidas\u201d, observa o criador. O diretor admira os trabalhos de Jos\u00e9 Celso Martinez. \u201cPelo sentido de urg\u00eancia, car\u00e1ter ritual\u00edstico, conex\u00e3o com a polis. E pela virul\u00eancia e vivacidade de tudo o que ele faz\u201d, explica.<\/p>\n<p>CRISE\u00a0Para Meirelles, grande desafio \u00e9 a crise gerada por momento em que qualquer um pode \u201crepresentar a si mesmo\u201d (com o celular, por exemplo) e ter grande p\u00fablico, o que levaria a desinteresse pelo teatro. \u201cO teatro pode ser, de novo, urgente, necess\u00e1rio. Voltar a ser um lugar em que o p\u00fablico se veja, reveja e at\u00e9 se distraia. Pode voltar a ser o lugar do debate\u201d, defende, elogiando o movimento Passe Livre pelo fato de ele colocar a sociedade para discutir. Meirelles acha positiva a multiplica\u00e7\u00e3o de est\u00e9ticas (teatro instala\u00e7\u00e3o, liter\u00e1rio, televisivo, tecno etc.) na cena contempor\u00e2nea. \u201cMas qualidade \u00e9 essencial\u201d, observa.<\/p>\n<p style=\"text-align: right;\">Walter Sebasti\u00e3o para o Estado de Minas Cultura<\/p>\n<p style=\"text-align: right;\">Publica\u00e7\u00e3o:17\/01\/2014<\/p>\n<p style=\"text-align: right;\">http:\/\/divirta-se.uai.com.br\/app\/noticia\/arte-e-livros\/2014\/01\/17\/noticia_arte_e_livros,150565\/nao-ve-quem-nao-quer.shtml<\/p>\n","protected":false},"excerpt":{"rendered":"<p>Fragmentos do cotidiano de uma cidade que passou por tr\u00eas invas\u00f5es est\u00e3o na pe\u00e7a &#8216;Espelho para cegos&#8217;, do romeno Mat\u00e9i Visniec, que ser\u00e1 apresentada de sexta a domingo, no Grande Teatro do Sesc Palladium. Primeiro, borboletas coloridas devoram quem anda r\u00e1pido perto delas. Depois, carac\u00f3is saem de todas as partes,<\/p>\n","protected":false},"author":2,"featured_media":1793,"comment_status":"open","ping_status":"open","sticky":false,"template":"","format":"standard","meta":[],"categories":[4,8,6,24],"tags":[72,22,12,73,338,20,326,340,129,472,64,104,339,13],"_links":{"self":[{"href":"http:\/\/www.marciomeirelles.com.br\/site\/wp-json\/wp\/v2\/posts\/1792"}],"collection":[{"href":"http:\/\/www.marciomeirelles.com.br\/site\/wp-json\/wp\/v2\/posts"}],"about":[{"href":"http:\/\/www.marciomeirelles.com.br\/site\/wp-json\/wp\/v2\/types\/post"}],"author":[{"embeddable":true,"href":"http:\/\/www.marciomeirelles.com.br\/site\/wp-json\/wp\/v2\/users\/2"}],"replies":[{"embeddable":true,"href":"http:\/\/www.marciomeirelles.com.br\/site\/wp-json\/wp\/v2\/comments?post=1792"}],"version-history":[{"count":4,"href":"http:\/\/www.marciomeirelles.com.br\/site\/wp-json\/wp\/v2\/posts\/1792\/revisions"}],"predecessor-version":[{"id":1797,"href":"http:\/\/www.marciomeirelles.com.br\/site\/wp-json\/wp\/v2\/posts\/1792\/revisions\/1797"}],"wp:featuredmedia":[{"embeddable":true,"href":"http:\/\/www.marciomeirelles.com.br\/site\/wp-json\/wp\/v2\/media\/1793"}],"wp:attachment":[{"href":"http:\/\/www.marciomeirelles.com.br\/site\/wp-json\/wp\/v2\/media?parent=1792"}],"wp:term":[{"taxonomy":"category","embeddable":true,"href":"http:\/\/www.marciomeirelles.com.br\/site\/wp-json\/wp\/v2\/categories?post=1792"},{"taxonomy":"post_tag","embeddable":true,"href":"http:\/\/www.marciomeirelles.com.br\/site\/wp-json\/wp\/v2\/tags?post=1792"}],"curies":[{"name":"wp","href":"https:\/\/api.w.org\/{rel}","templated":true}]}}