{"id":1804,"date":"2014-01-23T02:25:55","date_gmt":"2014-01-23T05:25:55","guid":{"rendered":"http:\/\/www.marciomeirelles.com.br\/site\/?p=1804"},"modified":"2014-01-23T02:28:40","modified_gmt":"2014-01-23T05:28:40","slug":"finalizacao-da-temporada-de-por-que-hecuba","status":"publish","type":"post","link":"http:\/\/www.marciomeirelles.com.br\/site\/2014\/01\/finalizacao-da-temporada-de-por-que-hecuba\/","title":{"rendered":"Finaliza\u00e7\u00e3o da temporada de &#8220;Por que H\u00e9cuba&#8221;"},"content":{"rendered":"<div>\n<div id=\"attachment_1805\" style=\"width: 310px\" class=\"wp-caption aligncenter\"><a href=\"http:\/\/www.marciomeirelles.com.br\/site\/wp-content\/uploads\/2014\/01\/IMG_4853.jpg\"><img aria-describedby=\"caption-attachment-1805\" loading=\"lazy\" class=\"size-medium wp-image-1805\" title=\"tiago querino - o pastor em POR QUE H\u00c9CUBA\" src=\"http:\/\/www.marciomeirelles.com.br\/site\/wp-content\/uploads\/2014\/01\/IMG_4853-300x200.jpg\" alt=\"tiago querino - o pastor em POR QUE H\u00c9CUBA\" width=\"300\" height=\"200\" srcset=\"http:\/\/www.marciomeirelles.com.br\/site\/wp-content\/uploads\/2014\/01\/IMG_4853-300x200.jpg 300w, http:\/\/www.marciomeirelles.com.br\/site\/wp-content\/uploads\/2014\/01\/IMG_4853-1024x682.jpg 1024w\" sizes=\"(max-width: 300px) 100vw, 300px\" \/><\/a><p id=\"caption-attachment-1805\" class=\"wp-caption-text\">tiago querino - o pastor em POR QUE H\u00c9CUBA<\/p><\/div>\n<\/div>\n<div style=\"text-align: right;\">Por\u00a0<a href=\"https:\/\/www.facebook.com\/tiago.querino.9\" data-hovercard=\"\/ajax\/hovercard\/user.php?id=1767331459\">Tiago Querino<\/a>, Quinta, 23 de janeiro de 2014 \u00e0s 02:31<\/div>\n<div>\n<p>Quando escuto o primeiro sinal eu estou na produ\u00e7\u00e3o com Iana Nascimento e Chica Carelli. A gente aproveita para conversar sobre coisas da vida, teatro, viagens, camarim, a chave do camarim, nervosismo e se tem p\u00fablico ou n\u00e3o. Isso tudo aquecendo a articula\u00e7\u00e3o, alongando o corpo, bebendo \u00e1gua e sempre buscando a concentra\u00e7\u00e3o. Quando a gente escuta o segundo sinal, vamos para a escada. Ficamos concentrados por que j\u00e1 est\u00e1 muito perto de entrar em cena. Abrimos a porta que da ascesso a segunda galeria para escutar o texto inicial que Vinicius est\u00e1 lendo. Assim que acaba o texto, o sangue j\u00e1 est\u00e1 no olho, a barriga embrulhando e a adrenalina a mil por hora. \u00c9 a\u00ed que escutamos o terceiro sinal e o juiz apita nego. E quando o juiz apita voc\u00ea tem que entrar, e uma vez no picadeiro com o p\u00fablico todo te olhando n\u00e3o tem para onde correr. N\u00e3o tem mais volta irm\u00e3o. \u00c9 deixar a adrenalina tomar conta de todo seu corpo e respirar. E quando voc\u00ea mete o texto \u00e9 tudo nosso. \u00c9 tudo isso e mais um pouco que eu passo e vivo antes de entrar em cena. Eu gosto. \u00c9 bom e quero sempre mais. \u00c9 uma doen\u00e7a que n\u00e3o tem cura. &#8220;Por que H\u00e9cuba&#8221; \u00e9 especial para mim. &#8220;Por que H\u00e9cuba&#8221; \u00e9 a primeira montagem da Universidade LIVRE de Teatro Vila Velha. Nesse espet\u00e1culo eu n\u00e3o contraceno com todos da LIVRE. Eu jogo mais com Iana e Vado. Iana e Vado s\u00e3o pessoas \u00f3timas para trabalhar. Escutam, querem fazer, gostam de ensaiar, adoram propor e isso \u00e9 necess\u00e1rio no teatro. Ainda mais um teatro como o nosso. Nosso processo foi muito r\u00e1pido. Acho que a gente ensaiou de verdade um m\u00eas e meio. E me recordo na sala M\u00e1rio Gusm\u00e3o dos nossos ensaios. Os tr\u00eas jogando, reagindo, se dirigindo tamb\u00e9m, dirigindo o colega, ajudando o colega que tem dificuldade. Tudo isso para que o espet\u00e1culo aconte\u00e7a. Tudo isso por que o teatro \u00e9 assim. Trabalhar com esses dois \u00e9 lindo. Por Vado a gente batia o texto at\u00e9 depois da pe\u00e7a. Eu colocava os p\u00e9s no Vila e ele jogava qualquer fala das nossas cenas. Era muito engra\u00e7ado. Para Vado n\u00e3o tem tempo ruim. Por isso que voc\u00ea faz parte da linha de frente. No meu time Vado joga de titular. Um cara que n\u00e3o tem besteira. E tem um cora\u00e7\u00e3o grande. Iana com seu jeito peculiar de ser, tambem me ajudou muito. Ianinha j\u00e1 tem outra forma de trabalhar. Ela tem seu tempo e aprendi a respeitar. Demora de ensaiar. Temos que ficar no p\u00e9. Mas, quando o couro comia \u00e9 s\u00f3 alegria. A humildade reina em Ianinha. Tambem na sala M\u00e1rio Gusm\u00e3o, a gente ensaiando muito, batendo texto, volta cena e ela um dia pediu com aquela cara de cachorro na chuva que ela faz bem: &#8220;Tiago me ajuda&#8221;. Eu te ajudo amor meu, voc\u00ea me ajudou muito. Isso foi um pouco do nosso processo. Um porcesso lindo, mas dif\u00edcil. Respirar teatro n\u00e3o \u00e9 f\u00e1cil. Viver n\u00e3o \u00e9 f\u00e1cil. \u00a0Espero que &#8220;Por que H\u00e9cuba&#8221; volte um dia a pisar no Vila Velha. Espero que Salvador escute os gritos de H\u00e9cuba. Espero ver Chica brincando com a gente sempre. O juiz apontou o meio de campo e a divers\u00e3o acabou. Todos foram embora. Estou no \u00f4nibus indo para casa com a cabe\u00e7a no vidro da janela cantando: &#8220;H\u00e9cuba, aqui est\u00e3o as cinzas de seu filho&#8221;. Seguimos!!!<\/p>\n<p>publicado no facebook em 23\/01\/2014<\/p>\n<p>https:\/\/www.facebook.com\/notes\/universidade-livre-de-teatro-vila-velha\/finaliza%C3%A7%C3%A3o-da-temporada-de-por-que-h%C3%A9cuba\/641174362611006<\/p>\n<\/div>\n","protected":false},"excerpt":{"rendered":"<p>Por\u00a0Tiago Querino, Quinta, 23 de janeiro de 2014 \u00e0s 02:31 Quando escuto o primeiro sinal eu estou na produ\u00e7\u00e3o com Iana Nascimento e Chica Carelli. A gente aproveita para conversar sobre coisas da vida, teatro, viagens, camarim, a chave do camarim, nervosismo e se tem p\u00fablico ou n\u00e3o. Isso tudo<\/p>\n","protected":false},"author":2,"featured_media":1805,"comment_status":"open","ping_status":"open","sticky":false,"template":"","format":"standard","meta":[],"categories":[4,6,24],"tags":[72,22,237,73,347,346,20,326,18,348,472,104,13,345],"_links":{"self":[{"href":"http:\/\/www.marciomeirelles.com.br\/site\/wp-json\/wp\/v2\/posts\/1804"}],"collection":[{"href":"http:\/\/www.marciomeirelles.com.br\/site\/wp-json\/wp\/v2\/posts"}],"about":[{"href":"http:\/\/www.marciomeirelles.com.br\/site\/wp-json\/wp\/v2\/types\/post"}],"author":[{"embeddable":true,"href":"http:\/\/www.marciomeirelles.com.br\/site\/wp-json\/wp\/v2\/users\/2"}],"replies":[{"embeddable":true,"href":"http:\/\/www.marciomeirelles.com.br\/site\/wp-json\/wp\/v2\/comments?post=1804"}],"version-history":[{"count":3,"href":"http:\/\/www.marciomeirelles.com.br\/site\/wp-json\/wp\/v2\/posts\/1804\/revisions"}],"predecessor-version":[{"id":1808,"href":"http:\/\/www.marciomeirelles.com.br\/site\/wp-json\/wp\/v2\/posts\/1804\/revisions\/1808"}],"wp:featuredmedia":[{"embeddable":true,"href":"http:\/\/www.marciomeirelles.com.br\/site\/wp-json\/wp\/v2\/media\/1805"}],"wp:attachment":[{"href":"http:\/\/www.marciomeirelles.com.br\/site\/wp-json\/wp\/v2\/media?parent=1804"}],"wp:term":[{"taxonomy":"category","embeddable":true,"href":"http:\/\/www.marciomeirelles.com.br\/site\/wp-json\/wp\/v2\/categories?post=1804"},{"taxonomy":"post_tag","embeddable":true,"href":"http:\/\/www.marciomeirelles.com.br\/site\/wp-json\/wp\/v2\/tags?post=1804"}],"curies":[{"name":"wp","href":"https:\/\/api.w.org\/{rel}","templated":true}]}}