{"id":1815,"date":"2014-01-25T00:38:10","date_gmt":"2014-01-25T03:38:10","guid":{"rendered":"http:\/\/www.marciomeirelles.com.br\/site\/?p=1815"},"modified":"2014-01-26T09:46:55","modified_gmt":"2014-01-26T12:46:55","slug":"por-que-hecuba","status":"publish","type":"post","link":"http:\/\/www.marciomeirelles.com.br\/site\/2014\/01\/por-que-hecuba\/","title":{"rendered":"POR QUE H\u00c9CUBA&#8230;"},"content":{"rendered":"<div title=\"Page 3\">\n<p style=\"text-align: right;\">texto de mat\u00e9i visniec:<\/p>\n<p style=\"text-align: right;\"><a href=\"http:\/\/www.marciomeirelles.com.br\/site\/wp-content\/uploads\/2014\/01\/IMG_51541.jpg\"><img loading=\"lazy\" class=\"aligncenter size-medium wp-image-1817\" title=\"universidade \" src=\"http:\/\/www.marciomeirelles.com.br\/site\/wp-content\/uploads\/2014\/01\/IMG_51541-300x200.jpg\" alt=\"\" width=\"300\" height=\"200\" srcset=\"http:\/\/www.marciomeirelles.com.br\/site\/wp-content\/uploads\/2014\/01\/IMG_51541-300x200.jpg 300w, http:\/\/www.marciomeirelles.com.br\/site\/wp-content\/uploads\/2014\/01\/IMG_51541-1024x682.jpg 1024w\" sizes=\"(max-width: 300px) 100vw, 300px\" \/><\/a><\/p>\n<p><span style=\"font-size: 13px; line-height: 19px;\">Jap\u00e3o, Brasil, Romenia&#8230; Tr\u00eas pa\u00edses onde minha pe\u00e7a \u201cPor que H\u00e9cuba\u201d foi encenada. Tr\u00eas pa\u00edses em tr\u00eas continentes. Ouso ver aqui um sinal, um s\u00edmbolo, uma esperan\u00e7a. Sinal de que os artistas em qualquer lugar do mundo partilham os mesmos valores. S\u00edmbolo de uma Internacional de pessoas de teatro que \u00e9 viva e vital, reativa aos problemas da atualidade e sens\u00edvel \u00e0 heran\u00e7a cultural da humanidade. E vejo tamb\u00e9m nessa aventura humana e art\u00edstica a esperan\u00e7a de que a cultura e a arte possam formar pouco a pouco o mundo, dirigindo-se ao esp\u00edrito, conquistando o p\u00fablico&#8230;<\/span><\/p>\n<p>\u201cPor que H\u00e9cuba\u201d \u00e9 uma pe\u00e7a sobre a viol\u00eancia, como \u201cH\u00e9cuba\u201d de Eur\u00edpedes. Mas na minha o olhar vai al\u00e9m, al\u00e9m do sofrimento e da vingan\u00e7a. Eu quis \u201cempurrar\u201d H\u00e9cuba para a revolta. Eu quis que essa mulher fruto da mitologia grega interpelasse os deuses, e com isso os pr\u00f3prios fundamentos da nossa civiliza\u00e7\u00e3o. Pois o verdadeiro debate est\u00e1 a\u00ed: por que constru\u00edmos tantas coisas sobre o sangue e a viol\u00eancia, sobre a guerra e o sofrimento? Vivemos num mundo onde, h\u00e1 quatro mil anos ou at\u00e9 mais, as guerras nunca terminam, onde os crimes se encadeiam sem parar, onde a viol\u00eancia \u00e9 banalizada, pior, transformada em base narrativa da industria do entrete- nimento e em modelo de comportamento.<\/p>\n<p>Onipresente, glorificada pelos jogos eletr\u00f4nicos e pelo cinema, a viol\u00eancia tornou-se um alimento cotidiano, uma droga que precisamos consumir diariamente em doses cada vez mais fortes&#8230;<br \/>\nTem tamb\u00e9m uma viol\u00eancia da imagem e da linguagem, uma agressividade da publicidade e da informa\u00e7\u00e3o. Estamos enfim em guerra contra n\u00f3s mesmos, filhos de uma viol\u00eancia milenar que se transmite pela mitologia, educa\u00e7\u00e3o, pol\u00edtica, cultura popular e o culto da competi\u00e7\u00e3o.<\/p>\n<p>Aqui est\u00e3o apenas algumas pistas da reflex\u00e3o que esta pe\u00e7a pode engendrar, sabendo que o teatro n\u00e3o pode nunca dar respostas completas, mas \u00e9 importante que ele possa trazer a tona quest\u00f5es essenciais.<br \/>\nGostaria tamb\u00e9m de saudar a toda a equipe reunida em torno do encenador Marcio Meirelles, que me fez descobrir o Brasil, a cidade de Salvador e um mundo de pessoas apaixonadas pelo teatro e pelo di\u00e1logo. Minha primeira viagem ao Brasil, em outubro de 2013, foi uma revela\u00e7\u00e3o, fonte de emo\u00e7\u00f5es e trocas, de inspira\u00e7\u00e3o e reflex\u00e3o. A Internacional de pessoas de teatro existe, a esperan\u00e7a \u00e9 poss\u00edvel. A prova \u00e9 a montagem da minha pe\u00e7a \u201cPor que H\u00e9cuba\u201d em Salvador, no Teatro Vila Velha!<\/p>\n<p style=\"text-align: center;\"><a href=\"http:\/\/www.marciomeirelles.com.br\/site\/wp-content\/uploads\/2014\/01\/unnamed.jpg\"><img loading=\"lazy\" class=\" wp-image-1818 aligncenter\" title=\"unnamed\" src=\"http:\/\/www.marciomeirelles.com.br\/site\/wp-content\/uploads\/2014\/01\/unnamed-229x300.jpg\" alt=\"\" width=\"229\" height=\"300\" srcset=\"http:\/\/www.marciomeirelles.com.br\/site\/wp-content\/uploads\/2014\/01\/unnamed-229x300.jpg 229w, http:\/\/www.marciomeirelles.com.br\/site\/wp-content\/uploads\/2014\/01\/unnamed.jpg 426w\" sizes=\"(max-width: 229px) 100vw, 229px\" \/><\/a><\/p>\n<p>Mat\u00e9i Visniec<\/p>\n<p>dezembro de 2014<\/p>\n<p>texto escrito para \u00a0o programa de POR QUE H\u00c9CUBA &#8211; montagem da universidade LIVRE de teatro vila velha q teve pre estreia no vila em 04\/01\/2014<\/p>\n<\/div>\n","protected":false},"excerpt":{"rendered":"<p>texto de mat\u00e9i visniec: Jap\u00e3o, Brasil, Romenia&#8230; Tr\u00eas pa\u00edses onde minha pe\u00e7a \u201cPor que H\u00e9cuba\u201d foi encenada. Tr\u00eas pa\u00edses em tr\u00eas continentes. Ouso ver aqui um sinal, um s\u00edmbolo, uma esperan\u00e7a. Sinal de que os artistas em qualquer lugar do mundo partilham os mesmos valores. S\u00edmbolo de uma Internacional de<\/p>\n","protected":false},"author":2,"featured_media":1818,"comment_status":"open","ping_status":"open","sticky":false,"template":"","format":"standard","meta":[],"categories":[4,6,24,5],"tags":[72,22,12,73,347,346,20,326,18,348,472,64,104,13],"_links":{"self":[{"href":"http:\/\/www.marciomeirelles.com.br\/site\/wp-json\/wp\/v2\/posts\/1815"}],"collection":[{"href":"http:\/\/www.marciomeirelles.com.br\/site\/wp-json\/wp\/v2\/posts"}],"about":[{"href":"http:\/\/www.marciomeirelles.com.br\/site\/wp-json\/wp\/v2\/types\/post"}],"author":[{"embeddable":true,"href":"http:\/\/www.marciomeirelles.com.br\/site\/wp-json\/wp\/v2\/users\/2"}],"replies":[{"embeddable":true,"href":"http:\/\/www.marciomeirelles.com.br\/site\/wp-json\/wp\/v2\/comments?post=1815"}],"version-history":[{"count":9,"href":"http:\/\/www.marciomeirelles.com.br\/site\/wp-json\/wp\/v2\/posts\/1815\/revisions"}],"predecessor-version":[{"id":1853,"href":"http:\/\/www.marciomeirelles.com.br\/site\/wp-json\/wp\/v2\/posts\/1815\/revisions\/1853"}],"wp:featuredmedia":[{"embeddable":true,"href":"http:\/\/www.marciomeirelles.com.br\/site\/wp-json\/wp\/v2\/media\/1818"}],"wp:attachment":[{"href":"http:\/\/www.marciomeirelles.com.br\/site\/wp-json\/wp\/v2\/media?parent=1815"}],"wp:term":[{"taxonomy":"category","embeddable":true,"href":"http:\/\/www.marciomeirelles.com.br\/site\/wp-json\/wp\/v2\/categories?post=1815"},{"taxonomy":"post_tag","embeddable":true,"href":"http:\/\/www.marciomeirelles.com.br\/site\/wp-json\/wp\/v2\/tags?post=1815"}],"curies":[{"name":"wp","href":"https:\/\/api.w.org\/{rel}","templated":true}]}}