{"id":1827,"date":"2014-01-25T07:25:08","date_gmt":"2014-01-25T10:25:08","guid":{"rendered":"http:\/\/www.marciomeirelles.com.br\/site\/?p=1827"},"modified":"2014-01-26T09:49:10","modified_gmt":"2014-01-26T12:49:10","slug":"outros-palcos-salvador-critica-troilus-e-cressida","status":"publish","type":"post","link":"http:\/\/www.marciomeirelles.com.br\/site\/2014\/01\/outros-palcos-salvador-critica-troilus-e-cressida\/","title":{"rendered":"Outros Palcos &#8211; Salvador &#8211; Cr\u00edtica\/ Troilus e Cr\u00e9ssida"},"content":{"rendered":"<div class=\"mceTemp mceIEcenter\" style=\"text-align: right;\">\n<dl id=\"\" class=\"wp-caption aligncenter\" style=\"width: 593px;\">\n<dt class=\"wp-caption-dt\"><img loading=\"lazy\" class=\" \" title=\"Coreografia coletiva encena a palavra de Shakespeare\" src=\"http:\/\/2.bp.blogspot.com\/-Y3Cy9F1PeZo\/UuEU_gqLi5I\/AAAAAAAACZs\/SrovKqwivxg\/s1600\/troilo+2.jpg\" alt=\"Coreografia coletiva encena a palavra de Shakespeare\" width=\"583\" height=\"379\" \/><\/dt>\n<dd class=\"wp-caption-dd\">Coreografia coletiva encena a palavra de Shakespeare<\/dd>\n<\/dl>\n<\/div>\n<p>A montagem deste texto de Shakespeare, pouco encenado pela complexidade de sua arquitetura dramat\u00fargica, fundamento hist\u00f3rico e dubiedades dos sentimentos humanos que explora, est\u00e1 em cartaz no Teatro Vila Velha, em Salvador, com dire\u00e7\u00e3o de M\u00e1rcio Meirelles. A ousadia de trazer \u00e0 cena essa \u00e9pica-tr\u00e1gica-farsesca-po\u00e9tica narrativa numa vers\u00e3o com jovem elenco, sem qualquer experi\u00eancia anterior, n\u00e3o deixa de ser um risco consider\u00e1vel. As limita\u00e7\u00f5es e dificuldades inerentes a um projeto t\u00e3o ambicioso foram, bravamente, contornados pela demonstra\u00e7\u00e3o deste grupo de 35 atores que cumpre com extremo empenho a dif\u00edcil tarefa de se lan\u00e7ar na constru\u00e7\u00e3o de uma cena vibrantemente arejada. Os atores, com m\u00e9dia de idade em torno dos 20 anos, a maioria sem nunca ter pisado em um palco, selecionados para a 28\u00aa montagem do Curso Livre de Teatro da UFBA, revelam nesta primeira ocupa\u00e7\u00e3o de um palco que deram partida para levar adiante o aprendizado que, se continuado, pode resultar em carreira para alguns. A intensa, ao que se imagina, prepara\u00e7\u00e3o do elenco t\u00e3o cru se torna mais not\u00e1vel quando defrontado com trama em que lux\u00faria e lutas hostis se confundem em a\u00e7\u00f5es motivadas por raz\u00f5es pouco dignas da coragem e honra evocadas para os atos her\u00f3icos. Fixada numa complexidade de cita\u00e7\u00f5es (a maioria inacess\u00edvel ao espectador contempor\u00e2neo) e no paralelismo do entrecho, num jogo c\u00eanico de dezenas de personagens em a\u00e7\u00e3o quase simult\u00e2nea,\u00a0<em>Troilus e Cr\u00e9ssida\u00a0<\/em>\u00e9 uma empreitada \u00e1rdua diante das suas possibilidades de encena\u00e7\u00e3o, que se faz poss\u00edvel na atualidade ao apostar, unicamente,\u00a0\u00a0na for\u00e7a da linguagem e na sua po\u00e9tica exuberante. A palavra, mais do que a a\u00e7\u00e3o, deve corporificar-se como cena, fazer-se ouvir como teatro. Parcialmente, a encena\u00e7\u00e3o de M\u00e1rcio Meirelles se apropria da palavra shakespeariana, t\u00e3o cuidadosamente traduzida por Barbara Heliodora, para lan\u00e7\u00e1-la numa estrutura \u00e9pica, bem ao estilo do diretor baiano. Com a ocupa\u00e7\u00e3o da \u00e1rea longitudinal\u00a0\u00a0e das laterais do Teatro Vila Velha, o espet\u00e1culo se comp\u00f5e de imagens da permanente luta das guerras pol\u00edticas e individuais, em movimenta\u00e7\u00e3o grupal, marcada por percuss\u00e3o vigorosa e ilumina\u00e7\u00e3o expandida. Com recursos a pratic\u00e1veis que oscilam em planos mut\u00e1veis, as cenas ganham mais intensidade quando se armam como coreografia coletiva. Ainda que sem maior autoridade na apropria\u00e7\u00e3o da palavra, o inexperiente elenco procura encontrar a m\u00e9trica das falas, demonstrando uma percep\u00e7\u00e3o, sen\u00e3o extensa, pelo menos aproximada do que dizem.<\/p>\n<p>macksen luiz<\/p>\n<p>cr\u00edtica publicada originalmente no blog http:\/\/macksenluiz.blogspot.com.br\/2014\/01\/outros-palcos.html em 23\/01\/2014<\/p>\n<h2><\/h2>\n","protected":false},"excerpt":{"rendered":"<p>Coreografia coletiva encena a palavra de Shakespeare A montagem deste texto de Shakespeare, pouco encenado pela complexidade de sua arquitetura dramat\u00fargica, fundamento hist\u00f3rico e dubiedades dos sentimentos humanos que explora, est\u00e1 em cartaz no Teatro Vila Velha, em Salvador, com dire\u00e7\u00e3o de M\u00e1rcio Meirelles. A ousadia de trazer \u00e0 cena<\/p>\n","protected":false},"author":2,"featured_media":1831,"comment_status":"open","ping_status":"open","sticky":false,"template":"","format":"standard","meta":[],"categories":[4,6,24,5],"tags":[72,22,73,346,20,326,348,32,472,104,13],"_links":{"self":[{"href":"http:\/\/www.marciomeirelles.com.br\/site\/wp-json\/wp\/v2\/posts\/1827"}],"collection":[{"href":"http:\/\/www.marciomeirelles.com.br\/site\/wp-json\/wp\/v2\/posts"}],"about":[{"href":"http:\/\/www.marciomeirelles.com.br\/site\/wp-json\/wp\/v2\/types\/post"}],"author":[{"embeddable":true,"href":"http:\/\/www.marciomeirelles.com.br\/site\/wp-json\/wp\/v2\/users\/2"}],"replies":[{"embeddable":true,"href":"http:\/\/www.marciomeirelles.com.br\/site\/wp-json\/wp\/v2\/comments?post=1827"}],"version-history":[{"count":7,"href":"http:\/\/www.marciomeirelles.com.br\/site\/wp-json\/wp\/v2\/posts\/1827\/revisions"}],"predecessor-version":[{"id":1854,"href":"http:\/\/www.marciomeirelles.com.br\/site\/wp-json\/wp\/v2\/posts\/1827\/revisions\/1854"}],"wp:featuredmedia":[{"embeddable":true,"href":"http:\/\/www.marciomeirelles.com.br\/site\/wp-json\/wp\/v2\/media\/1831"}],"wp:attachment":[{"href":"http:\/\/www.marciomeirelles.com.br\/site\/wp-json\/wp\/v2\/media?parent=1827"}],"wp:term":[{"taxonomy":"category","embeddable":true,"href":"http:\/\/www.marciomeirelles.com.br\/site\/wp-json\/wp\/v2\/categories?post=1827"},{"taxonomy":"post_tag","embeddable":true,"href":"http:\/\/www.marciomeirelles.com.br\/site\/wp-json\/wp\/v2\/tags?post=1827"}],"curies":[{"name":"wp","href":"https:\/\/api.w.org\/{rel}","templated":true}]}}