{"id":190,"date":"2002-06-14T12:09:22","date_gmt":"2002-06-14T15:09:22","guid":{"rendered":"http:\/\/www.marciomeirelles.com.br\/site\/?p=190"},"modified":"2016-08-21T13:01:28","modified_gmt":"2016-08-21T16:01:28","slug":"ze-ulisses-ninguem","status":"publish","type":"post","link":"http:\/\/www.marciomeirelles.com.br\/site\/2002\/06\/ze-ulisses-ninguem\/","title":{"rendered":"Z\u00e9 Ulisses Ningu\u00e9m"},"content":{"rendered":"<p><em>Texto escrito em Salvador, em 14 de junho de 2002.<\/em><\/p>\n<p>&nbsp;<\/p>\n<p>Este Jos\u00e9 Ulisses da Silva \u00e9 mais um Z\u00e9 qualquer e mais um Ulisses. Mas n\u00e3o \u00e9 s\u00f3 mais um. Este \u00e9 parente de todos aqueles. Pertence a uma vasta linhagem de Ulisses. \u00c9 parente do grego, \u201co pluriardiloso Odisseu\u201d, de James Ulisses Joyce, e de muitos outros. Mas, ainda assim, n\u00e3o \u00e9 mais um.<\/p>\n<p>\u00c9 um Ulisses especial. Creio que pela primeira vez Ulisses \u00e9 uma mulher: Cristina Castro. Com o Viladan\u00e7a, poderosa tripula\u00e7\u00e3o de uma nave quase m\u00edtica, Cristina\/Ulisses empreende sua viagem pelo tempo, para que ele n\u00e3o se perca e n\u00e3o seja perdido. Enfrenta ciclopes fabulosos de um olho s\u00f3 e se nomeia Ningu\u00e9m.<\/p>\n<p>Ulisses \u00e9 Ningu\u00e9m.<\/p>\n<p>\u00c9 esse Z\u00e9, recriado Ulisses. Um Z\u00e9 Ningu\u00e9m que transita em meio \u00e0 cidade.<\/p>\n<p>A cidade \u00e9 Qualquer Uma, um agrupamento urbano com suas batalhas, suas contradi\u00e7\u00f5es. Onde o homem singular e an\u00f4nimo enfrenta odiss\u00e9ias di\u00e1rias para chegar \u00e0 sua \u00cdtaca natal. Onde se enfrenta o tempo, as ilus\u00f5es, as mentiras, os amigos se transformando em bestas pela sedu\u00e7\u00e3o de feiti\u00e7os de Circes, afogados e devorados por sereias midi\u00e1ticas, se n\u00e3o estiverem fortemente amarrados aos mastros de suas naves que navegam pelo asfalto negro rutilante da noite da cidade. Onde as mentiras das apar\u00eancias s\u00e3o cr\u00edveis e s\u00f3lidas, dif\u00edceis de se desmembrar. Onde a loucura \u00e9 ser e quase n\u00e3o ser mais, \u00e9 existir somente enquanto se \u00e9 not\u00edcia, momento rel\u00e2mpago entre o abrir e fechar do olho \u00fanico, e agora cego por Ningu\u00e9m, do ciclope\/tempo filho dileto do mar da vida.<\/p>\n<p>Assumir-se ningu\u00e9m como Ulisses \u00e9 ser parte do todo inteiramente. \u00c9 ser intang\u00edvel, intoc\u00e1vel, imponder\u00e1vel, improv\u00e1vel, indivis\u00edvel, irreconhec\u00edvel como parte. \u00c9 ser como a alma, como a dan\u00e7a, como tudo aquilo que cont\u00e9m o todo em si. Como o \u00c1tomo. Como Ningu\u00e9m. Assim \u00e9 Cristina assim \u00e9 o Viladan\u00e7a.<\/p>\n","protected":false},"excerpt":{"rendered":"<p>Texto escrito em Salvador, em 14 de junho de 2002. &nbsp; Este Jos\u00e9 Ulisses da Silva \u00e9 mais um Z\u00e9 qualquer e mais um Ulisses. Mas n\u00e3o \u00e9 s\u00f3 mais um. Este \u00e9 parente de todos aqueles. Pertence a uma vasta linhagem de Ulisses. \u00c9 parente do grego, \u201co pluriardiloso<\/p>\n","protected":false},"author":1,"featured_media":0,"comment_status":"open","ping_status":"open","sticky":false,"template":"","format":"standard","meta":[],"categories":[7],"tags":[72,22,12,55,73,57,58,20,18,129,13,56],"_links":{"self":[{"href":"http:\/\/www.marciomeirelles.com.br\/site\/wp-json\/wp\/v2\/posts\/190"}],"collection":[{"href":"http:\/\/www.marciomeirelles.com.br\/site\/wp-json\/wp\/v2\/posts"}],"about":[{"href":"http:\/\/www.marciomeirelles.com.br\/site\/wp-json\/wp\/v2\/types\/post"}],"author":[{"embeddable":true,"href":"http:\/\/www.marciomeirelles.com.br\/site\/wp-json\/wp\/v2\/users\/1"}],"replies":[{"embeddable":true,"href":"http:\/\/www.marciomeirelles.com.br\/site\/wp-json\/wp\/v2\/comments?post=190"}],"version-history":[{"count":4,"href":"http:\/\/www.marciomeirelles.com.br\/site\/wp-json\/wp\/v2\/posts\/190\/revisions"}],"predecessor-version":[{"id":2559,"href":"http:\/\/www.marciomeirelles.com.br\/site\/wp-json\/wp\/v2\/posts\/190\/revisions\/2559"}],"wp:attachment":[{"href":"http:\/\/www.marciomeirelles.com.br\/site\/wp-json\/wp\/v2\/media?parent=190"}],"wp:term":[{"taxonomy":"category","embeddable":true,"href":"http:\/\/www.marciomeirelles.com.br\/site\/wp-json\/wp\/v2\/categories?post=190"},{"taxonomy":"post_tag","embeddable":true,"href":"http:\/\/www.marciomeirelles.com.br\/site\/wp-json\/wp\/v2\/tags?post=190"}],"curies":[{"name":"wp","href":"https:\/\/api.w.org\/{rel}","templated":true}]}}