{"id":193,"date":"2003-03-08T12:11:18","date_gmt":"2003-03-08T15:11:18","guid":{"rendered":"http:\/\/www.marciomeirelles.com.br\/site\/?p=193"},"modified":"2014-03-10T15:14:19","modified_gmt":"2014-03-10T18:14:19","slug":"5-anos-do-viladanca","status":"publish","type":"post","link":"http:\/\/www.marciomeirelles.com.br\/site\/2003\/03\/5-anos-do-viladanca\/","title":{"rendered":"5 ANOS DE VILADAN\u00c7A"},"content":{"rendered":"<p style=\"text-align: center;\"><a style=\"font-size: 13px; line-height: 19px;\" href=\"http:\/\/www.marciomeirelles.com.br\/site\/wp-content\/uploads\/2003\/03\/06.jpg\"><img loading=\"lazy\" class=\" wp-image-2000 \" title=\"cristina castro - criadora do VILADAN\u00c7A - aqui em UM TAL DE DOM QUIXOTE - foto: marcio lima\" src=\"http:\/\/www.marciomeirelles.com.br\/site\/wp-content\/uploads\/2003\/03\/06-1024x733.jpg\" alt=\"\" width=\"614\" height=\"440\" srcset=\"http:\/\/www.marciomeirelles.com.br\/site\/wp-content\/uploads\/2003\/03\/06-1024x733.jpg 1024w, http:\/\/www.marciomeirelles.com.br\/site\/wp-content\/uploads\/2003\/03\/06-300x214.jpg 300w\" sizes=\"(max-width: 614px) 100vw, 614px\" \/><\/a><\/p>\n<div class=\"mceTemp mceIEcenter\">\n<dl id=\"attachment_2000\" class=\"wp-caption aligncenter\" style=\"width: 624px;\">\n<dd class=\"wp-caption-dd\">cristina castro &#8211; criadora do VILADAN\u00c7A &#8211; aqui em UM TAL DE DOM QUIXOTE &#8211; foto: marcio lima<\/dd>\n<\/dl>\n<\/div>\n<p>O Viladan\u00e7a sempre me emociona. Com a emo\u00e7\u00e3o profunda com que s\u00f3 o trabalho humano consegue emocionar.<br \/>\nTalvez deva usar uma palavra mais precisa que trabalho como labor ou engenho.<\/p>\n<p>O Viladan\u00e7a me emociona com a emo\u00e7\u00e3o profunda com que o esp\u00edrito humano transformado em a\u00e7\u00e3o consegue nos emocionar.<\/p>\n<p>Como terra arada, como roupa de cama limpa, como comida bem feita, como o v\u00f4o de um avi\u00e3o, como a caneta tinteiro, como l\u00e2mpada el\u00e9trica, como um pr\u00e9dio em constru\u00e7\u00e3o, como um poema.<\/p>\n<p>O Viladan\u00e7a me emociona sempre com a revela\u00e7\u00e3o da presen\u00e7a do esfor\u00e7o humano. Muito mais do que com a m\u00e1gica da leveza, com as apari\u00e7\u00f5es e imagens; mais do que com o alfabeto de gestos, as sequ\u00eancias precisas, os encaixes e v\u00f4os; mais do que com o surpreendente, o novo, a habilidade, o esp\u00edrito de aventura, o inusitado; mais do que com a resist\u00eancia f\u00edsica e o preparo t\u00e9cnico para executar os sonhos de movimento.<\/p>\n<p>O Viladan\u00e7a me emociona sempre muito por que ali, no centro do palco, h\u00e1 cinco anos, est\u00e1 a marca viva do labor humano de estar no mundo e torn\u00e1-lo hoje melhor que ontem.<\/p>\n<p style=\"text-align: right;\">marcio meirelles<\/p>\n<p style=\"text-align: right;\">rio, 8 de mar\u00e7o de 2003<\/p>\n","protected":false},"excerpt":{"rendered":"<p>cristina castro &#8211; criadora do VILADAN\u00c7A &#8211; aqui em UM TAL DE DOM QUIXOTE &#8211; foto: marcio lima O Viladan\u00e7a sempre me emociona. Com a emo\u00e7\u00e3o profunda com que s\u00f3 o trabalho humano consegue emocionar. Talvez deva usar uma palavra mais precisa que trabalho como labor ou engenho. O Viladan\u00e7a<\/p>\n","protected":false},"author":1,"featured_media":2000,"comment_status":"open","ping_status":"open","sticky":false,"template":"","format":"standard","meta":[],"categories":[7,94],"tags":[72,22,12,55,73,57,58,147,74,20,129,32,13],"_links":{"self":[{"href":"http:\/\/www.marciomeirelles.com.br\/site\/wp-json\/wp\/v2\/posts\/193"}],"collection":[{"href":"http:\/\/www.marciomeirelles.com.br\/site\/wp-json\/wp\/v2\/posts"}],"about":[{"href":"http:\/\/www.marciomeirelles.com.br\/site\/wp-json\/wp\/v2\/types\/post"}],"author":[{"embeddable":true,"href":"http:\/\/www.marciomeirelles.com.br\/site\/wp-json\/wp\/v2\/users\/1"}],"replies":[{"embeddable":true,"href":"http:\/\/www.marciomeirelles.com.br\/site\/wp-json\/wp\/v2\/comments?post=193"}],"version-history":[{"count":4,"href":"http:\/\/www.marciomeirelles.com.br\/site\/wp-json\/wp\/v2\/posts\/193\/revisions"}],"predecessor-version":[{"id":1999,"href":"http:\/\/www.marciomeirelles.com.br\/site\/wp-json\/wp\/v2\/posts\/193\/revisions\/1999"}],"wp:featuredmedia":[{"embeddable":true,"href":"http:\/\/www.marciomeirelles.com.br\/site\/wp-json\/wp\/v2\/media\/2000"}],"wp:attachment":[{"href":"http:\/\/www.marciomeirelles.com.br\/site\/wp-json\/wp\/v2\/media?parent=193"}],"wp:term":[{"taxonomy":"category","embeddable":true,"href":"http:\/\/www.marciomeirelles.com.br\/site\/wp-json\/wp\/v2\/categories?post=193"},{"taxonomy":"post_tag","embeddable":true,"href":"http:\/\/www.marciomeirelles.com.br\/site\/wp-json\/wp\/v2\/tags?post=193"}],"curies":[{"name":"wp","href":"https:\/\/api.w.org\/{rel}","templated":true}]}}