{"id":196,"date":"2004-09-14T12:12:57","date_gmt":"2004-09-14T15:12:57","guid":{"rendered":"http:\/\/www.marciomeirelles.com.br\/site\/?p=196"},"modified":"2014-03-09T23:17:33","modified_gmt":"2014-03-10T02:17:33","slug":"os-movimentos-do-viladanca","status":"publish","type":"post","link":"http:\/\/www.marciomeirelles.com.br\/site\/2004\/09\/os-movimentos-do-viladanca\/","title":{"rendered":"OS MOVIMENTOS DO VILADAN\u00c7A"},"content":{"rendered":"<div id=\"attachment_1978\" style=\"width: 504px\" class=\"wp-caption aligncenter\"><a href=\"http:\/\/www.marciomeirelles.com.br\/site\/wp-content\/uploads\/2004\/09\/Marcio-Lima-24.jpg\"><img aria-describedby=\"caption-attachment-1978\" loading=\"lazy\" class=\"size-full wp-image-1978\" title=\"SAGRA\u00c7\u00c3O DA VIDA TODA - foto: marcio lima\" src=\"http:\/\/www.marciomeirelles.com.br\/site\/wp-content\/uploads\/2004\/09\/Marcio-Lima-24.jpg\" alt=\"\" width=\"494\" height=\"713\" srcset=\"http:\/\/www.marciomeirelles.com.br\/site\/wp-content\/uploads\/2004\/09\/Marcio-Lima-24.jpg 494w, http:\/\/www.marciomeirelles.com.br\/site\/wp-content\/uploads\/2004\/09\/Marcio-Lima-24-207x300.jpg 207w\" sizes=\"(max-width: 494px) 100vw, 494px\" \/><\/a><p id=\"caption-attachment-1978\" class=\"wp-caption-text\">SAGRA\u00c7\u00c3O DA VIDA TODA - foto: marcio lima<\/p><\/div>\n<p>O Viladan\u00e7a foi criado em abril de 1998. Em maio o Teatro Vila Velha, renovado e ampliado, reabria suas portas para o p\u00fablico. E nesse mesmo ano, o grupo recebia o Pr\u00eamio de revela\u00e7\u00e3o concedido pelo Minist\u00e9rio da Cultura para a primeira coreografia \u2013 Sagra\u00e7\u00e3o da vida toda \u2013 criada para ele por sua diretora e inventora, Cristina Castro.<\/p>\n<p>\u00c9 o primeiro grupo de dan\u00e7a residente do Vila Velha, teatro que completa 40 anos de atividades, sem que essa linguagem tivesse tido grande for\u00e7a e representa\u00e7\u00e3o entre as atividades desenvolvidas sob seu teto. Apesar de ter sido o ber\u00e7o de muitos artistas e movimentos culturais \u2013 Gilberto Gil, Caetano Veloso, Tom Z\u00e9, Maria Beth\u00e2nia e, consequentemente, o Tropicalismo, Othon Bastos, Virg\u00ednia Rodrigues, L\u00e1zaro Ramos, o Teatro de Cordel, a renova\u00e7\u00e3o do Teatro de Rua, e outros mais; apesar de ter estado tamb\u00e9m associado, para al\u00e9m da vanguarda est\u00e9tica, \u00e0 vanguarda pol\u00edtica, cumprindo inclusive importante papel de resist\u00eancia durante a ditadura militar, nas d\u00e9cadas de 60 e 70; apesar de tudo isso, al\u00e9m de ter abrigado alguns importantes projetos da Escola de Dan\u00e7a da Universidade Federal da Bahia (primeira de n\u00edvel superior do Brasil), estranhamente, o Vila n\u00e3o tinha contribu\u00eddo significativamente com a dan\u00e7a at\u00e9 o final dos anos 90, com a cria\u00e7\u00e3o do grupo.<\/p>\n<p>Aqui \u00e9 importante mencionar que o grupo foi gestado por um projeto anterior, tamb\u00e9m coordenado por Cristina Castro em colabora\u00e7\u00e3o com as dan\u00e7arinas Rita Brandi e Selma Fran\u00e7a. Por um ano, grupos amadores e profissionais das mais diversas tend\u00eancias, proced\u00eancias, estilos e orienta\u00e7\u00f5es passaram pelo palco do Vila num programa que inclu\u00eda, al\u00e9m da mostra, a participa\u00e7\u00e3o interativa da plat\u00e9ia e uma homenagem aos construtores da dan\u00e7a na Bahia.<\/p>\n<p>Com a cria\u00e7\u00e3o e as atividades do Viladan\u00e7a, Cristina Castro nos mostra que \u00e9 poss\u00edvel uma renova\u00e7\u00e3o est\u00e9tica na dan\u00e7a, a partir de um olhar atento para as tradi\u00e7\u00f5es culturais locais e da descoberta de sua contemporaneidade. E, a cada nova produ\u00e7\u00e3o, a cada participa\u00e7\u00e3o em eventos nacionais e internacionais, o grupo vem mostrando a capacidade de recriar a pr\u00f3pria linguagem, sem se acomodar a f\u00f3rmulas que deram certo em seu pr\u00f3prio repert\u00f3rio ou no vocabul\u00e1rio da dan\u00e7a contempor\u00e2nea. Seus dan\u00e7arinos se reciclam em t\u00e9cnicas diversas que v\u00e3o do bal\u00e9 cl\u00e1ssico \u00e0 capoeira, dan\u00e7as regionais, canto, atletismo, teatro, percuss\u00e3o. E participam ativamente no processo criativo de sua diretora\/core\u00f3grafa, num di\u00e1logo continuo. Di\u00e1logo que se estende a outros artistas, de diferentes linguagens, colaboradores de suas pe\u00e7as.<\/p>\n<div id=\"attachment_1979\" style=\"width: 563px\" class=\"wp-caption aligncenter\"><a href=\"http:\/\/www.marciomeirelles.com.br\/site\/wp-content\/uploads\/2004\/09\/Marcio-Lima-21.jpg\"><img aria-describedby=\"caption-attachment-1979\" loading=\"lazy\" class=\" wp-image-1979  \" title=\"SAGRA\u00c7\u00c3O DA VIDA TODA - foto: marcio lima\" src=\"http:\/\/www.marciomeirelles.com.br\/site\/wp-content\/uploads\/2004\/09\/Marcio-Lima-21-1024x680.jpg\" alt=\"\" width=\"553\" height=\"367\" srcset=\"http:\/\/www.marciomeirelles.com.br\/site\/wp-content\/uploads\/2004\/09\/Marcio-Lima-21-1024x680.jpg 1024w, http:\/\/www.marciomeirelles.com.br\/site\/wp-content\/uploads\/2004\/09\/Marcio-Lima-21-300x199.jpg 300w\" sizes=\"(max-width: 553px) 100vw, 553px\" \/><\/a><p id=\"caption-attachment-1979\" class=\"wp-caption-text\">SAGRA\u00c7\u00c3O DA VIDA TODA - foto: marcio lima<\/p><\/div>\n<p>O Viladan\u00e7a mostra sobretudo que \u00e9 poss\u00edvel um grupo independente sobreviver no Brasil fora do eixo Rio\/S\u00e3o Paulo, criar e ser reconhecido e respeitado. Para isso contou apenas com o apoio institucional do Teatro Vila Velha e alguns patroc\u00ednios pontuais para projetos, vindos de empresas ou de editais p\u00fablicos de \u00f3rg\u00e3os governamentais. Somente em seu quinto ano de atua\u00e7\u00e3o conseguiu o apoio financeiro da Secretaria de Cultura e Turismo do Estado da Bahia, no valor mensal de R$10.000,00. O que o move de fato, e o mant\u00e9m, \u00e9 o desejo de falar coisas atrav\u00e9s do movimento e o compromisso com as coisas que fala.<\/p>\n<p>O Viladan\u00e7a surgiu n\u00e3o apenas com a preocupa\u00e7\u00e3o de unir express\u00f5es art\u00edsticas e construir um discurso est\u00e9tico a partir da din\u00e2mica cultural da cena local em uma perspectiva contempor\u00e2nea. O grupo prop\u00f5e a dilui\u00e7\u00e3o de fronteiras n\u00e3o apenas no plano das linguagens, mas tamb\u00e9m no pol\u00edtico e social. Com a cria\u00e7\u00e3o de projetos de intera\u00e7\u00e3o com a comunidade, diminui as diferen\u00e7as sociais atrav\u00e9s da frui\u00e7\u00e3o do prazer est\u00e9tico e da reflex\u00e3o sobre o nosso mundo. E tem trazido para a plat\u00e9ia do Vila Velha pessoas que nunca tinham ido ao teatro ou visto dan\u00e7a contempor\u00e2nea. Pessoas que s\u00f3 conseguem entender essa linguagem a partir dos sentidos, sem um conhecimento pr\u00e9vio de seus vocabul\u00e1rios. Ao perceber isto, o grupo elaborou um espet\u00e1culo que mostra, para alunos e professores do primeiro e segundo graus, a dan\u00e7a por dentro, sua hist\u00f3ria e sua gram\u00e1tica.<\/p>\n<p style=\"text-align: left;\">A dan\u00e7a, portanto, se instala definitivamente no Teatro Vila Velha com a cria\u00e7\u00e3o do Viladan\u00e7a. E, de alguma forma, o grupo mant\u00e9m sua heran\u00e7a gen\u00e9tica: de um lado, um grato olhar ao passado, \u00e0 tradi\u00e7\u00e3o, a intera\u00e7\u00e3o com o aqui agora e a pluralidade cultural que a Bahia abriga, herdados do Bailavila, projeto que o gerou; de outro, a postura pol\u00edtica, o comportamento \u00e9tico, o pensamento cr\u00edtico e a cren\u00e7a no novo, do Vila Velha, teatro que o abriga, e de outro ainda, a inquieta\u00e7\u00e3o intelectual e art\u00edstica, a sensibilidade e a fibra de sua criadora definem os passos do Viladan\u00e7a.<\/p>\n<p style=\"text-align: right;\">marcio meirelles<\/p>\n<p style=\"text-align: right;\">salvador, 2004<\/p>\n","protected":false},"excerpt":{"rendered":"<p>O Viladan\u00e7a foi criado em abril de 1998. Em maio o Teatro Vila Velha, renovado e ampliado, reabria suas portas para o p\u00fablico. E nesse mesmo ano, o grupo recebia o Pr\u00eamio de revela\u00e7\u00e3o concedido pelo Minist\u00e9rio da Cultura para a primeira coreografia \u2013 Sagra\u00e7\u00e3o da vida toda \u2013 criada<\/p>\n","protected":false},"author":1,"featured_media":1978,"comment_status":"open","ping_status":"open","sticky":false,"template":"","format":"standard","meta":[],"categories":[4,7],"tags":[72,22,12,55,73,57,58,147,20,18,109,84,32,13,56],"_links":{"self":[{"href":"http:\/\/www.marciomeirelles.com.br\/site\/wp-json\/wp\/v2\/posts\/196"}],"collection":[{"href":"http:\/\/www.marciomeirelles.com.br\/site\/wp-json\/wp\/v2\/posts"}],"about":[{"href":"http:\/\/www.marciomeirelles.com.br\/site\/wp-json\/wp\/v2\/types\/post"}],"author":[{"embeddable":true,"href":"http:\/\/www.marciomeirelles.com.br\/site\/wp-json\/wp\/v2\/users\/1"}],"replies":[{"embeddable":true,"href":"http:\/\/www.marciomeirelles.com.br\/site\/wp-json\/wp\/v2\/comments?post=196"}],"version-history":[{"count":4,"href":"http:\/\/www.marciomeirelles.com.br\/site\/wp-json\/wp\/v2\/posts\/196\/revisions"}],"predecessor-version":[{"id":1982,"href":"http:\/\/www.marciomeirelles.com.br\/site\/wp-json\/wp\/v2\/posts\/196\/revisions\/1982"}],"wp:featuredmedia":[{"embeddable":true,"href":"http:\/\/www.marciomeirelles.com.br\/site\/wp-json\/wp\/v2\/media\/1978"}],"wp:attachment":[{"href":"http:\/\/www.marciomeirelles.com.br\/site\/wp-json\/wp\/v2\/media?parent=196"}],"wp:term":[{"taxonomy":"category","embeddable":true,"href":"http:\/\/www.marciomeirelles.com.br\/site\/wp-json\/wp\/v2\/categories?post=196"},{"taxonomy":"post_tag","embeddable":true,"href":"http:\/\/www.marciomeirelles.com.br\/site\/wp-json\/wp\/v2\/tags?post=196"}],"curies":[{"name":"wp","href":"https:\/\/api.w.org\/{rel}","templated":true}]}}