{"id":200,"date":"2011-08-16T19:36:00","date_gmt":"2011-08-16T22:36:00","guid":{"rendered":"http:\/\/www.marciomeirelles.com.br\/site\/2011\/08\/o-excelso-mar-de-ze\/"},"modified":"2011-10-18T08:33:27","modified_gmt":"2011-10-18T11:33:27","slug":"o-excelso-mar-de-ze","status":"publish","type":"post","link":"http:\/\/www.marciomeirelles.com.br\/site\/2011\/08\/o-excelso-mar-de-ze\/","title":{"rendered":"O Excelso Mar de Z\u00e9"},"content":{"rendered":"<p style=\"text-align: left;\"><a href=\"http:\/\/www.marciomeirelles.com.br\/site\/wp-content\/uploads\/2011\/08\/O-Excelso-Mar-De-Z\u00e9.mp3\"><br \/>\n<\/a><img loading=\"lazy\" class=\"size-medium wp-image-821 aligncenter\" title=\"ze-celso-beijo\" src=\"http:\/\/www.marciomeirelles.com.br\/site\/wp-content\/uploads\/2011\/08\/ze-celso-beijo-300x286.jpg\" alt=\"\" width=\"300\" height=\"286\" srcset=\"http:\/\/www.marciomeirelles.com.br\/site\/wp-content\/uploads\/2011\/08\/ze-celso-beijo-300x286.jpg 300w, http:\/\/www.marciomeirelles.com.br\/site\/wp-content\/uploads\/2011\/08\/ze-celso-beijo.jpg 450w\" sizes=\"(max-width: 300px) 100vw, 300px\" \/><\/p>\n<p style=\"text-align: center;\">HOJE O BRASIL CELEBRA OS 50 ANOS DO OFICINA UZYNA UZONA.<\/p>\n<p>Mando aqui um poema-letra-de-m\u00fasica que fiz com Jarbas Bittencourt para homenagear Z\u00e9 Celso, h\u00e1 algum tempo:<\/p>\n<p><a href=\"http:\/\/www.marciomeirelles.com.br\/site\/wp-content\/uploads\/2011\/08\/O-Excelso-Mar-De-Z\u00e9.mp3\">O Excelso Mar De Z\u00e9<\/a>\u00a0&#8211; ou\u00e7a aqui a m\u00fasica<\/p>\n<p>EVO\u00c9! AX\u00c9!<br \/>\nDION\u00cdSIO BRASILEIRO<br \/>\nJOS\u00c9 DE EXCELSO MAR<\/p>\n<p>TIRA AS CORREIAS DE CENA<br \/>\nARRANCA A FELICIDADE<br \/>\nDO BA\u00da ONDE METERAM<br \/>\nAURIVERDE COR DE ANIL<br \/>\nA ALEGRIA ENCARNADA<br \/>\nDO VERBO SOLTO NO CIO<\/p>\n<p>GOZA PRA N\u00c3O CHORAR<br \/>\nCOM A FALTA DE VERGONHA<br \/>\nDESTA P\u00c1TRIA M\u00c3E GENTIL<br \/>\nGOZO SOLTO PELO AR<br \/>\nAX\u00c9 Z\u00c9 DE EXCELSO MAR<br \/>\nDION\u00cdSIO DO BRASIL<\/p>\n<p>DITIRAMBOS<br \/>\nPRA CANTAR<br \/>\nDITIRAMBOS<br \/>\nRUMBAS MAMBOS<br \/>\nFOX SAMBAS<br \/>\nROCKS REGGAES<br \/>\nRAP RAP RAP Z\u00c9<br \/>\nEVO\u00c9 AX\u00c9 AX\u00c9<br \/>\nSALVE O EXCELSO<br \/>\nMAR DE Z\u00c9<\/p>\n<p>COM O PODER QUE TEATRO TEM<br \/>\nESPALHA O PRAZER PELO AR<br \/>\nLIVRE LIVRE A M\u00c3O CHEIAS<br \/>\nE DEIXA O POVO GOZAR<br \/>\nZ\u00c9 NOSSO QUE EST\u00c1S NO PALCO<br \/>\nDION\u00cdSIO EXCELSO MAR<\/p>\n","protected":false},"excerpt":{"rendered":"<p>HOJE O BRASIL CELEBRA OS 50 ANOS DO OFICINA UZYNA UZONA. Mando aqui um poema-letra-de-m\u00fasica que fiz com Jarbas Bittencourt para homenagear Z\u00e9 Celso, h\u00e1 algum tempo: O Excelso Mar De Z\u00e9\u00a0&#8211; ou\u00e7a aqui a m\u00fasica EVO\u00c9! AX\u00c9! DION\u00cdSIO BRASILEIRO JOS\u00c9 DE EXCELSO MAR TIRA AS CORREIAS DE CENA ARRANCA<\/p>\n","protected":false},"author":1,"featured_media":821,"comment_status":"open","ping_status":"open","sticky":false,"template":"","format":"standard","meta":[],"categories":[4],"tags":[54,20,53,472,52,50,51,49],"_links":{"self":[{"href":"http:\/\/www.marciomeirelles.com.br\/site\/wp-json\/wp\/v2\/posts\/200"}],"collection":[{"href":"http:\/\/www.marciomeirelles.com.br\/site\/wp-json\/wp\/v2\/posts"}],"about":[{"href":"http:\/\/www.marciomeirelles.com.br\/site\/wp-json\/wp\/v2\/types\/post"}],"author":[{"embeddable":true,"href":"http:\/\/www.marciomeirelles.com.br\/site\/wp-json\/wp\/v2\/users\/1"}],"replies":[{"embeddable":true,"href":"http:\/\/www.marciomeirelles.com.br\/site\/wp-json\/wp\/v2\/comments?post=200"}],"version-history":[{"count":10,"href":"http:\/\/www.marciomeirelles.com.br\/site\/wp-json\/wp\/v2\/posts\/200\/revisions"}],"predecessor-version":[{"id":231,"href":"http:\/\/www.marciomeirelles.com.br\/site\/wp-json\/wp\/v2\/posts\/200\/revisions\/231"}],"wp:featuredmedia":[{"embeddable":true,"href":"http:\/\/www.marciomeirelles.com.br\/site\/wp-json\/wp\/v2\/media\/821"}],"wp:attachment":[{"href":"http:\/\/www.marciomeirelles.com.br\/site\/wp-json\/wp\/v2\/media?parent=200"}],"wp:term":[{"taxonomy":"category","embeddable":true,"href":"http:\/\/www.marciomeirelles.com.br\/site\/wp-json\/wp\/v2\/categories?post=200"},{"taxonomy":"post_tag","embeddable":true,"href":"http:\/\/www.marciomeirelles.com.br\/site\/wp-json\/wp\/v2\/tags?post=200"}],"curies":[{"name":"wp","href":"https:\/\/api.w.org\/{rel}","templated":true}]}}