{"id":2100,"date":"2014-05-02T00:54:01","date_gmt":"2014-05-02T03:54:01","guid":{"rendered":"http:\/\/www.marciomeirelles.com.br\/site\/?p=2100"},"modified":"2014-05-02T00:54:01","modified_gmt":"2014-05-02T03:54:01","slug":"para-dizer-nao","status":"publish","type":"post","link":"http:\/\/www.marciomeirelles.com.br\/site\/2014\/05\/para-dizer-nao\/","title":{"rendered":"PARA DIZER N\u00c3O"},"content":{"rendered":"<p style=\"text-align: right;\">texto do programa de O \u00daLTIMO GODOT projeto de extens\u00e3o da universidade LIVRE de teatro vila velha<\/p>\n<p>&nbsp;<\/p>\n<p>descobrir a dramaturgia de mat\u00e9i visniec para mim foi um sopro de esperan\u00e7a<\/p>\n<p>\u00e9 poss\u00edvel ainda um teatro q represente as ang\u00fastias e desejos<\/p>\n<p>e os impedimentos de realiza\u00e7\u00e3o desses desejos<\/p>\n<p>e os intensificadores das ang\u00fastias<\/p>\n<p>\u00e9 poss\u00edvel formular perguntas quase imposs\u00edveis de serem respondidas<\/p>\n<p>mas q nos apontam caminhos na tentativa de responde-las<\/p>\n<p>gostaria de poder montar mais e mais textos do romeno<\/p>\n<p>e cada oportunidade vou agarrar com for\u00e7a<\/p>\n<p>\u00e9 o caso<\/p>\n<p>O \u00daLTIMO GODOT me chegou \u00e0s m\u00e3os qdo estava em tempo de espera<\/p>\n<p>para montar ESPERANDO GODOT fui convidado por celso jr mas o projeto<\/p>\n<p>ainda seria submetido a um edital e ganhasse ou n<\/p>\n<p>montar\u00edamos<\/p>\n<p>ganhamos e come\u00e7amos a produ\u00e7\u00e3o<\/p>\n<p>\u201cnunca esperei por godot nem nunca pensei encontra-lo\u201d<\/p>\n<p>escrevi no programa da pe\u00e7a<\/p>\n<p>mas godot \u00e9 um mito do s\u00e9culo XX e mesmo quem nunca leu<\/p>\n<p>ou nunca assistiu a uma montagem<\/p>\n<p>conhece o t\u00edtulo e sabe q se trata de uma espera com dimens\u00f5es<\/p>\n<p>apocal\u00edpticas ou epif\u00e2nicas \u2013 no sentido ambas de revela\u00e7\u00f5es<\/p>\n<p>mas godot n chega na pe\u00e7a em q se espera por ele<\/p>\n<p>seja quem ou o q ele for<\/p>\n<p>mat\u00e9i faz outras perguntas c seu \u00faltimo godot<\/p>\n<p>ele n \u00e9 esperado ele espera pq est\u00e1 fora do teatro<\/p>\n<p>isso \u00e9 o in\u00edcio<\/p>\n<p>a urg\u00eancia q o teatro e seu p\u00fablico perderam e precisam recuperar<\/p>\n<p>\u00e9 esse teatro q quero fazer um teatro urgente e por isso necess\u00e1rio<\/p>\n<p>um teatro q como linguagem se proponha a falar<\/p>\n<p>falar sobre tudo falar de tudo falar<\/p>\n<p>essa pe\u00e7a \u00e9 a despedida de um admirador<\/p>\n<p>algu\u00e9m q se formou autor numa ditadura<\/p>\n<p>a olhar p a liberdade contida nos textos de samuel<\/p>\n<p>e de repente se despede de quem o inspirou numa bela miniatura inspirad\u00edssima<\/p>\n<p>\u00e9 assim q estamos fazendo esta pe\u00e7a como uma bela e preciosa miniatura<\/p>\n<p>onde est\u00e1 contido o universo pol\u00edtico e social no qual vivemos<\/p>\n<p>q nos questiona ao questionar-se como texto e como teatro<\/p>\n<p>quest\u00f5es de criatura para criador<\/p>\n<p>quest\u00f5es q me fa\u00e7o todos os dias e para as quais tento respostas<\/p>\n<p>q todos os dias jogo fora pq n s\u00e3o as q precisamos<\/p>\n<p>criar a universidade LIVRE de teatro vila velha \u00e9 uma poss\u00edvel resposta<\/p>\n<p>formar artistas capazes de sobreviver no s\u00e9culo XXI<\/p>\n<p>capazes de descobrir esse teatro urgente q n admite posterga\u00e7\u00f5es<\/p>\n<p>q n espera nenhum godot q sendo godot \u00e9 capaz de dizer N\u00c3O<\/p>\n<p>mas tvz essa LIVRE mesma n seja a resposta<\/p>\n<p>tvz a liberdade n seja a resposta pq ainda \u00e9 uma pergunta<\/p>\n<p>o q \u00e9 ser LIVRE?<\/p>\n<p>assim como ser feliz n \u00e9 poss\u00edvel ser LIVRE sozinho<\/p>\n<p>e s\u00ea-lo coletivamente \u00e9 o ponto sobre o qual nos debatemos todos n\u00f3s<\/p>\n<p>q pensamos e lutamos por liberdade<\/p>\n<p>convidamos leno ator do BANDO DE TEATRO OLODUM para fazer godot<\/p>\n<p>ao lado de vin\u00edcius da LIVRE q faz becket<\/p>\n<p>para q os dois grupos\/projetos possam dialogar<\/p>\n<p>assim como estamos dialogando c o beckett<\/p>\n<p>de celso jr claudio sim\u00f5es igor epif\u00e2nio internamente<\/p>\n<p>c tiago querino ator da LIVRE no elenco<\/p>\n<p>e as duas pe\u00e7as sendo montadas e apresentadas simultaneamente<\/p>\n<p>d\u00e1 ao espectador\u00a0 a chance de ouvir v\u00e1rias reflex\u00f5es sobre esse ponto<\/p>\n<p>esse lugar de onde n se sai pq se espera sempre godot<\/p>\n<p>a menos tvz q diss\u00e9ssemos N\u00c3O<\/p>\n<p>&nbsp;<\/p>\n<p align=\"right\">m\u00e1rcio meirelles<\/p>\n<p align=\"right\">salvador, 27\/04\/2014<\/p>\n","protected":false},"excerpt":{"rendered":"<p>texto do programa de O \u00daLTIMO GODOT projeto de extens\u00e3o da universidade LIVRE de teatro vila velha &nbsp; descobrir a dramaturgia de mat\u00e9i visniec para mim foi um sopro de esperan\u00e7a \u00e9 poss\u00edvel ainda um teatro q represente as ang\u00fastias e desejos e os impedimentos de realiza\u00e7\u00e3o desses desejos e<\/p>\n","protected":false},"author":2,"featured_media":0,"comment_status":"open","ping_status":"open","sticky":false,"template":"","format":"standard","meta":[],"categories":[7,24],"tags":[72,22,12,25,73,20,326],"_links":{"self":[{"href":"http:\/\/www.marciomeirelles.com.br\/site\/wp-json\/wp\/v2\/posts\/2100"}],"collection":[{"href":"http:\/\/www.marciomeirelles.com.br\/site\/wp-json\/wp\/v2\/posts"}],"about":[{"href":"http:\/\/www.marciomeirelles.com.br\/site\/wp-json\/wp\/v2\/types\/post"}],"author":[{"embeddable":true,"href":"http:\/\/www.marciomeirelles.com.br\/site\/wp-json\/wp\/v2\/users\/2"}],"replies":[{"embeddable":true,"href":"http:\/\/www.marciomeirelles.com.br\/site\/wp-json\/wp\/v2\/comments?post=2100"}],"version-history":[{"count":3,"href":"http:\/\/www.marciomeirelles.com.br\/site\/wp-json\/wp\/v2\/posts\/2100\/revisions"}],"predecessor-version":[{"id":2103,"href":"http:\/\/www.marciomeirelles.com.br\/site\/wp-json\/wp\/v2\/posts\/2100\/revisions\/2103"}],"wp:attachment":[{"href":"http:\/\/www.marciomeirelles.com.br\/site\/wp-json\/wp\/v2\/media?parent=2100"}],"wp:term":[{"taxonomy":"category","embeddable":true,"href":"http:\/\/www.marciomeirelles.com.br\/site\/wp-json\/wp\/v2\/categories?post=2100"},{"taxonomy":"post_tag","embeddable":true,"href":"http:\/\/www.marciomeirelles.com.br\/site\/wp-json\/wp\/v2\/tags?post=2100"}],"curies":[{"name":"wp","href":"https:\/\/api.w.org\/{rel}","templated":true}]}}