{"id":2107,"date":"2014-07-01T21:09:32","date_gmt":"2014-07-02T00:09:32","guid":{"rendered":"http:\/\/www.marciomeirelles.com.br\/site\/?p=2107"},"modified":"2014-07-02T09:07:30","modified_gmt":"2014-07-02T12:07:30","slug":"uma-carta-para-o-mindelo","status":"publish","type":"post","link":"http:\/\/www.marciomeirelles.com.br\/site\/2014\/07\/uma-carta-para-o-mindelo\/","title":{"rendered":"UMA CARTA PARA O MINDELO"},"content":{"rendered":"<p>texto escrito para o programa da pe\u00e7a EM DEFESA DAS CAUSAS PERDIDAS feita no \u00e2mbito do projeto K CENA realiza\u00e7\u00e3o do teatro viriato (viseu \/ portugal) teatro vila velha (salvador \/ brasil) e centro cultural portugu\u00eas do mindelo (mindelo \/ cabo verde)<\/p>\n<p style=\"text-align: center;\"><a href=\"http:\/\/www.marciomeirelles.com.br\/site\/wp-content\/uploads\/2014\/07\/CAPA-FB-2.jpg\"><img loading=\"lazy\" class=\"aligncenter  wp-image-2108\" title=\"CAPA-FB-2\" src=\"http:\/\/www.marciomeirelles.com.br\/site\/wp-content\/uploads\/2014\/07\/CAPA-FB-2.jpg\" alt=\"\" width=\"622\" height=\"237\" srcset=\"http:\/\/www.marciomeirelles.com.br\/site\/wp-content\/uploads\/2014\/07\/CAPA-FB-2.jpg 960w, http:\/\/www.marciomeirelles.com.br\/site\/wp-content\/uploads\/2014\/07\/CAPA-FB-2-300x114.jpg 300w\" sizes=\"(max-width: 622px) 100vw, 622px\" \/><\/a><\/p>\n<p>como queria \u00e0s vezes q p mim teatro fosse apenas trabalho profiss\u00e3o<\/p>\n<p>onde ganhasse meu sustento e me bastasse essa ideia<\/p>\n<p>pq para mim teatro tem q ser mais q isso?<\/p>\n<p>pq tem q ser esta batalha por despertar a consci\u00eancia do rei<\/p>\n<p>e a consci\u00eancia do povo ao mostrar<\/p>\n<p>q estando o rei nu e vulner\u00e1vel tudo depende de n\u00f3s<\/p>\n<p>ou pelo menos despertasse quem atua<\/p>\n<p>e assim formasse um ex\u00e9rcito em defesa das causas perdidas<\/p>\n<p>&nbsp;<\/p>\n<p>ao vir para o mindelo \u2013 cidade querida \u2013 podia apenas<\/p>\n<p>tentar fazer o meu melhor e montar uma pe\u00e7a<\/p>\n<p>com jovens atrizes e atores<\/p>\n<p>que encantasse a cidade e fosse testemunha do meu afeto por ela<\/p>\n<p>mas aos 60 anos na 90<sup>a<\/sup> pe\u00e7a de 42 anos de teatro<\/p>\n<p>quero deixar para o mindelo mais q isso<\/p>\n<p>uma pe\u00e7a n\u00e3o basta<\/p>\n<p>quero deixar alguma semente<\/p>\n<p>q germine novos frutos<\/p>\n<p>\u2013 pretencioso desejo \u2013<\/p>\n<p>quero deixar c esses jovens q n\u00e3o leram dom quixote<\/p>\n<p>uma carta p o cavaleiro uma carta q escrevemos juntos<\/p>\n<p>n sei o qto eles queriam t\u00ea-la escrito<\/p>\n<p>n sei se precisariam t\u00ea-la escrito<\/p>\n<p>mas se dispuseram<\/p>\n<p>c coragem<\/p>\n<p>sempre a defender o direito de faz\u00ea-lo<\/p>\n<p>mesmo n tendo lido o livro mesmo n tendo o h\u00e1bito de ler<\/p>\n<p>&nbsp;<\/p>\n<p>mesmo sabendo vagamente o q \u00e9 dom quixote<\/p>\n<p>a partir de refer\u00eancias mtas vezes distantes<\/p>\n<p>q s\u00f3 deixam entrever sob mta neblina o cavaleiro da triste figura<\/p>\n<p>sabem q existem valores<\/p>\n<p>sabem q existem causas quase perdidas a defender<\/p>\n<p>mesmo q estas causas se traduzam por conflitos na escola<\/p>\n<p>sabem q estes conflitos s\u00e3o resultado de um sistema<\/p>\n<p>poderoso q tenta impedir q eles vejam<\/p>\n<p>q os pequenos conflitos do cotidiano<\/p>\n<p>s\u00e3o resultado de um mundo q precisa mudar<\/p>\n<p>e eles querem mudar<\/p>\n<p>isso me deixa tranquilo<\/p>\n<p>n sei se c o teatro v\u00e3o conseguir<\/p>\n<p>mas no cora\u00e7\u00e3o j\u00e1 o fizeram<\/p>\n<p>s\u00f3 fiz constatar q essa escolha j\u00e1 estava feita<\/p>\n<p>qdo resolveram bravamente fazer teatro e escrever uma carta<\/p>\n<p>e mindelo pode se orgulhar de ter jovens como estes q no palco ainda est\u00e3o<\/p>\n<p>a lutar EM DEFESA DAS CAUSAS PERDIDAS<\/p>\n<p>e posso entender um pouco pq teatro \u00e9 mais q uma profiss\u00e3o<\/p>\n<p>agora \u00e9 enviar a carta e saber se chegou a seu destino<\/p>\n<p align=\"right\">m\u00e1rcio meirelles<\/p>\n<p align=\"right\">mindelo \u2013 1<sup>o<\/sup>\/07\/2014<\/p>\n<p>&nbsp;<\/p>\n","protected":false},"excerpt":{"rendered":"<p>texto escrito para o programa da pe\u00e7a EM DEFESA DAS CAUSAS PERDIDAS feita no \u00e2mbito do projeto K CENA realiza\u00e7\u00e3o do teatro viriato (viseu \/ portugal) teatro vila velha (salvador \/ brasil) e centro cultural portugu\u00eas do mindelo (mindelo \/ cabo verde) como queria \u00e0s vezes q p mim teatro<\/p>\n","protected":false},"author":2,"featured_media":2108,"comment_status":"open","ping_status":"open","sticky":false,"template":"","format":"standard","meta":[],"categories":[4,7,24,5],"tags":[72,22,35,400,399,73,397,20,401,472,280,398],"_links":{"self":[{"href":"http:\/\/www.marciomeirelles.com.br\/site\/wp-json\/wp\/v2\/posts\/2107"}],"collection":[{"href":"http:\/\/www.marciomeirelles.com.br\/site\/wp-json\/wp\/v2\/posts"}],"about":[{"href":"http:\/\/www.marciomeirelles.com.br\/site\/wp-json\/wp\/v2\/types\/post"}],"author":[{"embeddable":true,"href":"http:\/\/www.marciomeirelles.com.br\/site\/wp-json\/wp\/v2\/users\/2"}],"replies":[{"embeddable":true,"href":"http:\/\/www.marciomeirelles.com.br\/site\/wp-json\/wp\/v2\/comments?post=2107"}],"version-history":[{"count":9,"href":"http:\/\/www.marciomeirelles.com.br\/site\/wp-json\/wp\/v2\/posts\/2107\/revisions"}],"predecessor-version":[{"id":2117,"href":"http:\/\/www.marciomeirelles.com.br\/site\/wp-json\/wp\/v2\/posts\/2107\/revisions\/2117"}],"wp:featuredmedia":[{"embeddable":true,"href":"http:\/\/www.marciomeirelles.com.br\/site\/wp-json\/wp\/v2\/media\/2108"}],"wp:attachment":[{"href":"http:\/\/www.marciomeirelles.com.br\/site\/wp-json\/wp\/v2\/media?parent=2107"}],"wp:term":[{"taxonomy":"category","embeddable":true,"href":"http:\/\/www.marciomeirelles.com.br\/site\/wp-json\/wp\/v2\/categories?post=2107"},{"taxonomy":"post_tag","embeddable":true,"href":"http:\/\/www.marciomeirelles.com.br\/site\/wp-json\/wp\/v2\/tags?post=2107"}],"curies":[{"name":"wp","href":"https:\/\/api.w.org\/{rel}","templated":true}]}}