{"id":2118,"date":"2014-07-28T09:11:03","date_gmt":"2014-07-28T12:11:03","guid":{"rendered":"http:\/\/www.marciomeirelles.com.br\/site\/?p=2118"},"modified":"2014-08-12T18:04:48","modified_gmt":"2014-08-12T21:04:48","slug":"sobre-jango-de-glauber","status":"publish","type":"post","link":"http:\/\/www.marciomeirelles.com.br\/site\/2014\/07\/sobre-jango-de-glauber\/","title":{"rendered":"SOBRE JANGO DE GLAUBER"},"content":{"rendered":"<p style=\"text-align: right;\"><em>os textos de apresenta\u00e7\u00e3o no programa de JANGO &#8211; UMA TRAG\u00c9DIA\u00a0<em>surgiram de uma conversa por imeios trocados com paloma rocha e geneton moraes neto. <em>al\u00e9m dos textos dele e meu\u00a0<\/em>publicamos o registro d<em><em>essa poss\u00edvel coincid\u00eancia e g\u00eanese dos textos<\/em><\/em>. JANGO \u00e9 uma\u00a0<\/em>pe\u00e7a de glauber rocha, <em><em>encenada por mim<\/em>\u00a0para celebrar os 50 anos do vila [31 de julho de 2014]\u00a0<\/em>com os atores do teatro vila velha, coreografia de cristina castro e m\u00fasica do tropical selvagem [jo\u00e3o meirelles e ronei jorge].\u00a0<\/em><\/p>\n<p><div id=\"attachment_2122\" style=\"width: 586px\" class=\"wp-caption aligncenter\"><a href=\"http:\/\/www.marciomeirelles.com.br\/site\/wp-content\/uploads\/2014\/07\/JANGO-E.FLAIER.png\"><img aria-describedby=\"caption-attachment-2122\" loading=\"lazy\" class=\" wp-image-2122 \" title=\"JANGO E.FLAIER\" src=\"http:\/\/www.marciomeirelles.com.br\/site\/wp-content\/uploads\/2014\/07\/JANGO-E.FLAIER.png\" alt=\"e.flayer criado pelo TROPICAL SELVAGEM [lia cunha e ians\u00e3 negr\u00e3o] para o espet\u00e1culo\" width=\"576\" height=\"576\" srcset=\"http:\/\/www.marciomeirelles.com.br\/site\/wp-content\/uploads\/2014\/07\/JANGO-E.FLAIER.png 720w, http:\/\/www.marciomeirelles.com.br\/site\/wp-content\/uploads\/2014\/07\/JANGO-E.FLAIER-150x150.png 150w, http:\/\/www.marciomeirelles.com.br\/site\/wp-content\/uploads\/2014\/07\/JANGO-E.FLAIER-300x300.png 300w, http:\/\/www.marciomeirelles.com.br\/site\/wp-content\/uploads\/2014\/07\/JANGO-E.FLAIER-100x100.png 100w\" sizes=\"(max-width: 576px) 100vw, 576px\" \/><\/a><p id=\"caption-attachment-2122\" class=\"wp-caption-text\">e.flayer criado pelo TROPICAL SELVAGEM - lia cunha e ians\u00e3 negr\u00e3o para o espet\u00e1culo -<\/p><\/div><strong>De: Geneton Moraes Neto<\/strong><\/p>\n<p><strong>Para: Paloma Rocha<\/strong><\/p>\n<p><strong>Enviado: quarta, 04 de junho de 2014 <\/strong><\/p>\n<p><span style=\"font-size: 13px; line-height: 19px;\">Ol\u00e1. Tudo bem? Carlos &#8211; nosso dentista &#8211; \u00e9 que me passou o e-mail. Tinha tentado contato por telefone, na produtora, mas n\u00e3o consegui&#8230;<\/span><\/p>\n<p><span style=\"font-size: 13px; line-height: 19px;\">\u00c9 apenas um pedido de informa\u00e7\u00e3o:\u00a0 vou fazer para o Canal Brasil um programa a partir de grava\u00e7\u00f5es que fiz, nos anos oitenta, no Recife, com Miguel Arraes e com Francisco Juli\u00e3o sobre encontros que os dois tiveram com Glauber Rocha no ex\u00edlio.<\/span><\/p>\n<p><span style=\"font-size: 13px; line-height: 19px;\">Em resumo: quando voltou ao Brasil dizendo que os militares fariam uma abertura pol\u00edtica, Glauber, como voc\u00ea bem sabe, foi &#8220;crucificado&#8221; por gente de todas as tend\u00eancias. O que pouca gente sabia \u00e9 que quem falou com ele sobre a futura abertura foi Miguel Arraes &#8211; e tamb\u00e9m Jo\u00e3o Goulart.<\/span><\/p>\n<p><span style=\"font-size: 13px; line-height: 19px;\">Arraes era meio arredio, mas terminou me dando esta entrevista. O filme passou um temp\u00e3o sumido, mas, felizmente, a fita com a telecinagem foi encontrada. Agora, quero usar estes depoimentos in\u00e9ditos ( e outros &#8211; que pretendo gravar agora) para fazer um programa que, no fim das contas, \u00e9 tamb\u00e9m uma homenagem a Glauber, porque, historicamente, ele estava certo e os &#8220;detratores&#8221;, errados&#8230;<\/span><\/p>\n<p><span style=\"font-size: 13px; line-height: 19px;\">Estava pensando em citar algum trecho da pe\u00e7a de Glauber sobre Jango. Eu sei que ela foi encenada h\u00e1 tempos, mas creio que n\u00e3o foi publicada em livro.<\/span><\/p>\n<p><span style=\"font-size: 13px; line-height: 19px;\">Voc\u00ea por acaso sabe onde anda este texto ?\u00a0<\/span><\/p>\n<p><span style=\"font-size: 13px; line-height: 19px;\">Por fim: terminado o programa para o Canal Brasil, queria doar para o Tempo Glauber os depoimentos de Arraes e Juli\u00e3o &#8211; e, especialmente, umas grava\u00e7\u00f5es em \u00e1udio que fiz, em Paris, nos anos oitenta, com cr\u00edticos importantes &#8211; como Serge Daney ( Cahiers du Cinema ), Louis Marcorelles (Le Monde ), o historiador Marc Ferro e o cineasta Jean Rouch &#8211; sobre Glauber.<\/span><\/p>\n<p><span style=\"font-size: 13px; line-height: 19px;\">H\u00e1 anos e anos, fiz uma c\u00f3pia dessas fitas e encaminhei para D. L\u00facia &#8211; mas n\u00e3o sei se o material chegou a ser &#8220;indexado&#8221; no Tempo Glauber.<\/span><\/p>\n<p><span style=\"font-size: 13px; line-height: 19px;\">\u00c9 isso. J\u00e1 estou tomando teu tempo.\u00a0<\/span><\/p>\n<p><span style=\"font-size: 13px; line-height: 19px;\">Obrigado!<\/span><\/p>\n<p>abs<\/p>\n<p>Geneton<span style=\"font-size: 13px; line-height: 19px;\">\u00a0<\/span><\/p>\n<p>****************************************************************<\/p>\n<p><strong>De: Paloma Rocha<\/strong><\/p>\n<p><strong>Para: Geneton Moraes Neto<\/strong><\/p>\n<p><strong>Enviado: s\u00e1bado, 14 de junho de 2014 <\/strong><\/p>\n<p><span style=\"font-size: 13px; line-height: 19px;\">Caro Geneton,<\/span><\/p>\n<p>Desculpe a demora em responder, mas estive ocupada e fiz uma cirurgia no menisco na semana passada.<\/p>\n<p>Me parece incr\u00edvel este material, al\u00e9m de importante neste\u00a0 momento pol\u00edtico do Brasil.<\/p>\n<p>O Tempo Glauber est\u00e1 fechado. Desde Ana de Hollanda que n\u00e3o recebemos mais nada,<\/p>\n<p>e n\u00e3o tive como manter mais. Agora que a Marta Suplicy liberou alguma coisa, trataremos de catalogar o acervo Lucia Rocha, composto de materiais recolhidos desde 1981 e objetos pessoais do Glauber.<\/p>\n<p>Nunca soube do seu material no TG, mas\u00a0 \u00e9 um prazer obt\u00ea-lo e guard\u00e1-lo.<\/p>\n<p>Preciso encontrar um mantenedor para aquele espa\u00e7o-tempo, pois a casa sequer \u00e9 nossa.<\/p>\n<p>Os originais est\u00e3o na Cinemateca Brasileira que est\u00e1 interditada.<\/p>\n<p><span style=\"font-size: 13px; line-height: 19px;\">Enfim&#8230;<\/span><\/p>\n<p>Curiosamente Marcio Meirelles est\u00e1 fazendo uma nova montagem do Jango , que estr\u00e9ia dia 2 de julho no tradicional Teatro Vila Velha em Salvador .<\/p>\n<p><span style=\"font-size: 13px; line-height: 19px;\">Posso tentar que uma t\u00e9cnica\u00a0 do TG retire do banco de dados uma c\u00f3pia do texto em CD no dia 17 .<\/span><\/p>\n<p>Tamb\u00e9m posso te colocar em contato com o M\u00e1rcio.<\/p>\n<p><span style=\"font-size: 13px; line-height: 19px;\">Voltamos as atividades de preserva\u00e7\u00e3o no TG no dia 2 de julho. At\u00e9 l\u00e1 os telefones ser\u00e3o religados.<\/span><\/p>\n<p><span style=\"font-size: 13px; line-height: 19px;\">Me fale.<\/span><\/p>\n<p>Abra\u00e7os<\/p>\n<p><span style=\"font-size: 13px; line-height: 19px;\">Paloma Rocha<\/span><\/p>\n<p><span style=\"font-size: 13px; line-height: 19px;\">*****************************************************************<\/span><\/p>\n<p><strong>De: Geneton Moraes Neto<\/strong><\/p>\n<p><strong>Para: Paloma Rocha<\/strong><\/p>\n<p><strong>Enviado: quarta, 18 de junho de 2014<\/strong><\/p>\n<p>Ol\u00e1. Tudo bem?\u00a0 Obrigado pelo retorno. Tamb\u00e9m estou meio fora do ar &#8211; emendei as f\u00e9rias com uma licen\u00e7a do trabalho da TV, para organizar minhas coisas&#8230;.Voc\u00ea deve ter recebido aquele aviso de aus\u00eancia tempor\u00e1ria no e-mail, mas acesso sempre aqui.<\/p>\n<p>Quanto \u00e0 pe\u00e7a Jango: j\u00e1 li trechos, mas nunca o texto inteiro. Gostaria de dar uma olhada, porque de repente uma frase ou outra da pe\u00e7a pode ilustrar ou complementar as entrevistas que vou gravar para o programa.<\/p>\n<p>Se voc\u00ea puder pedir a algu\u00e9m do Tempo Glauber para fazer esta c\u00f3pia, \u00f3timo. Passo l\u00e1 e pego o CD. Ou &#8211; o que talvez seja mais simples &#8211; M\u00e1rcio Meirelles poderia me mandar o texto por e-mail. Se voc\u00ea puder pedir a ele ou me passar o contato, agrade\u00e7o.<\/p>\n<p>Ficamos em contato.\u00a0 Darei not\u00edcias sobre o programa no Canal Brasil &#8211; que ter\u00e1 a dura\u00e7\u00e3o de um document\u00e1rio.<\/p>\n<p>Como disse, vai ser exibido s\u00f3 no Canal &#8211; mas vou ver com Paulo Mendon\u00e7a se a gente n\u00e3o poderia promover exibi\u00e7\u00f5es em festivais, por exemplo, ou percorrer uma esp\u00e9cie de &#8220;circuito alternativo&#8221;, j\u00e1 que o document\u00e1rio n\u00e3o ter\u00e1 lan\u00e7amento comercial. Vai ser uma maneira n\u00e3o apenas de homenagear Glauber, mas tamb\u00e9m de mostrar como ele estava profeticamente certo, no fim das contas, em meio \u00e0quela brigalhada pol\u00edtica.<\/p>\n<p>abra\u00e7os<\/p>\n<p>Geneton<\/p>\n<p>PS:\u00a0\u00a0 \u00c9 um absurdo que o acervo de um artista da dimens\u00e3o da Glauber Rocha enfrente problemas para ser mantido &#8211; mas tenho certeza de que uma solu\u00e7\u00e3o ser\u00e1 encontrada.\u00a0 ( ali\u00e1s: voc\u00ea j\u00e1 pensou no Instituto Moreira Salles como uma op\u00e7\u00e3o para a manuten\u00e7\u00e3o do acervo? De vez em quando, vejo not\u00edcias de que acervos importantes, como o de Otto Lara Resende e outros, est\u00e3o sob a guarda do Instituto &#8211; que recupera material, publica livros, promove exposi\u00e7\u00f5es etc.etc. Glauber mereceria at\u00e9 um espa\u00e7o permanente numa sala do Instituto. Ia virar uma &#8220;atra\u00e7\u00e3o&#8221;. O importante \u00e9 que eles disp\u00f5em de condi\u00e7\u00f5es t\u00e9cnicas para manuten\u00e7\u00e3o de acervos de documentos e fotos, por exemplo. Um acordo operacional com o Tempo Glauber poderia ser uma alternativa. Estou dando &#8220;pitacos&#8221; aqui, n\u00e3o sei como estes coisas podem ser encaminhadas, mas talvez valha a pena uma conversa sua com eles ).<\/p>\n<p>*****************************************************************<\/p>\n<p><strong>De: Paloma Rocha<\/strong><\/p>\n<p><strong>Para: Geneton Moraes Neto e Marcio Meirelles<\/strong><\/p>\n<p><strong>Enviado: quinta, 19 de junho de 2014<\/strong><\/p>\n<p>Ol\u00e1 Genetton, te coloco,em contato contato com M\u00e1rcio Meirelles aqui copiado. Vo tentar localizar a c\u00f3pia na semana que vem . Se\u00a0 M\u00e1rcio puder enviar antes de 1 de julho \u00e9 melhor. Caso\u00a0 contr\u00e1rio dia 1 temos equipe no TG.<\/p>\n<p>Abra\u00e7os<\/p>\n<p>*****************************************************************<\/p>\n<p><strong>De: Marcio Meirelles<\/strong><\/p>\n<p><strong>Para: Geneton Moraes Neto e Paloma Rocha<\/strong><\/p>\n<p><strong>Enviado: quinta, 19 de junho de 2014<\/strong><\/p>\n<p>geneton e paloma<\/p>\n<p>\u00e9 um prazer enorme estar no meio desta hist\u00f3ria<\/p>\n<p>e a converg\u00eancia do tempo sempre \u00e9 misteriosa mas existe e \u00e9 fabulosa<\/p>\n<p>\u00e9 estar atento a ela<\/p>\n<p>fico feliz q vc &#8211; geneton &#8211; esteja fazendo este document\u00e1rio<\/p>\n<p>\u00e9 mto importante q as coisas sejam esclarecidas<\/p>\n<p>o texto de glauber sobre jango na verdade \u00e9 sobre o brazyl (como ele grafaria) de agora<\/p>\n<p>\u00e9 fant\u00e1stico e estamos mto felizes e orgulhosos de poder encenar<\/p>\n<p>tenho tb o material do acervo digitalizado<\/p>\n<p>o projeto do romance e do roteiro cinematogr\u00e1fico<\/p>\n<p>caso seja o caso &#8211; paloma &#8211; posso passar tb<\/p>\n<p>por hora passo o texto digitado por n\u00f3s<\/p>\n<p>como est\u00e1 escrito<\/p>\n<p>geneton &#8211; pe\u00e7o agora um favor e um presente p o anivers\u00e1rio do vila<\/p>\n<p>vc toparia escrever um texto p o programa sobre isto q vc est\u00e1 tratando?<\/p>\n<p>sobre a vis\u00e3o de glauber<\/p>\n<p>sobre o texto jango<\/p>\n<p>enfim<\/p>\n<p>alguma coisa q pudesse ajudar o espectador a entrar mais no tema<\/p>\n<p>e a poder formular melhor as id\u00e9ias sobre este momento agora q \u00e9 fruto daquele?<\/p>\n<p>ficaria mto grato<\/p>\n<p>por outro lado gostaria mto de ver o material do filme &#8211; nos ajudaria na encena\u00e7\u00e3o<\/p>\n<p>sei q deve ser complicado<\/p>\n<p>mas saiba q o teatro vila velha est\u00e1 de portas abertas caso vc se interesse em fazer o lan\u00e7amento na bahia qdo estiver pronto<\/p>\n<p>temos um cine clube funcionando desde o mes passado no teatro<\/p>\n<p>numa a\u00e7\u00e3o q estamos realizando junto c a 3a bienal de artes da bahia<\/p>\n<p>focada tb na mem\u00f3ria<\/p>\n<p>&#8211; n sei se vc sabe a 2a bienal de artes da bahia foi realizada em 1968 e fechada pelo regime<\/p>\n<p>s\u00f3 agora, 46 anos depois \u00e9 q temos uma nova bienal &#8211;<\/p>\n<p>bom<\/p>\n<p>segue em anexo o texto<\/p>\n<p>gostaria de trocar id\u00e9ias c vc sobre estes personagens<\/p>\n<p>(as listas de personagens n est\u00e3o no original de glauber colocamos p facilitar nosso trabalho)<\/p>\n<p>p saber sobre alguns deles q ainda n encontramos refer\u00eancias<\/p>\n<p>como por exemplo o julio souza (poss\u00edvel participante do sequestro do embaixador mas q n figura em nenhuma lista a q tivemos acesso) e o padre arthur (q imagino possa ter sido inspirado em frei beto mas n encontro raz\u00e3o p n ser o pr\u00f3prio j\u00e1 q glauber coloca todo mundo c os nomes verdadeiros)<\/p>\n<p>bom, mto obrigado<\/p>\n<p>seguimos<\/p>\n<p>mm<\/p>\n<p>*****************************************************************<\/p>\n<p><strong>De: Geneton Moraes Neto<\/strong><\/p>\n<p><strong>Para: Marcio Meirelles<\/strong><\/p>\n<p><strong>Enviado: sexta, 20 de junho de 2014<\/strong><\/p>\n<p>Ol\u00e1. Tudo bem?\u00a0 Obrigado pela remessa do texto.\u00a0 Paloma ia providenciar uma c\u00f3pia do texto em CD quando o Tempo Glauber retomasse as atividades, mas voc\u00ea j\u00e1 adiantou as coisas.<\/p>\n<p>Por ora, ainda estou bem no come\u00e7o da produ\u00e7\u00e3o. Falta um bocado ainda: grava\u00e7\u00f5es, entrevistas etc.etc.<\/p>\n<p>Quando o document\u00e1rio ficar pronto, \u00e9 \u00f3bvio que a gente pode programar uma exibi\u00e7\u00e3o em Salvador. Vamos combinar com o Canal Brasil. Poderia ser no Vila Velha, como voc\u00ea sugere.<\/p>\n<p>Quando \u00e9 que voc\u00eas v\u00e3o estrear a pe\u00e7a em Salvador?<\/p>\n<p>Uma coisa n\u00e3o ficou muito clara: o texto que voc\u00ea pede seria para o programa da pe\u00e7a ?\u00a0\u00a0 Se for, qual seria o prazo?<\/p>\n<p>Ficamos em contato.<\/p>\n<p>abra\u00e7o<\/p>\n<p>Geneton<\/p>\n<p>****************************************************************<\/p>\n<p><strong>De: Marcio Meirelles<\/strong><\/p>\n<p><strong>Para: Geneton Moraes Neto<\/strong><\/p>\n<p><strong>Enviado: sexta, 20 de junho de 2014<\/strong><\/p>\n<p>ola<\/p>\n<p>fiquei mto empolgado c o seu projeto<\/p>\n<p>espero q tudo corra bem<\/p>\n<p>o nosso JANGO estr\u00e9ia no dia 31 de julho<\/p>\n<p>se vc topar escrever o texto poderia ser dentro de uma semana?<\/p>\n<p>se n der diga p qdo vc poderia<\/p>\n<p>seria um grande presente p n\u00f3s<\/p>\n<p>o elenco ficou empolgado tb c o seu projeto<\/p>\n<p>falei p eles da id\u00e9ia<\/p>\n<p>me diga uma coisa<\/p>\n<p>vc sabe se o padre arthur e o julio souza q aparecem no texto<\/p>\n<p>s\u00e3o personagens reais ou fict\u00edcios?<\/p>\n<p>seguimos<\/p>\n<p>mm<\/p>\n<p>****************************************************************<\/p>\n<p><strong>De: Geneton Moraes Neto<\/strong><\/p>\n<p><strong>Para: Marcio Meirelles<\/strong><\/p>\n<p><strong>Enviado: sexta, 20 de junho de 2014<\/strong><\/p>\n<p>Caro M\u00e1rcio:<\/p>\n<p>Vai a\u00ed alguma coisa que escrevi &#8211; e completei com um texto que eu tinha feito sobre um encontro com Glauber Rocha em Paris.<\/p>\n<p>Se servir para voc\u00eas, pode usar como quiser.<\/p>\n<p>abra\u00e7os e boa sorte \u00e0 tropa<\/p>\n<p>Geneton<\/p>\n<p>PS: Quando o document\u00e1rio que estou fazendo ficar pronto, adiante, talvez no fim do segundo semestre, a gente pode programar uma exibi\u00e7\u00e3o a\u00ed no Cineclube. Creio que seria o local ideal. Ficamos em contato.<\/p>\n<p>&nbsp;<\/p>\n<div id=\"attachment_2124\" style=\"width: 639px\" class=\"wp-caption aligncenter\"><a href=\"http:\/\/www.marciomeirelles.com.br\/site\/wp-content\/uploads\/2014\/07\/JANGO-ensaio-JoaoMiletMeirelles-4910-12-de-julho-de-2014.jpg\"><img aria-describedby=\"caption-attachment-2124\" loading=\"lazy\" class=\" wp-image-2124  \" title=\"JANGO-ensaio-JoaoMiletMeirelles-4910-12 de julho de 2014\" src=\"http:\/\/www.marciomeirelles.com.br\/site\/wp-content\/uploads\/2014\/07\/JANGO-ensaio-JoaoMiletMeirelles-4910-12-de-julho-de-2014.jpg\" alt=\"JANGO-ensaio-JoaoMiletMeirelles-4910-12 de julho de 2014\" width=\"629\" height=\"419\" srcset=\"http:\/\/www.marciomeirelles.com.br\/site\/wp-content\/uploads\/2014\/07\/JANGO-ensaio-JoaoMiletMeirelles-4910-12-de-julho-de-2014.jpg 1499w, http:\/\/www.marciomeirelles.com.br\/site\/wp-content\/uploads\/2014\/07\/JANGO-ensaio-JoaoMiletMeirelles-4910-12-de-julho-de-2014-300x199.jpg 300w, http:\/\/www.marciomeirelles.com.br\/site\/wp-content\/uploads\/2014\/07\/JANGO-ensaio-JoaoMiletMeirelles-4910-12-de-julho-de-2014-1024x682.jpg 1024w\" sizes=\"(max-width: 629px) 100vw, 629px\" \/><\/a><p id=\"caption-attachment-2124\" class=\"wp-caption-text\">primeiro ensaio no palco - foto: jo\u00e3o milet meirelles 12\/07\/2014<\/p><\/div>\n<p>&nbsp;<\/p>\n<p><strong>E GLAUBER &amp; JANGO DESEMBARCAM NO PALCO DO TEATRO VILA VELHA<\/strong><\/p>\n<p style=\"text-align: right;\"><em style=\"text-align: right; font-size: 13px; line-height: 19px;\">Geneton Moraes Neto (*)<\/em><\/p>\n<p><em style=\"font-size: 13px; line-height: 19px;\">N\u00e3o, ao contr\u00e1rio do que diz o personagem de Terra em Transe, a poesia e a pol\u00edtica n\u00e3o s\u00e3o demais para um homem s\u00f3<\/em><em style=\"font-size: 13px; line-height: 19px;\">\u00a0<\/em><\/p>\n<p><em>A poesia, a pol\u00edtica, o cinema, a literatura, o teatro n\u00e3o eram demais para Glauber Rocha &#8211; um criador, um incendi\u00e1rio, um brasileiro que sonhava, para o Brasil, um destino de grandeza e originalidade. <\/em><\/p>\n<p><em style=\"font-size: 13px; line-height: 19px;\">&#8220;Que falta faz uma voz assim nestes tempos med\u00edocres!&#8221; &#8211; exclamaria algum inconformado. N\u00e3o, a voz de Glauber n\u00e3o faz falta &#8211; porque, a rigor, nunca saiu de cena. Jamais deixou de ressoar &#8211; nos filmes, nos artigos, nos livros, nos document\u00e1rios, nos palcos, numa heran\u00e7a repartida em mil estilha\u00e7os. &#8220;Vida aos outros legada&#8221;, diria o poeta Drummond. \u00c9 assim que caminha a humanidade: &#8220;vida aos outros legada&#8221;, a voz e os del\u00edrios e os discursos e as labaredas de um brasileiro feito Glauber se desdobrando e incandescendo e ressoando e tinindo no ar, novos em folha. \u00a0 \u00a0<\/em><\/p>\n<p><em style=\"font-size: 13px; line-height: 19px;\">A voz de Glauber ressoar\u00e1 de novo agora, num lugar e numa data mais do que apropriados: os cinquenta anos do Teatro Vila Velha. Quem d\u00e1 a not\u00edcia, entusiasmado, \u00e9 M\u00e1rcio Meirelles. \u00c9 bom saber que a \u00fanica investida de Glauber Rocha na dramaturgia &#8211; a pe\u00e7a Jango, uma Tragedya &#8211; volta a ser encenada, no Brasil de 2014.<\/em><\/p>\n<p><em style=\"font-size: 13px; line-height: 19px;\">O que explode em Jango, uma Tragedya \u00e9 uma vis\u00e3o po\u00e9tica, hist\u00f3rica, tr\u00e1gica, totalizante, antropof\u00e1gica, dilacerada e, paradoxalmente, esperan\u00e7osa sobre este peda\u00e7o da Am\u00e9rica que Caetano Veloso definiu com belas palavras: &#8220;Ilha Brasil pairando eternamente a meio mil\u00edmetro do ch\u00e3o real da Am\u00e9rica&#8221;.<\/em><\/p>\n<p><em style=\"font-size: 13px; line-height: 19px;\">A dez metros do ch\u00e3o real &#8211; era assim que Glauber Rocha parecia caminhar quando fazia seus atos p\u00fablicos em defesa de um Brasil que haveria de ser capaz de se reinventar.<\/em><\/p>\n<p><em style=\"font-size: 13px; line-height: 19px;\">Transformado por Glauber em um dos personagens da pe\u00e7a, Francisco Juli\u00e3o &#8211;\u00a0 o l\u00edder das Ligas Camponesas que, nos anos pr\u00e9-golpe de 64, agitava messianicamente os campos nordestinos em defesa de uma reforma agr\u00e1ria &#8211; pronuncia uma bela senten\u00e7a:<\/em><\/p>\n<p><em style=\"font-size: 13px; line-height: 19px;\">&#8220;N\u00e3o tivemos a gloria de fabricar novas auroras&#8221;.<\/em><\/p>\n<p><em style=\"font-size: 13px; line-height: 19px;\">N\u00e3o, o Brasil n\u00e3o teve esta gl\u00f3ria &#8211; mas a busca por &#8220;novas auroras&#8221; , sejam elas pol\u00edticas, po\u00e9ticas, cinematogr\u00e1ficas, pict\u00f3ricas, teatrais, liter\u00e1rias ou televisivas, \u00e9 o belo combust\u00edvel que move criadores como Glauber Rocha e como todos os que n\u00e3o se contentam com o &#8220;ch\u00e3o real&#8221;.<\/em><\/p>\n<p><em style=\"font-size: 13px; line-height: 19px;\">Reviro meus arquivos n\u00e3o t\u00e3o implac\u00e1veis. Eis as anota\u00e7\u00f5es de um encontro com Glauber:<\/em><\/p>\n<p><em>A imagem ressurge clara e l\u00edmpida na mem\u00f3ria: Glauber Rocha desembarca numa sala de cinema acanhada, no bairro de R\u00e9publique, Paris.<\/em><\/p>\n<p><em>Era uma manh\u00e3 de s\u00e1bado. O m\u00eas: fevereiro. O ano: 1981. Os cabelos estavam ligeiramente desgrenhados. Os olhos, inchados, pelo sono recente.<\/em><em style=\"font-size: 13px; line-height: 19px;\">\u00a0<\/em><\/p>\n<p><em>A nove mil quil\u00f4metros dali, o Brasil fervia \u00e0 espera do carnaval. Mas, em R\u00e9publique, fazia um frio desgra\u00e7ado. Um inverno cinzento engolia a cidade. O homem chega envolto num sobretudo escuro.<\/em><\/p>\n<p><em style=\"font-size: 13px; line-height: 19px;\">O Glauber das minhas lembran\u00e7as era o cineasta falante que incendiava o v\u00eddeo nos fins de noite de domingo no programa \u201cAbertura\u201d, transmitido pela falecida TV Tupi. Mas o Glauber Rocha real que chega a esta sala, com uma c\u00f3pia do rec\u00e9m-conclu\u00eddo filme \u201cA Idade da Terra\u201d debaixo do bra\u00e7o, n\u00e3o exibe o vigor incendi\u00e1rio que marcava aquelas apari\u00e7\u00f5es na TV.<\/em><\/p>\n<p><em style=\"font-size: 13px; line-height: 19px;\">Ainda assim, espalha fagulhas de vitalidade por onde passa: fala como se estivesse discursando, usa um tom apaixonado para tratar do cinema e do Brasil. Dispara um petardo verbal contra um cr\u00edtico \u201cburro\u201d do Jornal do Brasil, quer saber o nome, a ocupa\u00e7\u00e3o, a proced\u00eancia dos forasteiros que lhe s\u00e3o apresentados ali, no hall do cinema, pouco antes do in\u00edcio da proje\u00e7\u00e3o.<\/em><\/p>\n<p><em style=\"font-size: 13px; line-height: 19px;\">Anima-se quando sabe que n\u00f3s \u2013 eu e o tamb\u00e9m brasileiro Marcos de Souza Mendes \u2013 somos estudantes de cinema em Paris. Aumenta o tom de voz, faz gestos largos com as m\u00e3os, chama a aten\u00e7\u00e3o dos cr\u00edticos franceses que desfilavam no sagu\u00e3o do cinema com seus cachec\u00f3is entediados: \u201cOlhem a\u00ed: s\u00e3o os jovens cineastas, \u00e9 a juventude brasileira estudando cinema! Isso me interessa! Voc\u00eas me interessam! Quero saber o que \u00e9 que voc\u00eas v\u00e3o achar do filme!\u201d. Os franceses olham para n\u00f3s, o objeto do entusiasmo glauberiano. Procuro um lugar no ch\u00e3o para me esconder.<\/em><\/p>\n<p><em style=\"font-size: 13px; line-height: 19px;\">Conselhos que ele dava a jovens que sonhavam com o cinema: ver filmes de Jean-Luc Godard, estudar Serguei Eisenstein, ler o Cahiers du Cinema.<\/em><\/p>\n<p><em style=\"font-size: 13px; line-height: 19px;\">Depois, Glauber Rocha reclama de que a cor da c\u00f3pia n\u00e3o \u00e9 ideal, come\u00e7a a falar franc\u00eas com sotaque nordestino inconfund\u00edvel. \u201cJe vais rester ici; j\u00b4attende un ami\u201d \u2013 declama, diante da porta de entrada da sala, enquanto avisa que os espectadores j\u00e1 podem ocupar seus lugares.<\/em><\/p>\n<p><em>Em seguida, vai at\u00e9 a cabine, falar com o operador. O filme come\u00e7a. Glauber sair\u00e1 da sala umas duas vezes durante a proje\u00e7\u00e3o. Terminada a sess\u00e3o, ele, que estava sentado tr\u00eas fileiras adiante, se vira para tr\u00e1s, olha para n\u00f3s, a dupla de estudantes: \u201cComo \u00e9? Fizeram as liga\u00e7\u00f5es? Fizeram as liga\u00e7\u00f5es?\u201d.<\/em><\/p>\n<p><em style=\"font-size: 13px; line-height: 19px;\">O dedo indicador da m\u00e3o esquerda de Glauber toca no indicador da m\u00e3o direita. Ao perguntar a dois jovens estudantes de cinema se eles tinham absorvido o impacto de \u201cA Idade da Terra\u201d, Glauber cumpria ali, informalmente, o grande papel que sempre lhe coube: o de provocar rea\u00e7\u00f5es.<\/em><\/p>\n<p><em style=\"font-size: 13px; line-height: 19px;\">L\u00e1 fora, pergunta pela mulher, a colombiana Paula, procura por ela no caf\u00e9 ao lado, fala mal desses \u201cfilmes reacion\u00e1rios, com hist\u00f3ria\u201d, d\u00e1 o toque de que \u201co cinema materializou\u00a0 o desejo de ser imagem e som da palavra\u201d.<\/em><\/p>\n<p><em style=\"font-size: 13px; line-height: 19px;\">\u201cA Idade da Terra\u201d seria o \u00faltimo filme de quem fizera\u00a0 obras-primas como \u201cTerra em Transe\u201d e \u201cO Drag\u00e3o da Maldade contra o Santo Guerreiro\u201d.<\/em><\/p>\n<p><em style=\"font-size: 13px; line-height: 19px;\">Cinco meses depois daquele s\u00e1bado em Paris, Glauber estava morto. Coincid\u00eancia: o cora\u00e7\u00e3o do guerreiro parou de bater num s\u00e1bado. \u00a0\u00a0<\/em><\/p>\n<p><em style=\"font-size: 13px; line-height: 19px;\">A sa\u00fade de Glauber j\u00e1 era assunto de conversas ao p\u00e9 do ouvido. O guerreiro n\u00e3o andava bem. Tinha passado uma noite vomitando, dormira durante a proje\u00e7\u00e3o de document\u00e1rios brasileiros no cinema \u201cLe Denfert\u201d.<\/em><\/p>\n<p><em style=\"font-size: 13px; line-height: 19px;\">Um di\u00e1logo sobre cinema brasileiro com um estudante brasileiro que fora visit\u00e1-lo na casa em que ele passava a temporada parisiense teve de ser interrompido. O estudante terminou tendo de ir a uma farm\u00e1cia, para comprar rem\u00e9dios.<\/em><\/p>\n<p><em style=\"font-size: 13px; line-height: 19px;\">Pouco tempo depois, Glauber levantara v\u00f4o para Portugal, onde trabalharia num projeto. As m\u00e1s not\u00edcias n\u00e3o demoravam a chegar a Paris: falava-se de complica\u00e7\u00f5es card\u00edacas, coisas assim.<\/em><\/p>\n<p><em style=\"font-size: 13px; line-height: 19px;\">A \u00faltima palavra surgiu, enfim, na primeira p\u00e1gina do \u201cLe Monde\u201d: \u201co cineasta brasileiro Glauber Rocha, um grande autor l\u00edrico e barroco\u201d, tinha morrido no Rio de Janeiro.<\/em><\/p>\n<p><em style=\"font-size: 13px; line-height: 19px;\">Um articulista do \u201cLe Monde\u201d escreveu que ele ficar\u00e1 para as \u201cgera\u00e7\u00f5es futuras\u201d como um testemunho da \u201cnecessidade de mudar\u00a0 mundo\u201d. Guardo comigo os jornais.<\/em><\/p>\n<p><em style=\"font-size: 13px; line-height: 19px;\">Por que diabos as imagens daquela manh\u00e3 de inverno em Republique est\u00e3o passando agora, n\u00edtidas e claras, na minha cabe\u00e7a, como se sa\u00eddas de um filme dom\u00e9stico que a gente deixa guardado durante anos no fundo da gaveta ? \u00a0<\/em><\/p>\n<p><em style=\"font-size: 13px; line-height: 19px;\">Uma imagem que vi por puro acaso numa TV a cabo funcionou como um gatilho detonador dessa torrente de lembran\u00e7as : a voz de Glauber Rocha fazia um discurso grandiloquente sobre imagens de Bras\u00edlia. Falava de Terceiro Mundo, capitalismo, socialismo, revolu\u00e7\u00e3o sovi\u00e9tica confrontando a riqueza americana, a roda da Hist\u00f3ria, invas\u00f5es, Europa conquistando o Novo Mundo, catequeses, cristianismo, utopias, barb\u00e1ries, caudilhos, a Am\u00e9rica Latina pagando o pre\u00e7o da progresso alheio, o sonho de que aquela paisagem do Planalto Central produzisse ilumina\u00e7\u00f5es planet\u00e1rias. \u00a0 \u00a0 \u00a0 \u00a0 \u00a0 \u00a0 \u00a0\u00a0<\/em><\/p>\n<p><em style=\"font-size: 13px; line-height: 19px;\">O discurso de Glauber Rocha acendeu um devaneio tropical numa madrugada sul-americana: quem sabe, o que falta ao Brasil, hoje, \u00e9 um toque \u00e9pico, uma fagulha daquele del\u00edrio que Glauber Rocha articulava sobre imagens de Bras\u00edlia.<\/em><\/p>\n<p><em style=\"font-size: 13px; line-height: 19px;\">Glauber Rocha apostava tudo no sonho de que o Brasil poderia ser, sim, um pa\u00eds original, uma voz que pronunciasse novidades para o resto do planeta, um laborat\u00f3rio b\u00e1rbaro que emitiria luzes belas e grandiosas. Por que n\u00e3o ?<\/em><\/p>\n<p><em style=\"font-size: 13px; line-height: 19px;\">Hoje, quando a mediocracia e aus\u00eancia de ambi\u00e7\u00e3o desfilam de m\u00e3os dadas diante do Cemit\u00e9rio das Causas Perdidas, a figura de Glauber Rocha aponta para a dire\u00e7\u00e3o contr\u00e1ria. \u00a0<\/em><\/p>\n<p><em style=\"font-size: 13px; line-height: 19px;\">O Brasil precisa de del\u00edrios glauberianos de grandeza. Ambi\u00e7\u00e3o de originalidade. Explos\u00f5es de gestos, imagens e palavras. Torrentes e vulc\u00f5es contra a pequenez. \u201cOndas de civiliza\u00e7\u00e3o\u201d.<\/em><\/p>\n<p><em style=\"font-size: 13px; line-height: 19px;\">Meninos, eu vi, num s\u00e1bado cinzento, a fagulha de um vision\u00e1rio brilhar no sagu\u00e3o de uma sala de cinema em Paris. Glauber Rocha sonhava grandezas para o Brasil, quebrava os catecismos pol\u00edticos, imaginava um destino \u00e9pico para esta rep\u00fablica ancorada na por\u00e7\u00e3o sul da Am\u00e9rica.<\/em><\/p>\n<p><em style=\"font-size: 13px; line-height: 19px;\">\u201dAcorda,Glauber. Eles enlouqueceram!\u201d. \u00a0 \u00a0 \u00a0 \u00a0 \u00a0 \u00a0\u00a0<\/em><\/p>\n<p style=\"text-align: right;\"><em style=\"font-size: 13px; line-height: 19px;\">(*) \u00c9 jornalista. Documentarista. Dirigiu, entre outros, o document\u00e1rio Can\u00e7\u00f5es do Ex\u00edlio &#8211; com depoimentos de Caetano Veloso, Gilberto Gil, Jards Macal\u00e9 e Jorge Mautner sobre os tempos em que viveram em Londres.<\/em><\/p>\n<p><div id=\"attachment_2126\" style=\"width: 606px\" class=\"wp-caption aligncenter\">&#8220;]<a href=\"http:\/\/www.marciomeirelles.com.br\/site\/wp-content\/uploads\/2014\/07\/jango-header.png\"><img aria-describedby=\"caption-attachment-2126\" loading=\"lazy\" class=\" wp-image-2126\" title=\"jango header\" src=\"http:\/\/www.marciomeirelles.com.br\/site\/wp-content\/uploads\/2014\/07\/jango-header.png\" alt=\"capa do perfil no facebook - tropical selvagem [lia cunha e ians\u00e3 negr\u00e3o]\" width=\"596\" height=\"221\" srcset=\"http:\/\/www.marciomeirelles.com.br\/site\/wp-content\/uploads\/2014\/07\/jango-header.png 851w, http:\/\/www.marciomeirelles.com.br\/site\/wp-content\/uploads\/2014\/07\/jango-header-300x111.png 300w\" sizes=\"(max-width: 596px) 100vw, 596px\" \/><\/a><p id=\"caption-attachment-2126\" class=\"wp-caption-text\">capa do perfil no facebook pelo tropical selvagem - lia cunha e ians\u00e3 negr\u00e3o<\/p><\/div><strong style=\"font-size: 13px; line-height: 19px;\">De: Marcio Meirelles<\/strong><\/p>\n<p><strong>Para: Geneton Moraes Neto e Paloma Rocha<\/strong><\/p>\n<p><strong>Enviado: sexta, 20 de junho de 2014<\/strong><\/p>\n<p>muito obrigado geneton<\/p>\n<p>estou ainda chorando de ler o q vc escreveu<\/p>\n<p>aqui em mindelo &#8211; cabo verde ensaio agora um espet\u00e1culo chamado exatamente<\/p>\n<p>EM DEFESA DAS CAUSA PERDIDAS &#8211; um ensaio sobre d quixote<\/p>\n<p>c jovens caboverdianos entre 14 e 24 anos<\/p>\n<p>o impacto do seu texto sua mem\u00f3ria seu pensamento<\/p>\n<p>me fazem bem e me provocam<\/p>\n<p>qdo quase penso em desistir mais uma vez do teatro e dos projetos de mudan\u00e7a<\/p>\n<p>que o teatro me obriga a formular e por em marcha<\/p>\n<p>quase q diariamente<\/p>\n<p>qdo quase penso q n vale a pena cavar este cemit\u00e9rio de causas perdidas<\/p>\n<p>n vale a pena tentar restituir ao brazyl a vida perdida em nevoeiros de entretenimento<\/p>\n<p>e distra\u00e7\u00e3o de copas novelas fic\u00e7\u00f5es\u00a0 democr\u00e1ticas representativas<\/p>\n<p>manipula\u00e7\u00f5es religiosas mercadol\u00f3gicas imperialistas<\/p>\n<p>que tudo isso \u00e9 muito sufocante e q as utopias muito negociadas<\/p>\n<p>precisam novas utopias p se salvarem<\/p>\n<p>seu texto para o programa de JANGO me lembra q n d\u00e1 pra desistir<\/p>\n<p>q \u00e9 preciso ir em frente q a hyst\u00f3ria exige e cobra essa marcha<\/p>\n<p>fiquei muito feliz e emocionado com a converg\u00eancias de nossos projetos<\/p>\n<p>seu document\u00e1rio e nossa montagem<\/p>\n<p>acho q alguma coisa no brazyl agora pede uma revis\u00e3o pol\u00edtica e po\u00e9tica urgente<\/p>\n<p>foi isso que me instigou qdo ao pensar em como celebrar os 50 anos do teatro vila velha<\/p>\n<p>me veio JANGO \u00e0 mem\u00f3ria n\u00e3o de gra\u00e7a n\u00e3o \u00e0 toa<\/p>\n<p>pelo q significam neste momento ou podem significar para o brazyl<\/p>\n<p>jango e glauber e o teatro vila velha<\/p>\n<p>enquanto isso no vila jovens ensaiam JANGO<\/p>\n<p>trabalham para q seja concluida e apresentada a encena\u00e7\u00e3o qdo eu voltar<\/p>\n<p>ensaiam m\u00fasicas e coreografias<\/p>\n<p>do espet\u00e1culo q glauber nos deixou como miss\u00e3o realizar<\/p>\n<p>mesmo q n soubesse qdo escreveu a pe\u00e7a<\/p>\n<p>ele nos destinava a isso de alguma maneira<\/p>\n<p>h\u00e1 importantes registros da presen\u00e7a de glauber no teatro vila velha<\/p>\n<p>cinco anos atras para ser anistiado politicamente<\/p>\n<p>para receber o pedido de desculpas oficial<\/p>\n<p>pelo ex\u00edlio pris\u00e3o confinamento maus tratos tortura e morte<\/p>\n<p>que o brazyl q ele sonhava mudar lhe imp\u00f4s oficial ou inoficialmente<\/p>\n<p>f\u00edsica ou simboicamente<\/p>\n<p>e vi no palco onde vamos apresentar o seu JANGO<\/p>\n<p>o governo pedir desculpas a d l\u00facia \u00e0 fam\u00edlia rocha<\/p>\n<p>e a todos n\u00f3s pelo q foi feito ao homem brazyleiro glauber rocha<span style=\"font-size: 13px; line-height: 19px;\">\u00a0<\/span><\/p>\n<p>outro registro de glauber no teatro vila velha foi na plat\u00e9ia<\/p>\n<p>de onde escreveu um artigo sobre ter assistido em STOPEM STOPEM<\/p>\n<p>&#8211; de jo\u00e3o augusto\/teatro dos novos &#8211;<\/p>\n<p>a reconstru\u00e7\u00e3o do teatro brasileiro coisa q achava imposs\u00edvel<\/p>\n<p>depois de te-lo visto ser desconstru\u00eddo por z\u00e9 celso no REI DA VELA<\/p>\n<p>outra registro monumental da rela\u00e7\u00e3o de glauber com o vila velha<\/p>\n<p>\u00e9 seu corisco othon bastos do teatro dos novos<\/p>\n<p>levado imediatamente ap\u00f3s uma leitura dOS FUZIS DA SENHORA CARRAR feita pelo grupo<\/p>\n<p>para o sert\u00e3o baiano para filmar DEUS E O DIABO NA TERRA DO SOL<\/p>\n<p>e este registro al\u00e9m do pr\u00f3prio filme est\u00e1 na c\u00f3pia de um recibo de 100 cruzeiros que ele pagou<\/p>\n<p>pela aus\u00eancia de othon nos ensaios de ELES N\u00c3O USAM BLEQUETAI<\/p>\n<p>primeira pe\u00e7a de teatro encenada no vila<\/p>\n<p><span style=\"font-size: 13px; line-height: 19px;\">o brazyl deve muitas coisas a glauber<\/span><\/p>\n<p>mas a maior d\u00edvida \u00e9 uma rebeli\u00e3o conduzida politica e poeticamente<\/p>\n<p>por suas id\u00e9ias de soberania que nos leve a um futuro \u00fanico destinado a este pa\u00eds<\/p>\n<p>diferente do presente negociado q estamos vivendo<\/p>\n<p>ele previu este presente em sua obra<\/p>\n<p>ele previu este presente em JANGO est\u00e1 l\u00e1 t\u00e3o transl\u00facido qto \u00e1gua<\/p>\n<p>mas ele tamb\u00e9m previu um futuro antropofagicamente poss\u00edvel para o brazyl<\/p>\n<p>um futuro q devemos a ele e a muitos outros q sonharam e lutaram<\/p>\n<p>de diversas formas em defesa de causas perdidas<\/p>\n<p>&#8230;.<\/p>\n<p>pronto, meu velho<\/p>\n<p>por fim minha resposta \u00e0 emo\u00e7\u00e3o q vc provocou acabou virando meu texto para o programa<\/p>\n<p>e a\u00ed me veio a ideia de publicar a g\u00eanese toda destes 2 textos<\/p>\n<p>seu imeio seminal para paloma e as respostas q se seguiram<\/p>\n<p>pe\u00e7o sua autoriza\u00e7\u00e3o<\/p>\n<p>pe\u00e7o tamb\u00e9m a paloma<\/p>\n<p><span style=\"font-size: 13px; line-height: 19px;\">obrigado mais uma vez<\/span><\/p>\n<p>seguimos<\/p>\n<p>&nbsp;<\/p>\n","protected":false},"excerpt":{"rendered":"<p>os textos de apresenta\u00e7\u00e3o no programa de JANGO &#8211; UMA TRAG\u00c9DIA\u00a0surgiram de uma conversa por imeios trocados com paloma rocha e geneton moraes neto. al\u00e9m dos textos dele e meu\u00a0publicamos o registro dessa poss\u00edvel coincid\u00eancia e g\u00eanese dos textos. JANGO \u00e9 uma\u00a0pe\u00e7a de glauber rocha, encenada por mim\u00a0para celebrar os<\/p>\n","protected":false},"author":2,"featured_media":2124,"comment_status":"open","ping_status":"open","sticky":false,"template":"","format":"standard","meta":[],"categories":[4,7,176,24,94],"tags":[407,72,22,35,12,316,55,73,408,409,403,374,406,74,404,405,31,412,20,402,18,129,411,32,472,64,280,104,13,410,345],"_links":{"self":[{"href":"http:\/\/www.marciomeirelles.com.br\/site\/wp-json\/wp\/v2\/posts\/2118"}],"collection":[{"href":"http:\/\/www.marciomeirelles.com.br\/site\/wp-json\/wp\/v2\/posts"}],"about":[{"href":"http:\/\/www.marciomeirelles.com.br\/site\/wp-json\/wp\/v2\/types\/post"}],"author":[{"embeddable":true,"href":"http:\/\/www.marciomeirelles.com.br\/site\/wp-json\/wp\/v2\/users\/2"}],"replies":[{"embeddable":true,"href":"http:\/\/www.marciomeirelles.com.br\/site\/wp-json\/wp\/v2\/comments?post=2118"}],"version-history":[{"count":9,"href":"http:\/\/www.marciomeirelles.com.br\/site\/wp-json\/wp\/v2\/posts\/2118\/revisions"}],"predecessor-version":[{"id":2128,"href":"http:\/\/www.marciomeirelles.com.br\/site\/wp-json\/wp\/v2\/posts\/2118\/revisions\/2128"}],"wp:featuredmedia":[{"embeddable":true,"href":"http:\/\/www.marciomeirelles.com.br\/site\/wp-json\/wp\/v2\/media\/2124"}],"wp:attachment":[{"href":"http:\/\/www.marciomeirelles.com.br\/site\/wp-json\/wp\/v2\/media?parent=2118"}],"wp:term":[{"taxonomy":"category","embeddable":true,"href":"http:\/\/www.marciomeirelles.com.br\/site\/wp-json\/wp\/v2\/categories?post=2118"},{"taxonomy":"post_tag","embeddable":true,"href":"http:\/\/www.marciomeirelles.com.br\/site\/wp-json\/wp\/v2\/tags?post=2118"}],"curies":[{"name":"wp","href":"https:\/\/api.w.org\/{rel}","templated":true}]}}