{"id":2350,"date":"2014-09-28T13:07:08","date_gmt":"2014-09-28T16:07:08","guid":{"rendered":"http:\/\/www.marciomeirelles.com.br\/site\/?p=2350"},"modified":"2014-09-28T14:23:11","modified_gmt":"2014-09-28T17:23:11","slug":"o-novo-relato-do-bando","status":"publish","type":"post","link":"http:\/\/www.marciomeirelles.com.br\/site\/2014\/09\/o-novo-relato-do-bando\/","title":{"rendered":"O NOVO RELATO DO BANDO"},"content":{"rendered":"<div id=\"attachment_2351\" style=\"width: 615px\" class=\"wp-caption aligncenter\"><a href=\"http:\/\/www.marciomeirelles.com.br\/site\/wp-content\/uploads\/2014\/09\/00-relato-claudio.jpg\"><img aria-describedby=\"caption-attachment-2351\" loading=\"lazy\" class=\" wp-image-2351  \" title=\"00 relato claudio\" src=\"http:\/\/www.marciomeirelles.com.br\/site\/wp-content\/uploads\/2014\/09\/00-relato-claudio.jpg\" alt=\"\" width=\"605\" height=\"403\" srcset=\"http:\/\/www.marciomeirelles.com.br\/site\/wp-content\/uploads\/2014\/09\/00-relato-claudio.jpg 960w, http:\/\/www.marciomeirelles.com.br\/site\/wp-content\/uploads\/2014\/09\/00-relato-claudio-300x200.jpg 300w\" sizes=\"(max-width: 605px) 100vw, 605px\" \/><\/a><p id=\"caption-attachment-2351\" class=\"wp-caption-text\">b\u00e1rbara vieira e renan motta - foto: cl\u00e1udio varella<\/p><\/div>\n<p>em 2014 durante seis meses o BANDO DE TEATRO OLODUM desenvolveu a OFICINA DE PREFORMANCE NEGRA no TEATRO VILA VELHA foram v\u00e1rias atividades formativas q resultaram em mostras v\u00eddeos e na reencena\u00e7\u00e3o de RELATO DE UMA GUERRA QUE (N\u00c3O) ACABOU \u2013 espet\u00e1culo q criei para o BANDO em 2002 numa orquestra\u00e7\u00e3o de muitas colabora\u00e7\u00f5es como todo espet\u00e1culo<\/p>\n<p><span style=\"font-size: 13px; line-height: 19px;\">rever a obra sem a minha interfer\u00eancia \u00e9 como ver de fora eu mesmo e repensar muitas coisas sobre o q fiz n s\u00f3 no espet\u00e1culo mas no bando na minha trajet\u00f3ria em minhas escolhas<\/span><\/p>\n<p><span style=\"font-size: 13px; line-height: 19px;\">valdin\u00e9ia soriano dirigiu a reencena\u00e7\u00e3o e fez um belo trabalho c alguns colaboradores originais (zebrinha na coreografia e outros atores q criaram comigo o primeiro RELATO) manteve marcas inten\u00e7\u00f5es cen\u00e1rio figurino luz m\u00fasica caminhos originais e isso me fez refletir tamb\u00e9m sobre um processo formativo \u2013 todo o trabalho q desenvolvemos no bando foi para q se criasse autonomia conhecimento consci\u00eancia criatividade possibilidades de sustentabilidade compartilhadas\u00a0 capacidade de continuidade<\/span><\/p>\n<p><span style=\"font-size: 13px; line-height: 19px;\">durante o processo as mostras foram cheias de qualidades de novos encenadores bons novos atores com caminhos pela frente a depender das op\u00e7\u00f5es q fa\u00e7am um mesmo dna explodindo m\u00faltiplas formas novas diferentes da inicial o q s\u00f3 reafirma o resultado positivo do m\u00e9todo n s\u00e3o meras c\u00f3pias s\u00e3o degluti\u00e7\u00f5es de um processo<\/span><\/p>\n<p><span style=\"font-size: 13px; line-height: 19px;\">creio q fiz a op\u00e7\u00e3o certa qdo me afastei da coordena\u00e7\u00e3o do BANDO e deixei q seguissem deu resultado seguiram ainda c a supervis\u00e3o de chica carelli e a colabora\u00e7\u00e3o de zebrinha e jarbas bittencourt mas posso ver artistas ativistas maduros tocando seu pr\u00f3prio caminho seguimos sigo o meu caminho e formo novos outros na universidade LIVRE de teatro vila velha com muitas novas e velhas colabora\u00e7\u00f5es<\/span><\/p>\n<p><span style=\"font-size: 13px; line-height: 19px;\">feliz em ver q o m\u00e9todo d\u00e1 certo o resultado \u00e9 mto bom<\/span><\/p>\n<p><span style=\"font-size: 13px; line-height: 19px;\">obrigado<\/span><\/p>\n<p><span style=\"font-size: 13px; line-height: 19px;\">ainda h\u00e1 esperan\u00e7as<\/span><\/p>\n<div id=\"attachment_2356\" style=\"width: 586px\" class=\"wp-caption aligncenter\"><a href=\"http:\/\/www.marciomeirelles.com.br\/site\/wp-content\/uploads\/2014\/09\/8153793101_cd04f960e9_z.jpg\"><img aria-describedby=\"caption-attachment-2356\" loading=\"lazy\" class=\" wp-image-2356 \" title=\"8153793101_cd04f960e9_z\" src=\"http:\/\/www.marciomeirelles.com.br\/site\/wp-content\/uploads\/2014\/09\/8153793101_cd04f960e9_z.jpg\" alt=\"\" width=\"576\" height=\"383\" srcset=\"http:\/\/www.marciomeirelles.com.br\/site\/wp-content\/uploads\/2014\/09\/8153793101_cd04f960e9_z.jpg 640w, http:\/\/www.marciomeirelles.com.br\/site\/wp-content\/uploads\/2014\/09\/8153793101_cd04f960e9_z-300x199.jpg 300w\" sizes=\"(max-width: 576px) 100vw, 576px\" \/><\/a><p id=\"caption-attachment-2356\" class=\"wp-caption-text\">auristela s\u00e1 e \u00e9rico br\u00e1s na montagem original de 2002 - foto: m\u00e1rcio lima<\/p><\/div>\n<p style=\"text-align: right;\">salvador, 28\/09\/2014<\/p>\n","protected":false},"excerpt":{"rendered":"<p>em 2014 durante seis meses o BANDO DE TEATRO OLODUM desenvolveu a OFICINA DE PREFORMANCE NEGRA no TEATRO VILA VELHA foram v\u00e1rias atividades formativas q resultaram em mostras v\u00eddeos e na reencena\u00e7\u00e3o de RELATO DE UMA GUERRA QUE (N\u00c3O) ACABOU \u2013 espet\u00e1culo q criei para o BANDO em 2002 numa<\/p>\n","protected":false},"author":2,"featured_media":2351,"comment_status":"open","ping_status":"open","sticky":false,"template":"","format":"standard","meta":[],"categories":[11,4,176],"tags":[72,22,25,237,73,30,74,20,129,32,64,280,104,19,13,345],"_links":{"self":[{"href":"http:\/\/www.marciomeirelles.com.br\/site\/wp-json\/wp\/v2\/posts\/2350"}],"collection":[{"href":"http:\/\/www.marciomeirelles.com.br\/site\/wp-json\/wp\/v2\/posts"}],"about":[{"href":"http:\/\/www.marciomeirelles.com.br\/site\/wp-json\/wp\/v2\/types\/post"}],"author":[{"embeddable":true,"href":"http:\/\/www.marciomeirelles.com.br\/site\/wp-json\/wp\/v2\/users\/2"}],"replies":[{"embeddable":true,"href":"http:\/\/www.marciomeirelles.com.br\/site\/wp-json\/wp\/v2\/comments?post=2350"}],"version-history":[{"count":7,"href":"http:\/\/www.marciomeirelles.com.br\/site\/wp-json\/wp\/v2\/posts\/2350\/revisions"}],"predecessor-version":[{"id":2360,"href":"http:\/\/www.marciomeirelles.com.br\/site\/wp-json\/wp\/v2\/posts\/2350\/revisions\/2360"}],"wp:featuredmedia":[{"embeddable":true,"href":"http:\/\/www.marciomeirelles.com.br\/site\/wp-json\/wp\/v2\/media\/2351"}],"wp:attachment":[{"href":"http:\/\/www.marciomeirelles.com.br\/site\/wp-json\/wp\/v2\/media?parent=2350"}],"wp:term":[{"taxonomy":"category","embeddable":true,"href":"http:\/\/www.marciomeirelles.com.br\/site\/wp-json\/wp\/v2\/categories?post=2350"},{"taxonomy":"post_tag","embeddable":true,"href":"http:\/\/www.marciomeirelles.com.br\/site\/wp-json\/wp\/v2\/tags?post=2350"}],"curies":[{"name":"wp","href":"https:\/\/api.w.org\/{rel}","templated":true}]}}