{"id":2382,"date":"2014-10-19T18:55:32","date_gmt":"2014-10-19T21:55:32","guid":{"rendered":"http:\/\/www.marciomeirelles.com.br\/site\/?p=2382"},"modified":"2014-10-19T19:07:41","modified_gmt":"2014-10-19T22:07:41","slug":"em-apoio-ao-circo-picolino","status":"publish","type":"post","link":"http:\/\/www.marciomeirelles.com.br\/site\/2014\/10\/em-apoio-ao-circo-picolino\/","title":{"rendered":"EM APOIO AO CIRCO PICOLINO"},"content":{"rendered":"<p style=\"text-align: right;\" align=\"center\">\n<p style=\"text-align: center;\" align=\"center\"><a href=\"http:\/\/www.marciomeirelles.com.br\/site\/wp-content\/uploads\/2014\/10\/2014_10_19-APOIO-PICOLINO-3.jpg\"><img loading=\"lazy\" class=\"aligncenter  wp-image-2389\" title=\"2014_10_19 APOIO PICOLINO 3\" src=\"http:\/\/www.marciomeirelles.com.br\/site\/wp-content\/uploads\/2014\/10\/2014_10_19-APOIO-PICOLINO-3.jpg\" alt=\"\" width=\"576\" height=\"432\" srcset=\"http:\/\/www.marciomeirelles.com.br\/site\/wp-content\/uploads\/2014\/10\/2014_10_19-APOIO-PICOLINO-3.jpg 960w, http:\/\/www.marciomeirelles.com.br\/site\/wp-content\/uploads\/2014\/10\/2014_10_19-APOIO-PICOLINO-3-300x225.jpg 300w\" sizes=\"(max-width: 576px) 100vw, 576px\" \/><\/a><\/p>\n<p align=\"center\"><a href=\"http:\/\/www.marciomeirelles.com.br\/site\/wp-content\/uploads\/2014\/10\/2014_10_19-APOIO-PICOLINO11.jpg\"><img loading=\"lazy\" class=\"size-full wp-image-2390 alignleft\" title=\"2014_10_19 APOIO PICOLINO1\" src=\"http:\/\/www.marciomeirelles.com.br\/site\/wp-content\/uploads\/2014\/10\/2014_10_19-APOIO-PICOLINO11.jpg\" alt=\"\" width=\"240\" height=\"180\" \/><\/a>\u00a0\u00a0<span style=\"font-size: 13px; line-height: 19px;\">texto lido no dia 19 de outubro de 2014 \u00a0no circo picolino . salvador bahia . evento de apoio \u00e0 restaura\u00e7\u00e3o da lona do circo<\/span><\/p>\n<p style=\"text-align: center;\" align=\"center\">\n<div id=\"attachment_2387\" style=\"width: 586px\" class=\"wp-caption aligncenter\"><a href=\"http:\/\/www.marciomeirelles.com.br\/site\/wp-content\/uploads\/2014\/10\/2014_10_19-APOIO-PICOLINO-2.jpg\"><img aria-describedby=\"caption-attachment-2387\" loading=\"lazy\" class=\" wp-image-2387 \" title=\"2014_10_19 APOIO PICOLINO 2\" src=\"http:\/\/www.marciomeirelles.com.br\/site\/wp-content\/uploads\/2014\/10\/2014_10_19-APOIO-PICOLINO-2.jpg\" alt=\"\" width=\"576\" height=\"432\" srcset=\"http:\/\/www.marciomeirelles.com.br\/site\/wp-content\/uploads\/2014\/10\/2014_10_19-APOIO-PICOLINO-2.jpg 960w, http:\/\/www.marciomeirelles.com.br\/site\/wp-content\/uploads\/2014\/10\/2014_10_19-APOIO-PICOLINO-2-300x225.jpg 300w\" sizes=\"(max-width: 576px) 100vw, 576px\" \/><\/a><p id=\"caption-attachment-2387\" class=\"wp-caption-text\">atores do teatro vila velha no evento de apoio ao restauro da lona do circo . cantando O TEATRO de tom z\u00e9<\/p><\/div>\n<p style=\"text-align: left;\" align=\"center\"><span style=\"font-size: 13px; line-height: 19px;\">neste momento em q se fomenta o \u00f3dio e a competi\u00e7\u00e3o em nosso pa\u00eds<\/span><\/p>\n<p>onde se instala uma evidente luta de classes<\/p>\n<p>precisamos celebrar o amor e a colabora\u00e7\u00e3o<\/p>\n<p>precisamos celebrar esta irmandade q existe no teatro<\/p>\n<p>esta irmandade q faz c que nos reconhe\u00e7amos no outro<\/p>\n<p>e c q o publico se reconhe\u00e7a em n\u00f3s<\/p>\n<p>com que n\u00f3s sejamos o q somos<\/p>\n<p>pessoas q trabalham todos os dias pra alegrar o mundo<\/p>\n<p>pra tocar a consci\u00eancia dos povos<\/p>\n<p>pra fazer a vida suport\u00e1vel qdo tudo parece dizer q n\u00e3o<\/p>\n<p>e qdo tudo parece nos dizer q n\u00e3o<\/p>\n<p>dizermos sim<\/p>\n<p>e qdo tudo nos obrigar a dizer sim<\/p>\n<p>pensar<\/p>\n<p>pensar seguir nosso cora\u00e7\u00e3o e dizer<\/p>\n<p>pode ser<\/p>\n<p>ou talvez<\/p>\n<p>ou n\u00e3o<\/p>\n<p>conforme seja o caso<\/p>\n<p>conforme seja o fato<\/p>\n<p>conforme seja o ato<\/p>\n<p>por isso o teatro vila velha disse sim<\/p>\n<p>ao chamado de seu irm\u00e3o o circo picolino<\/p>\n<p>a cidade precisa de um circo<\/p>\n<p>toda cidade precisa de um circo<\/p>\n<p>toda cidade precisa da ideia de um circo<\/p>\n<p>e a ideia \u00e9 esta estarmos juntos<\/p>\n<p>num circo restaurar sua lona<\/p>\n<p>restaurar a paz o amor entre as pessoas<\/p>\n<p>na cidade no pa\u00eds<\/p>\n<p>restaurar a lona de um circo \u00e9 uma resposta<\/p>\n<p>a tudo q os drag\u00f5es da maldade n desejam<\/p>\n<p>e nesta luta o santo guerreiro vencer\u00e1<\/p>\n<p>o santo guerreiro aqui \u00e9 anselmo<\/p>\n<p>q d\u00e1 cara a essa luta<\/p>\n<p>estamos juntos irm\u00e3o<\/p>\n<p>estamos no mesmo mundo na mesma cidade<\/p>\n<p>q precisa de um circo e das ideias q podem<\/p>\n<p>brotar florescer e frutificar aqui embaixo de uma lona restaurada<\/p>\n<p>n\u00f3s do teatro vila velha<\/p>\n<p>da universidade LIVRE de teatro vila velha<\/p>\n<p>queremos compartilhar c o circo picolino<\/p>\n<p>uma arma que tom z\u00e9 nos deu de presente<\/p>\n<p>que o presente \u00e9 pra ser compartilhado<\/p>\n<p align=\"right\">salvador . 19\/10\/2014<\/p>\n<p align=\"right\">m\u00e1rcio meirelles<\/p>\n","protected":false},"excerpt":{"rendered":"<p>\u00a0\u00a0texto lido no dia 19 de outubro de 2014 \u00a0no circo picolino . salvador bahia . evento de apoio \u00e0 restaura\u00e7\u00e3o da lona do circo neste momento em q se fomenta o \u00f3dio e a competi\u00e7\u00e3o em nosso pa\u00eds onde se instala uma evidente luta de classes precisamos celebrar o<\/p>\n","protected":false},"author":2,"featured_media":2383,"comment_status":"open","ping_status":"open","sticky":false,"template":"","format":"standard","meta":[],"categories":[4,24,94],"tags":[418,72,22,12,417,73,147,20,53,18,129,32,472,280,104,13,345],"_links":{"self":[{"href":"http:\/\/www.marciomeirelles.com.br\/site\/wp-json\/wp\/v2\/posts\/2382"}],"collection":[{"href":"http:\/\/www.marciomeirelles.com.br\/site\/wp-json\/wp\/v2\/posts"}],"about":[{"href":"http:\/\/www.marciomeirelles.com.br\/site\/wp-json\/wp\/v2\/types\/post"}],"author":[{"embeddable":true,"href":"http:\/\/www.marciomeirelles.com.br\/site\/wp-json\/wp\/v2\/users\/2"}],"replies":[{"embeddable":true,"href":"http:\/\/www.marciomeirelles.com.br\/site\/wp-json\/wp\/v2\/comments?post=2382"}],"version-history":[{"count":5,"href":"http:\/\/www.marciomeirelles.com.br\/site\/wp-json\/wp\/v2\/posts\/2382\/revisions"}],"predecessor-version":[{"id":2388,"href":"http:\/\/www.marciomeirelles.com.br\/site\/wp-json\/wp\/v2\/posts\/2382\/revisions\/2388"}],"wp:featuredmedia":[{"embeddable":true,"href":"http:\/\/www.marciomeirelles.com.br\/site\/wp-json\/wp\/v2\/media\/2383"}],"wp:attachment":[{"href":"http:\/\/www.marciomeirelles.com.br\/site\/wp-json\/wp\/v2\/media?parent=2382"}],"wp:term":[{"taxonomy":"category","embeddable":true,"href":"http:\/\/www.marciomeirelles.com.br\/site\/wp-json\/wp\/v2\/categories?post=2382"},{"taxonomy":"post_tag","embeddable":true,"href":"http:\/\/www.marciomeirelles.com.br\/site\/wp-json\/wp\/v2\/tags?post=2382"}],"curies":[{"name":"wp","href":"https:\/\/api.w.org\/{rel}","templated":true}]}}