{"id":2428,"date":"2015-05-21T17:57:49","date_gmt":"2015-05-21T20:57:49","guid":{"rendered":"http:\/\/www.marciomeirelles.com.br\/site\/?p=2428"},"modified":"2015-05-21T17:57:49","modified_gmt":"2015-05-21T20:57:49","slug":"artes-cenicas-redes-sociais-sao-tratadas-como-elemento-estetico","status":"publish","type":"post","link":"http:\/\/www.marciomeirelles.com.br\/site\/2015\/05\/artes-cenicas-redes-sociais-sao-tratadas-como-elemento-estetico\/","title":{"rendered":"artes c\u00eanicas: REDES SOCIAIS S\u00c3O TRATADAS COMO ELEMENTO EST\u00c9TICO"},"content":{"rendered":"<div id=\"attachment_2429\" style=\"width: 630px\" class=\"wp-caption aligncenter\"><a href=\"http:\/\/www.marciomeirelles.com.br\/site\/wp-content\/uploads\/2015\/05\/image.jpg\"><img aria-describedby=\"caption-attachment-2429\" loading=\"lazy\" class=\"size-full wp-image-2429\" title=\"image\" src=\"http:\/\/www.marciomeirelles.com.br\/site\/wp-content\/uploads\/2015\/05\/image.jpg\" alt=\"\" width=\"620\" height=\"420\" srcset=\"http:\/\/www.marciomeirelles.com.br\/site\/wp-content\/uploads\/2015\/05\/image.jpg 620w, http:\/\/www.marciomeirelles.com.br\/site\/wp-content\/uploads\/2015\/05\/image-300x203.jpg 300w\" sizes=\"(max-width: 620px) 100vw, 620px\" \/><\/a><p id=\"caption-attachment-2429\" class=\"wp-caption-text\">foto: marcio meirelles<\/p><\/div>\n<p>JOYCE ATHI\u00ca<\/p>\n<p>Como um observador da sociedade, \u201cO Campo de Batalha\u201d, espet\u00e1culo que estreia amanh\u00e3 em Belo Horizonte, no CCBB, pin\u00e7a do real uma reflex\u00e3o que ganha moldes est\u00e9ticos e materializa o mundo da internet na tem\u00e1tica e tamb\u00e9m na cenografia.<\/p>\n<p>O \u201cespet\u00e1culo debate\u201d, estrutura dramat\u00fargica que marca o trabalho de Aldri Anuncia\u00e7\u00e3o, p\u00f5e uma lupa sobre as polaridades que se acirram no ambiente virtual. \u201cParece que a humanidade enlouqueceu, est\u00e1 perdida no meio do caos, o que por um lado pode ser interessante para gerar uma nova ordem porque essa bipolaridade j\u00e1 n\u00e3o cabe mais. Os movimentos sociais v\u00eam mostrando que a configura\u00e7\u00e3o do mundo mudou, desde o n\u00facleo familiar, e a gente ainda fica preso a uma l\u00f3gica partid\u00e1ria e bin\u00e1ria que n\u00e3o se serve mais. O momento \u00e9 perigoso porque \u00e9 no impasse, na d\u00favida, que surgem os monstros, as igrejas, a m\u00eddia, conduzindo as multid\u00f5es a um retrocesso absurdo\u201d, reflete M\u00e1rcio Meirelles, diretor do espet\u00e1culo.<\/p>\n<p>Como um trocadilho, Aldri diz que estamos sofrendo de sensibilidade social. \u201cNas redes, voc\u00ea exp\u00f5e sua ideia e vai conseguir rastrear as pessoas que s\u00e3o contra e as que s\u00e3o a favor e perceber como sua mensagem \u00e9 recebida. \u00c9 como um tribunal de julgamento que pode ser muito cruel\u201d, comenta o dramaturgo.<\/p>\n<p>Refer\u00eancia tem\u00e1tica, a internet materializa-se esteticamente no espet\u00e1culo. Como uma tela de computador com v\u00e1rias janelas abertas, o p\u00fablico assiste a imagens retratadas na m\u00eddia, narrativas pulverizadas e difundidas, ao mesmo tempo em que assistem, neste mesmo ambiente, ao encontro dos dois soldados, que est\u00e1 sendo transmitido ao vivo pela web. \u201cEles v\u00e3o descobrindo aos poucos que est\u00e3o sendo vistos e percebem que est\u00e3o fazendo parte de um joguete. \u00c9 quando tomam consci\u00eancia desse todo maior que est\u00e1 escondido que eles v\u00e3o tendo outro tipo de atitude e acabam se comportando de uma maneira diferenciada\u201d, conta Aldri.<\/p>\n<p>Para ele, a internet desconsidera as nuances do humano: o tom de voz, o olhar, o toque. \u201cEssa tecnologia de comunica\u00e7\u00e3o \u00e9 reducionista e isso \u00e9 perigoso. Lazzo Matumbi, m\u00fasico da Bahia, costuma dizer: \u2018Minha pele \u00e9 linguagem\u2019, e n\u00e3o d\u00e1 para desconsiderar isso. Nesse sentido, a internet \u00e9 como um muro que a gente construiu para gente\u201d, reflete.<\/p>\n<p>Para dar conta dessas express\u00f5es que s\u00e3o apagadas no mundo virtual, j\u00e1 no texto, Aldri apontou para refer\u00eancias videogr\u00e1ficas e sonoridades, que foram tratadas pelo diretor quase como personagens que tentam refor\u00e7ar a dimens\u00e3o do sens\u00edvel.<\/p>\n<p>Dando continuidade a um estudo antigo de M\u00e1rcio Meirelles sobre o papel da m\u00fasica no teatro e a forma como ela se insere na dramaturgia, a sonoriza\u00e7\u00e3o do espet\u00e1culo, criada por Tato Taborda, torna-se invis\u00edvel, segundo o diretor, criando sensa\u00e7\u00f5es e ambientes, com poucos momentos de sil\u00eancio. \u201cTodo som que est\u00e1 no espet\u00e1culo \u00e9 m\u00fasica e funciona como uma reg\u00eancia, uma orquestra\u00e7\u00e3o do espet\u00e1culo como todo, com os sons criados, das bombas, dos elementos da natureza, somados \u00e0 voz dos atores e at\u00e9 o barulho do projetor\u201d, conta.<\/p>\n<p>Constru\u00eddas por Rafael Gallo, proje\u00e7\u00f5es mapeadas criam os ambientes virtuais e reais. \u201cA gente tem uma proje\u00e7\u00e3o complicada que parece simples, mas ela cria v\u00e1rias planos, com v\u00e1rias janelas, como uma refer\u00eancia ao uso da internet, mas tamb\u00e9m como o controle midi\u00e1tico das imagens que s\u00e3o reproduzidas para o mundo\u201d, diz M\u00e1rcio.<\/p>\n<p style=\"text-align: right;\">publicado em 21.05.2015 no jornal O TEMPO &#8211; belo horizonte MG<\/p>\n<p style=\"text-align: right;\">http:\/\/www.otempo.com.br\/divers%C3%A3o\/magazine\/redes-sociais-s%C3%A3o-tratadas-como-elemento-est%C3%A9tico-1.1042215<\/p>\n","protected":false},"excerpt":{"rendered":"<p>JOYCE ATHI\u00ca Como um observador da sociedade, \u201cO Campo de Batalha\u201d, espet\u00e1culo que estreia amanh\u00e3 em Belo Horizonte, no CCBB, pin\u00e7a do real uma reflex\u00e3o que ganha moldes est\u00e9ticos e materializa o mundo da internet na tem\u00e1tica e tamb\u00e9m na cenografia. O \u201cespet\u00e1culo debate\u201d, estrutura dramat\u00fargica que marca o trabalho<\/p>\n","protected":false},"author":2,"featured_media":2429,"comment_status":"open","ping_status":"open","sticky":false,"template":"","format":"standard","meta":[],"categories":[4,8,6,24,5],"tags":[419,72,22,73,201,20,431,423,432,472,280],"_links":{"self":[{"href":"http:\/\/www.marciomeirelles.com.br\/site\/wp-json\/wp\/v2\/posts\/2428"}],"collection":[{"href":"http:\/\/www.marciomeirelles.com.br\/site\/wp-json\/wp\/v2\/posts"}],"about":[{"href":"http:\/\/www.marciomeirelles.com.br\/site\/wp-json\/wp\/v2\/types\/post"}],"author":[{"embeddable":true,"href":"http:\/\/www.marciomeirelles.com.br\/site\/wp-json\/wp\/v2\/users\/2"}],"replies":[{"embeddable":true,"href":"http:\/\/www.marciomeirelles.com.br\/site\/wp-json\/wp\/v2\/comments?post=2428"}],"version-history":[{"count":2,"href":"http:\/\/www.marciomeirelles.com.br\/site\/wp-json\/wp\/v2\/posts\/2428\/revisions"}],"predecessor-version":[{"id":2431,"href":"http:\/\/www.marciomeirelles.com.br\/site\/wp-json\/wp\/v2\/posts\/2428\/revisions\/2431"}],"wp:featuredmedia":[{"embeddable":true,"href":"http:\/\/www.marciomeirelles.com.br\/site\/wp-json\/wp\/v2\/media\/2429"}],"wp:attachment":[{"href":"http:\/\/www.marciomeirelles.com.br\/site\/wp-json\/wp\/v2\/media?parent=2428"}],"wp:term":[{"taxonomy":"category","embeddable":true,"href":"http:\/\/www.marciomeirelles.com.br\/site\/wp-json\/wp\/v2\/categories?post=2428"},{"taxonomy":"post_tag","embeddable":true,"href":"http:\/\/www.marciomeirelles.com.br\/site\/wp-json\/wp\/v2\/tags?post=2428"}],"curies":[{"name":"wp","href":"https:\/\/api.w.org\/{rel}","templated":true}]}}