{"id":2432,"date":"2015-05-21T18:04:04","date_gmt":"2015-05-21T21:04:04","guid":{"rendered":"http:\/\/www.marciomeirelles.com.br\/site\/?p=2432"},"modified":"2015-05-21T18:04:04","modified_gmt":"2015-05-21T21:04:04","slug":"artes-cenicas-quem-e-o-inimigo-de-fato","status":"publish","type":"post","link":"http:\/\/www.marciomeirelles.com.br\/site\/2015\/05\/artes-cenicas-quem-e-o-inimigo-de-fato\/","title":{"rendered":"artes c\u00eanicas: QUEM \u00c9 O INIMIGO, DE FATO?"},"content":{"rendered":"<div id=\"attachment_2433\" style=\"width: 630px\" class=\"wp-caption aligncenter\"><a href=\"http:\/\/www.marciomeirelles.com.br\/site\/wp-content\/uploads\/2015\/05\/image-1.jpg\"><img aria-describedby=\"caption-attachment-2433\" loading=\"lazy\" class=\"size-full wp-image-2433\" title=\"image (1)\" src=\"http:\/\/www.marciomeirelles.com.br\/site\/wp-content\/uploads\/2015\/05\/image-1.jpg\" alt=\"\" width=\"620\" height=\"420\" srcset=\"http:\/\/www.marciomeirelles.com.br\/site\/wp-content\/uploads\/2015\/05\/image-1.jpg 620w, http:\/\/www.marciomeirelles.com.br\/site\/wp-content\/uploads\/2015\/05\/image-1-300x203.jpg 300w\" sizes=\"(max-width: 620px) 100vw, 620px\" \/><\/a><p id=\"caption-attachment-2433\" class=\"wp-caption-text\">foto: marcio meirelles<\/p><\/div>\n<p>&nbsp;<\/p>\n<p>JOYCE ATHI\u00ca<\/p>\n<p>Parecia haver uma sinergia ou at\u00e9 mesmo uma premoni\u00e7\u00e3o quando o espet\u00e1culo \u201cO Campo de Batalha\u201d estreou no in\u00edcio do ano, trazendo a tem\u00e1tica da crise h\u00eddrica. Premoni\u00e7\u00e3o maior se concretizou ou tornou mais vis\u00edvel com as \u00faltimas manifesta\u00e7\u00f5es vividas no Brasil, com express\u00f5es de \u00f3dio e intoler\u00e2ncia presente nas ruas e, mais especificamente, nas redes sociais.<br \/>\nDirigido por M\u00e1rcio Meirelles, criador do Bando de Teatro do Olodum e diretor do Teatro Villa Velha, ambos de Salvador, o espet\u00e1culo cria uma esp\u00e9cie de fic\u00e7\u00e3o quase cient\u00edfica para apontar para uma polaridade criada pelo dramaturgo baiano, e tamb\u00e9m ator do espet\u00e1culo, Aldri Anuncia\u00e7\u00e3o. Com codire\u00e7\u00e3o de L\u00e1zaro Ramos e Fernando Philbert, \u201cO Campo de Batalha\u201d pode ser visto no Centro Cultural Banco do Brasil, a partir de amanh\u00e3, \u00e0s 20h.<\/p>\n<p>A pe\u00e7a marca um reencontro de artistas j\u00e1 entrela\u00e7ados na trajet\u00f3ria profissional. M\u00e1rcio Meirelles foi o primeiro diretor de L\u00e1zaro Ramos, que teve no Teatro Villa Velha seu ber\u00e7o teatral. L\u00e1zaro tamb\u00e9m j\u00e1 havia trabalhado com Aldri na dire\u00e7\u00e3o de \u201cNam\u00edbia, N\u00e3o!\u201d. O ga\u00facho Fernando Philbert e o ator carioca Rodrigo dos Santos integram o time como \u201cum encontro de cabe\u00e7as que se reconhecem na lida di\u00e1ria com o teatro\u201d, como afirma M\u00e1rcio.<\/p>\n<p>Autor estreante com \u201cNam\u00edbia, n\u00e3o!\u201d, pe\u00e7a vencedora do Pr\u00eamio Braskem (2011) e do Pr\u00eamio Jabuti de Literatura (2013), Aldri segue em seu segundo trabalho na aposta de uma estrutura dramat\u00fargica que ele denomina \u201cespet\u00e1culo debate\u201d. No palco, ele coloca dois personagens, com pensamentos antag\u00f4nicos e d\u00e1 a eles condi\u00e7\u00f5es iguais de argumenta\u00e7\u00e3o. Como uma tribuna, a reflex\u00e3o se d\u00e1 no confronto. No caso de \u201cO Campo de Batalha\u201d, na linha do front.<\/p>\n<p>O espet\u00e1culo narra o encontro de dois soldados inimigos que est\u00e3o em plena Terceira Guerra Mundial, ocasionada por conta da disputa pelas \u00e1guas do planeta. O embate \u00e9 subitamente interrompido devido a uma crise no processo de produ\u00e7\u00e3o de muni\u00e7\u00e3o, e os soldados s\u00e3o proibidos de guerrear at\u00e9 que a situa\u00e7\u00e3o se normalize. Nesse hiato, os inimigos se aproximam. Da conviv\u00eancia, acabam descobrindo e revelando as verdadeiras raz\u00f5es do conflito. \u201cA pe\u00e7a se passa em uma ina\u00e7\u00e3o, onde soldados preparados para lutar n\u00e3o podem atacar o inimigo. Com o vazio da a\u00e7\u00e3o, resta a eles o encontro com o outro. Eles acabam tendo que se dissecar mutuamente e tentam outras formas de viv\u00eancia e embate\u201d, conta Aldri.<\/p>\n<p>A voz do sistema, do aparato que determina a hora de lutar ou n\u00e3o, vem de um autofalante que monitora os soldados para que eles n\u00e3o se tornem amigos. Gravada pela atriz Fernanda Torres, essa voz faz interven\u00e7\u00f5es ao longo do espet\u00e1culo, influenciando a rela\u00e7\u00e3o que se estabelece entre os soldados.<\/p>\n<p>Em \u201cNam\u00edbia, N\u00e3o!\u201d, tamb\u00e9m dois personagens com ideias antag\u00f4nicas se digladiavam em argumentos ligados ao racismo. Em \u201cO Campo de Batalha\u201d, os conflitos humanos e as polaridades criam a tem\u00e1tica impl\u00edcita do espet\u00e1culo que pouco fala sobre a guerra. \u201cFalamos das rela\u00e7\u00f5es e das diverg\u00eancias. Somos mesmo inimigos ou estamos dentro de um sistema que polariza o Oriente do Ocidente, o Sul do Norte, a direita da esquerda?\u201d, argumenta Aldri.<br \/>\nM\u00e1rcio Meirelles diz ter despertado o interesse pelo tema desde a primeira leitura, sendo, para ele, a quest\u00e3o da \u00e1gua apenas uma fagulha. \u201cSem d\u00favida de que esse debate \u00e9 muito atual e necess\u00e1rio, mas ele \u00e9 dispositivo para falar sobre as guerras, as motiva\u00e7\u00f5es que as desencadeiam, de como a m\u00eddia influ\u00eancia na pol\u00edtica e na manipula\u00e7\u00e3o das massas, no interesse do mercado que est\u00e1 acima do bem comum, dessa elite que controla as regras do jogo, dessa maioria que sofre com isso e n\u00e3o se percebe manipulada\u201d, comenta o diretor.<\/p>\n<p>Por tr\u00e1s do expl\u00edcito, est\u00e3o as engrenagens de poder. \u201cAqueles soldados n\u00e3o s\u00e3o inimigos de fato, s\u00e3o seres humanos. Algu\u00e9m fala que s\u00e3o inimigos, e eles lutam entre si. Deveriam lutar com quem manda lutar. O texto fala mais sobre essas constru\u00e7\u00f5es que acabam escondendo os inimigos que a gente nem sabe quem s\u00e3o\u201d, reflete M\u00e1rcio.<\/p>\n<p style=\"text-align: right;\">publicado em 21.05.2015 no jornal O TEMPO . belo horizonte . MG<\/p>\n<p style=\"text-align: right;\">http:\/\/www.otempo.com.br\/divers%C3%A3o\/magazine\/quem-%C3%A9-o-inimigo-de-fato-1.1042205<\/p>\n<p style=\"text-align: right;\">\n<p>&nbsp;<\/p>\n<p>&nbsp;<\/p>\n","protected":false},"excerpt":{"rendered":"<p>&nbsp; JOYCE ATHI\u00ca Parecia haver uma sinergia ou at\u00e9 mesmo uma premoni\u00e7\u00e3o quando o espet\u00e1culo \u201cO Campo de Batalha\u201d estreou no in\u00edcio do ano, trazendo a tem\u00e1tica da crise h\u00eddrica. Premoni\u00e7\u00e3o maior se concretizou ou tornou mais vis\u00edvel com as \u00faltimas manifesta\u00e7\u00f5es vividas no Brasil, com express\u00f5es de \u00f3dio e<\/p>\n","protected":false},"author":2,"featured_media":2433,"comment_status":"open","ping_status":"open","sticky":false,"template":"","format":"standard","meta":[],"categories":[4,8,6,24,5],"tags":[419,72,22,12,73,201,20,431,423,432,472,280],"_links":{"self":[{"href":"http:\/\/www.marciomeirelles.com.br\/site\/wp-json\/wp\/v2\/posts\/2432"}],"collection":[{"href":"http:\/\/www.marciomeirelles.com.br\/site\/wp-json\/wp\/v2\/posts"}],"about":[{"href":"http:\/\/www.marciomeirelles.com.br\/site\/wp-json\/wp\/v2\/types\/post"}],"author":[{"embeddable":true,"href":"http:\/\/www.marciomeirelles.com.br\/site\/wp-json\/wp\/v2\/users\/2"}],"replies":[{"embeddable":true,"href":"http:\/\/www.marciomeirelles.com.br\/site\/wp-json\/wp\/v2\/comments?post=2432"}],"version-history":[{"count":2,"href":"http:\/\/www.marciomeirelles.com.br\/site\/wp-json\/wp\/v2\/posts\/2432\/revisions"}],"predecessor-version":[{"id":2435,"href":"http:\/\/www.marciomeirelles.com.br\/site\/wp-json\/wp\/v2\/posts\/2432\/revisions\/2435"}],"wp:featuredmedia":[{"embeddable":true,"href":"http:\/\/www.marciomeirelles.com.br\/site\/wp-json\/wp\/v2\/media\/2433"}],"wp:attachment":[{"href":"http:\/\/www.marciomeirelles.com.br\/site\/wp-json\/wp\/v2\/media?parent=2432"}],"wp:term":[{"taxonomy":"category","embeddable":true,"href":"http:\/\/www.marciomeirelles.com.br\/site\/wp-json\/wp\/v2\/categories?post=2432"},{"taxonomy":"post_tag","embeddable":true,"href":"http:\/\/www.marciomeirelles.com.br\/site\/wp-json\/wp\/v2\/tags?post=2432"}],"curies":[{"name":"wp","href":"https:\/\/api.w.org\/{rel}","templated":true}]}}