{"id":2567,"date":"2017-04-04T23:53:45","date_gmt":"2017-04-05T02:53:45","guid":{"rendered":"http:\/\/www.marciomeirelles.com.br\/site\/?p=2567"},"modified":"2017-04-04T23:53:45","modified_gmt":"2017-04-05T02:53:45","slug":"teatro-epico-na-bahia","status":"publish","type":"post","link":"http:\/\/www.marciomeirelles.com.br\/site\/2017\/04\/teatro-epico-na-bahia\/","title":{"rendered":"TEATRO \u00c9PICO NA BAHIA"},"content":{"rendered":"<p style=\"text-align: right;\">texto para o programa de LUZES DA BOEMIA &#8211; texto de valle-inclan &#8211; encena\u00e7\u00e3o de santiago rold\u00f3s &#8211; projeto de resid\u00eancia art\u00edstica TEATRO \u00c9PICO NA BAHIA<\/p>\n<p>quando sentei hoje para escrever o texto sobre o projeto teatro \u00e9pico na bahia<\/p>\n<p>passei antes no facebook para atualizar a foto de capa<\/p>\n<p>c o an\u00fancio de LUZES DA BOEMIA<\/p>\n<p>me deparei com o post de renato ferracini<\/p>\n<p>n\u00e3o consegui engolir mais nada<\/p>\n<p>nem pensar em mais nada<\/p>\n<p>nem conectar as ideias p escrever o texto q deveria escrever<\/p>\n<p>n podia ficar sozinho c aquilo n cabia em mim n cabia no meu dia<\/p>\n<p>mandei ent\u00e3o o post pra minha lista de contatos do whatsapp<\/p>\n<p>e come\u00e7aram as respostas dos amigos<\/p>\n<p>e as minhas<\/p>\n<p>repostei-as e aqui est\u00e1 esta dramaturgia esperp\u00eantica whatsappiana<\/p>\n<p>&nbsp;<\/p>\n<p>paraguaios que n\u00e3o aceitaram o golpe e tacaram fogo no congresso escreveram no twitter &#8220;N\u00c3O SOMOS BRASILEIROS&#8221; \u2013 realmente n\u00e3o s\u00e3o MESMO!!! A passividade do brasileiro \u00e9 motivo de piada internacional.<\/p>\n<p>alguns amigos est\u00e3o me alertando que foi a extrema direita&#8230;.. sei disso.<\/p>\n<p>n milito nem pelo centro qto mais pela direita. mas estou com vergonha de n\u00f3s<\/p>\n<p>o fato que dever\u00edamos aprender com a extrema direita de outro pa\u00eds s\u00f3 aumenta nossa vergonha.<\/p>\n<p>uma amiga fez uma excelente postagem: parab\u00e9ns para a direita paraguai: est\u00e3o melhores que a esquerda brasileira que n\u00e3o passa do &#8220;fora, temer&#8221;<\/p>\n<p>depois q vi o q os paraguaios fizeram tive a mesma opini\u00e3o. agora \u00e9 bom lembrar q temos aqui uma rede globo e qual o papel dela nesse processo de passividade. enquanto n\u00e3o derrubarmos essa pocilga n\u00e3o avan\u00e7aremos.<\/p>\n<p>marcio, tudo bem? uma grande amiga \u00e9 paraguaia, jornalista muito atuante, hoje h\u00e1 muitos anos vive em madrid. militou muito e escreveu indignada. vou pedir a ela uma an\u00e1lise cr\u00edtica de quem conhece a real dessa situa\u00e7\u00e3o e te envio, bjs<\/p>\n<p>pois \u00e9, a passividade tem sido treinada h\u00e1 50 anos pela globo. \u00e9 estarrecedor. estamos fritos no \u00a0meio de evanjekas e empilhados globais. haja kannario, tiroteios, destrui\u00e7\u00e3o das matas, dos<\/p>\n<p>t\u00f4 acompanhando.<\/p>\n<p>t\u00e1, foi a direita. e da\u00ed? estamos falando de passividade.<\/p>\n<p>e da\u00ed? o q podemos dizer. se a mensagem \u00e9 certeira. sobre a realidade nossa.<\/p>\n<p>o golpe avan\u00e7a e os governos ditos de esquerda mant\u00e9m os lucros dos tent\u00e1culos familiares da rede globo em todo pa\u00eds, com recursos para propaganda contra o povo.<\/p>\n<p>n\u00e3o, a\u00ed n\u00e3o concordo&#8230;<\/p>\n<p>a direita tem instrumentos que n\u00f3s n\u00e3o temos&#8230;<\/p>\n<p>a cabe\u00e7a do golpe \u00e9 americana&#8230; em toda am\u00e9rica latina.<\/p>\n<p>o povo que est\u00e1 nas ruas n\u00e3o est\u00e1 na tv.<\/p>\n<p>o congresso est\u00e1 tomado de abutres&#8230;<\/p>\n<p>s\u00f3 tem uma solu\u00e7\u00e3o, a desobedi\u00eancia civil.<\/p>\n<p>quebrar e invadir tudo&#8230;<\/p>\n<p>mas quantos somos???!!!<\/p>\n<p>quantos est\u00e3o teleguiados pela globo?!<\/p>\n<p>onde est\u00e3o as bases dos partidos que n\u00e3o se infiltram nas favelas e nos bairros para fazer a cabe\u00e7a do pov\u00e3o.<\/p>\n<p>pq os demais: policia, educa\u00e7\u00e3o e a lei&#8230; est\u00e1 nas m\u00e3os d\u00e1 direita, meu caro&#8230;<\/p>\n<p>ent\u00e3o n\u00e3o d\u00e1 para dizer &#8220;e da\u00ed&#8221;&#8230;<\/p>\n<p>os caras da direita twittam l\u00e1 no Paraguai, que n\u00e3o s\u00e3o iguais aos brasileiros, e n\u00f3s \u00a0ecoamos como um grito de guerra&#8230;.<\/p>\n<p>s\u00f3 que \u00e9 uma guerra que a direita est\u00e1 levantando&#8230;<\/p>\n<p>quando derrubaram o lugo n\u00e3o tivemos acesso a nada&#8230;.<\/p>\n<p>agora querem derrubar a volta do lugo no paraguai&#8230;<\/p>\n<p>que \u00e9 o mesmo que querem fazer com a volta do lula&#8230;<\/p>\n<p>ent\u00e3o sinceramente\u200b \u00e9 muito perigosa essa leitura&#8230;<\/p>\n<p>t\u00e1 dif\u00edcil, m\u00e1rcio. o que fazemos? concordo que a passividade t\u00e1 foda, mas o que conseguimos fazer? tacar fogo ainda n\u00e3o tenho coragem. mas tb n\u00e3o sei se \u00e9 s\u00f3 a rede globo n\u00e3o. n\u00f3s, brasileiros, somos culturalmente passivos. todas as nossas &#8220;revolu\u00e7\u00f5es&#8221; foram a custa de golpes. seja independ\u00eancia, rep\u00fablica, redemocratiza\u00e7\u00e3o&#8230;. tb me sinto revoltada, sem saber o que fazer<\/p>\n<p>\u00e9, querid\u00e3o. \u00e9 assustador. sobretudo quando vejo gente pr\u00f3xima sendo pautada pela globo.<\/p>\n<p>o fascismo se manifesta assim.<\/p>\n<p>meirelles, irm\u00e3o, o que temos visto desde o golpe parlamentar-jur\u00eddico-midi\u00e1tico: a rua, a popula\u00e7\u00e3o, os movimentos sociais e at\u00e9 as advert\u00eancias de organismos internacionais sendo ignoradas. o parlamento se fechou nele mesmo para por em curso uma agenda neoliberal que FHC n\u00e3o emplacou. concordo que somos covardes para uma investida mais radical, mas dizer que somos &#8220;culturalmente passivos&#8221;, discordo veementemente. as manifesta\u00e7\u00f5es contra a PEC dos gastos, a reforma da previd\u00eancia e a terceiriza\u00e7\u00e3o, levou \u00e0s ruas centenas de milhares de brasileiros, que obviamente foram ignorados pela m\u00eddia golpista e pelo congresso nacional. diante disso, e com o agravamento em curso, nos resta a luta armada, a guerrilha. temos coragem e compet\u00eancia pra isso? nossa trincheira \u00e9 o palco (todos os palcos), a arte<\/p>\n<p>nossa metralhadora!<\/p>\n<p>pois diante de tantos discursos e vendo a situa\u00e7\u00e3o em que nos encontramos limitados com uma m\u00eddia sensacionalista e nada informativa, vejo a arte como nossa metralhadora. por\u00e9m uma arma que anda um tanto enferrujada, dependente de editais, distanciada do p\u00fablico. como engrenar novamente essa arma? como lubrificar essas engrenagens!? vejo o hipercapitalismo e a hiperindivudaliza\u00e7\u00e3o como areia nesse artefato que temos, artistas isolados, ideais distorcidos. me sinto a deriva e com um remo quebrado na m\u00e3o que n\u00e3o deixa de ser remo.<\/p>\n<p>querido m\u00e1rcio, a provoca\u00e7\u00e3o \u00e9 v\u00e1lida. por hora (talvez por um bom tempo) n\u00e3o tenho condi\u00e7\u00f5es de avaliar o conjunto no brasil. passividade de uma parte, talvez, mas n\u00e3o de todos (de direita e de esquerda tem brasileiros revoltados, reclamando, gritando e se sentindo impotentes). a correla\u00e7\u00e3o de for\u00e7as contr\u00e1rias s\u00e3o poderosas e se somaram (tv, m\u00eddia golpista, direita pol\u00edtica e reacion\u00e1ria, talvez a pior, o judici\u00e1rio parcial, c\u00famplice e operador). o pov\u00e3o (dado o tamanho do nosso pa\u00eds) me parece um misto de indiferente, m\u00edope, ludibriado e incr\u00e9dulo (n\u00e3o \u00e9 o pov\u00e3o que sai \u00e0s ruas, infelizmente) &#8211; o hiperindividualismo e os efeitos do hipercapitalismo de lipovetsky s\u00e3o conceitos muito assentados sobre este fen\u00f4meno.\u00a0 acredito ainda que uma rea\u00e7\u00e3o ser\u00e1 poss\u00edvel nas urnas. mas, enfim. como sou teimoso e insistimos, sigamos.<\/p>\n<p>TSE D\u00c1 MAIS PRAZO PARA DEFESAS E ADIA JULGAMENTO DA CHAPA DILMA-TEMER<\/p>\n<p>MINISTRO D\u00c1 48H PARA PF EXPLICAR BUSCA NO GABINETE DA MULHER DE JADER<\/p>\n<p>as duas fotos de capa do estad\u00e3o de hoje me causam repugn\u00e2ncia e lembram este poema, acho que de neruda:<\/p>\n<p>&#8230;&#8221; os parlamentares se encheram de pompa,<\/p>\n<p>nos clubes se condecoraram<\/p>\n<p>e foram escrevendo a hist\u00f3ria.<\/p>\n<p>depois repartiram entre si as ruas, o ar, as universidades<\/p>\n<p>e os sapatos&#8230;&#8221;<\/p>\n<p>cara, ver o conchavo do gilmar mendes com o ministro do tse&#8230;<\/p>\n<p>a mais escandalosa normalidade! n\u00e3o sei se perdi algo, mas o JN n\u00e3o deu nada sobre o in\u00edcio do processo de cassa\u00e7\u00e3o da chapa dilma\/temer nesta ter\u00e7a? a cassa\u00e7\u00e3o era o plano b, caso o impeachment n\u00e3o sa\u00edsse, agora embolou tudo. o mais surreal \u00e9 ver o ministro das rela\u00e7\u00f5es exteriores de um governo ileg\u00edtimo, impopular, terminal como o de temer no jornal nacional analisando do alto da &#8220;normalidade&#8221; brasileira a situa\u00e7\u00e3o do paraguai, com a popula\u00e7\u00e3o revoltada queimando e quebrando o congresso; \u00a0julgando a venezuela, tamb\u00e9m em meio a uma crise institucional, comentando as elei\u00e7\u00f5es do equador, onde a esquerda ganhou e querem puxar o tapete, \u00a0como fizeram aqui, isso tudo como se no brasil nada estivesse acontecendo politicamente! as v\u00e9speras de um processo de cassa\u00e7\u00e3o do atual presidente golpista, que chegou no poder por um processo esp\u00fario, metido at\u00e9 o pesco\u00e7o em dela\u00e7\u00f5es e transa\u00e7\u00f5es escusas, quem viu o jornal nacional desta segunda pensaria que enfim estamos em um o\u00e1sis de tranquilidade! cassar temer?\u00a0 manter o golpista at\u00e9 o fim? acordar elei\u00e7\u00f5es indiretas? nada, nenhuma not\u00edcia, nenhuma an\u00e1lise. o surrealismo tropical, o rocambolesco do atual momento pol\u00edtico \u00e9 neutralizado por doses de imagens chapa-branca. o brasil julgando o continente em convuls\u00e3o. o problema s\u00e3o os outros, no caso a am\u00e9rica latina! e vamos de &#8220;boa noite!&#8221;<\/p>\n<p>equador \u00e9 um governo de esquerda que reprime a esquerda. s\u00e3o posneoliberalistas. um governo de tecnoburocratas e novos ricos<\/p>\n<p>\u00e9 s\u00f3 bandalheira chefe<\/p>\n<p>guerra meu caro<\/p>\n<p>n\u00e3o vai acabar t\u00e3o cedo isso<\/p>\n<p>caralho marcio! que porra \u00e9 essa!?&#8230;<\/p>\n<p>e todo mundo achando tudo isso NORMAL.<\/p>\n<p>a imprensa produziu uma satura\u00e7\u00e3o de informa\u00e7\u00e3o que nenhum esc\u00e2ndalo \u00e9 mais considerado esc\u00e2ndalo. tudo agora j\u00e1 \u00e9 normal!<\/p>\n<p>e todo mundo s\u00f3 o que faz \u00e9 ficar com o rabo sentado numa cadeira olhando para o whatsapp e instagram<\/p>\n<p>pois \u00e9 n\u00e9, m\u00e1rcio, levou gente \u00e0s ruas mas as mudan\u00e7as s\u00e3o pequenas. Tem uma outra mudan\u00e7a muito maior que t\u00f4 vendo que \u00e9 movimento feminista t\u00e1 fazendo&#8230; as mulheres feministas negras&#8230; que t\u00e3o fazendo mudan\u00e7as muito relevantes. \u00c0s vezes at\u00e9 repetindo o c\u00f3digo do opressor, que \u00e9 o q me assusta, bastante inclusive, mas as mulheres eu acho q t\u00e3o arrebentando&#8230; se articulando, agindo&#8230; p\u00f4 a gente ainda n conseguiu fazer uma greve geral! Mas a\u00ed vou te dizer, vou filosofar aqui, meu irm\u00e3o&#8230;. vc por favor me entenda. O problema \u00e9 q pra conectar precisa de afeto e empatia. E essa luta, da maneira como foi realizada, ela fez o povo, n\u00f3s, o povo, n\u00f3s q n\u00e3o estamos l\u00e1 no congresso, a gente pensar, acreditar, q somos dois lados q n\u00f3s somos diferentes. Mas na verdade, na verdade, faltou essa aproxima\u00e7\u00e3o. E n t\u00f4 falando dos radicais conservadores, pro Bolsonaro, essas coisas todas n\u00e3o, pq a\u00ed \u00e9 o ponto fora da curva. Mas a grande massa, q poderia ter alguma empatia, t\u00e1 achando q \u00e9 time diferente, t\u00e1 s\u00f3 no f\u00edgado, e \u00e9 isso q eu tenho pensado mto, sabe? Se o afeto um dia vai poder ter o poder de unificar? A\u00ed era o sonho, n\u00e9? A gente conseguir unificar atrav\u00e9s do afeto, pra a\u00ed poder chegar a um lugar comum. Mas parece q, na falta do afeto, o q sobra \u00e9 a barb\u00e1rie, a guerra&#8230; a barb\u00e1rie e a guerra. \u00c9&#8230; e como temos tend\u00eancia \u00e0 passividade, a nossa guerra vai at\u00e9 um certo ponto, n\u00e9? Ela n&#8230; ela n&#8230; n chega \u00e0s vias de fato.<\/p>\n<p>resolvi publicar este manifesto de um teatro \u00e9pico<\/p>\n<p>para dizer<\/p>\n<p>q o teatro tem q dar conta desta complexidade pol\u00edtica<\/p>\n<p>desta polifonia dissonante<\/p>\n<p>onde estamos soterrados<\/p>\n<p>c a qual nos expressamos<\/p>\n<p>ou n ser\u00e1 teatro<\/p>\n<p align=\"right\">salvador, 04\/04\/2017<\/p>\n<p align=\"right\">marcio meirelles<\/p>\n<p align=\"right\">c a colabora\u00e7\u00e3o de muitos amigos<\/p>\n","protected":false},"excerpt":{"rendered":"<p>texto para o programa de LUZES DA BOEMIA &#8211; texto de valle-inclan &#8211; encena\u00e7\u00e3o de santiago rold\u00f3s &#8211; projeto de resid\u00eancia art\u00edstica TEATRO \u00c9PICO NA BAHIA quando sentei hoje para escrever o texto sobre o projeto teatro \u00e9pico na bahia passei antes no facebook para atualizar a foto de capa<\/p>\n","protected":false},"author":2,"featured_media":0,"comment_status":"open","ping_status":"open","sticky":false,"template":"","format":"standard","meta":[],"categories":[4,7],"tags":[72,22,73,155,20,458,18,129,109,84,456,457,472,280,13,345],"_links":{"self":[{"href":"http:\/\/www.marciomeirelles.com.br\/site\/wp-json\/wp\/v2\/posts\/2567"}],"collection":[{"href":"http:\/\/www.marciomeirelles.com.br\/site\/wp-json\/wp\/v2\/posts"}],"about":[{"href":"http:\/\/www.marciomeirelles.com.br\/site\/wp-json\/wp\/v2\/types\/post"}],"author":[{"embeddable":true,"href":"http:\/\/www.marciomeirelles.com.br\/site\/wp-json\/wp\/v2\/users\/2"}],"replies":[{"embeddable":true,"href":"http:\/\/www.marciomeirelles.com.br\/site\/wp-json\/wp\/v2\/comments?post=2567"}],"version-history":[{"count":1,"href":"http:\/\/www.marciomeirelles.com.br\/site\/wp-json\/wp\/v2\/posts\/2567\/revisions"}],"predecessor-version":[{"id":2568,"href":"http:\/\/www.marciomeirelles.com.br\/site\/wp-json\/wp\/v2\/posts\/2567\/revisions\/2568"}],"wp:attachment":[{"href":"http:\/\/www.marciomeirelles.com.br\/site\/wp-json\/wp\/v2\/media?parent=2567"}],"wp:term":[{"taxonomy":"category","embeddable":true,"href":"http:\/\/www.marciomeirelles.com.br\/site\/wp-json\/wp\/v2\/categories?post=2567"},{"taxonomy":"post_tag","embeddable":true,"href":"http:\/\/www.marciomeirelles.com.br\/site\/wp-json\/wp\/v2\/tags?post=2567"}],"curies":[{"name":"wp","href":"https:\/\/api.w.org\/{rel}","templated":true}]}}