{"id":2569,"date":"2018-01-09T21:21:46","date_gmt":"2018-01-10T00:21:46","guid":{"rendered":"http:\/\/www.marciomeirelles.com.br\/site\/?p=2569"},"modified":"2018-01-09T21:21:46","modified_gmt":"2018-01-10T00:21:46","slug":"jango-uma-peca-epica-sobre-o-brasil","status":"publish","type":"post","link":"http:\/\/www.marciomeirelles.com.br\/site\/2018\/01\/jango-uma-peca-epica-sobre-o-brasil\/","title":{"rendered":"JANGO \u2013 UMA PE\u00c7A \u00c9PICA SOBRE O BRASIL"},"content":{"rendered":"<p style=\"text-align: right;\">texto escrito para o programa de JANGO &#8211; UMA TRAGEDYA de glauber rocha . 2a edi\u00e7\u00e3o . 04 a 28 janeiro 2018 . teatro vila velha . salvador bahia<\/p>\n<p>&nbsp;<\/p>\n<p>surpreendentemente para os desavisados e amadores<\/p>\n<p>o presidente compra votos do congresso p n ser investigado<\/p>\n<p>c divulga\u00e7\u00e3o e cobertura pelas redes de imprensa<\/p>\n<p>e nada acontece<\/p>\n<p>a soberania e recursos nacionais s\u00e3o distribu\u00eddos \u00e0 conglomerados econ\u00f4micos estrangeiros<\/p>\n<p>e nada acontece<\/p>\n<p>na calada da noite os direitos b\u00e1sicos dos trabalhadores<\/p>\n<p>\u2013 conquista de anos \u2013<\/p>\n<p>s\u00e3o desmantelados<\/p>\n<p>e nada acontece<\/p>\n<p>aparentemente<\/p>\n<p>as for\u00e7as pol\u00edticas internacionais est\u00e3o em ebuli\u00e7\u00e3o<\/p>\n<p>interesses de peixe grande<\/p>\n<p>evang\u00e9licos se infiltram no poder numa clara amea\u00e7a de deslaiciza\u00e7\u00e3o do estado<\/p>\n<p>parte da sociedade desmemoriada clama por interven\u00e7\u00e3o militar mais uma vez<\/p>\n<p>mas \u00e9 de se perguntar qual a alternativa p se reorganizar o pa\u00eds uma vez q os 3 podReres est\u00e3o desmantelados nas m\u00e3os do 4<sup>o<\/sup> \u2013 a m\u00eddia<\/p>\n<p>e outra pergunta se interp\u00f5e como e para q lado seria reorganizado o brasil pelas for\u00e7as armadas \u2013 temos mem\u00f3ria das outras vezes em q isto foi feito<\/p>\n<p>ONDE FICA O BRASIL?<\/p>\n<p>este seria o t\u00edtulo do espet\u00e1culo q a universidade LIVRE do teatro vila velha montaria para concluir simultaneamente o per\u00edodo de forma\u00e7\u00e3o de sua 2<sup>a<\/sup> turma e o projeto TEATRO \u00c9PICO NA BAHIA \u2013 constru\u00e7\u00e3o de uma dramaturgia a partir do material de imprensa e das redes sociais painel sobre a doen\u00e7a q o pais atravessa<\/p>\n<p>depois c a percep\u00e7\u00e3o do pa\u00eds como parte de um mundo globalizado q reflete o caminho se delineando no horizonte de retrocesso de intoler\u00e2ncia de guinada \u00e0 direita apagando liberdade arte desejo identidade como sin\u00f4nimos de v\u00edcios pervers\u00f5es profana\u00e7\u00f5es sacril\u00e9gios no mundo do lucro do consumo do fanatismo fundamentalista<\/p>\n<p>resolvemos ampliar os temas da dramaturgia e reintitulamos o projeto<\/p>\n<p>DEUS EST\u00c1 MORTO<\/p>\n<p>muita pol\u00eamica sobre este nome e o sub nomeamos E EU COM ISSO? depois E SOU RESPONS\u00c1VEL POR ISTO e depois ISTO E AQUILO E OUTRAS COISAS MAIS<\/p>\n<p>muitos nomes e sub nomes foram discutidos e com a discuss\u00e3o dos nomes trabalhamos conte\u00fados opini\u00f5es dial\u00e9tica narrativas dramaturgias revolu\u00e7\u00f5es golpes regress\u00f5es<\/p>\n<p>mas havia sempre o receio de q n d\u00e9ssemos conta de construir uma dramaturgia t\u00e3o avassaladora p a cena qto a do dia a dia a das redes sociais<\/p>\n<p>o receio de q n fossemos capazes no prazo q t\u00ednhamos de dar conta de construir um espelho e mostra-lo \u00e0 sociedade capaz de faze-la se reconhecer capaz de purgar a mol\u00e9stia q nos est\u00e1 destruindo<\/p>\n<p>passamos por mat\u00e9i visniec e seu MIGRAAAANTES trabalhamos algum tempo c ele mas quer\u00edamos falar mais do brasil n atrav\u00e9s de rebatimentos mas diretamente<\/p>\n<p>meter a m\u00e3o na massa chafurdar no q se converte dia a dia o nosso pa\u00eds<\/p>\n<p>seria preciso um shakespeare talvez<\/p>\n<p>chamei caio terra para fazer a m\u00fasica do projeto e falei deste receio<\/p>\n<p>e ele perguntou pq n lan\u00e7\u00e1vamos a 2<sup>a<\/sup> edi\u00e7\u00e3o de JANGO \u2013 UMA TRAGEDYA<\/p>\n<p>era isso precis\u00e1vamos de um shakespeare ou de um glauber<\/p>\n<p>isso atenderia<\/p>\n<p>nossas angustias pol\u00edticas<\/p>\n<p>o programa da LIVRE trabalhar no \u00faltimo ano de forma\u00e7\u00e3o c uma trag\u00e9dia<\/p>\n<p>a segunda etapa do TEATRO \u00c9PICO NA BAHIA<\/p>\n<p>&nbsp;<\/p>\n<p>pausa sobre o TEATRO \u00c9PICO NA BAHIA<\/p>\n<p>\u00e9 um projeto financiado por edital do fundo de cultura do estado da bahia executado em 2 etapas<\/p>\n<p>a 1<sup>a<\/sup> uma oficina de dramaturgia e encena\u00e7\u00e3o \u00e9picas coordenada por santiago rold\u00f3s q aconteceu no inicio do ano e teve como resultado a montagem de LUZES DA BOEMIA de ramon del valle inclan<\/p>\n<p>a 2<sup>a<\/sup> seria uma oficina de dramaturgia e encena\u00e7\u00e3o \u00e9picas coordenada por s\u00e9rgio de carvalho que resultaria numa montagem sobre a trag\u00e9dia (anunciada) da popula\u00e7\u00e3o do quilombo do rio dos macacos<\/p>\n<p>s\u00e9rgio n\u00e3o pode realizar a encena\u00e7\u00e3o<\/p>\n<p>coube a mim prosseguir o projeto<\/p>\n<p>n quis continuar c o de s\u00e9rgio pq esperamos q ele possa voltar em breve e concluir o seu antes q o quilombo seja mem\u00f3ria e narrativa \u00e9pica de uma comunidade aniquilada pela for\u00e7a<\/p>\n<p>e seguimos a hist\u00f3ria j\u00e1 narrada do percurso de temas e debates numa longa oficina de dramaturgia e encena\u00e7\u00e3o de 5 meses at\u00e9 chegarmos a JANGO e trabalharmos por mais 2 meses na sua montagem<\/p>\n<p>fim da pausa sobre o TEATRO \u00c9PICO NA BAHIA<\/p>\n<p>&nbsp;<\/p>\n<p>glauber segundo me contou othon bastos se contagiou pela narrativa \u00e9pica de brecht q desenvolveu no cinema desde ent\u00e3o \u2013 chegando ao cl\u00edmax em O LE\u00c3O DE SETE CABE\u00c7AS para alcan\u00e7ar a plenitude nA IDADE DA TERRA \u2013 a partir do momento em q assistiu a uma leitura de M\u00c3E CORAGEM E SEUS FILHOS feita pelo teatro dos novos \/ teatro vila velha<\/p>\n<p>JANGO rev\u00ea a estrutura narrativa da trag\u00e9dia pre dram\u00e1tica grega atrav\u00e9s do prisma brechtiano e seu teatro dial\u00e9tico<\/p>\n<p>o her\u00f3i mostra sua hist\u00f3ria impasses op\u00e7\u00f5es e decis\u00f5es para q o coro\/sociedade\/polis reflita e comente<\/p>\n<p>os corifeus\/indiv\u00edduos tb agentes da a\u00e7\u00e3o intermediam a narrativa c seus testemunhos q criam um processo cognitivo dial\u00e9tico c os choques dos diversos ptos de vista<\/p>\n<p>o coro\/sociedade\/polis adverte julga e executa o her\u00f3i para q o p\u00fablico\/sociedade\/polis atrav\u00e9s do exemplo amplificado pela poesia e encena\u00e7\u00e3o\u00a0 purgue a praga<\/p>\n<p>a encena\u00e7\u00e3o traduz a narrativa sequencial do texto para a tridimensionalidade e simultaneidade do espa\u00e7o e do movimento<\/p>\n<p>e a atriz\/ator atua mostrando ao p\u00fablico o processo dial\u00e9tico q lhe infunde terror e piedade emo\u00e7\u00e3o e raz\u00e3o para q fa\u00e7a op\u00e7\u00f5es e tome decis\u00f5es<\/p>\n<p>&nbsp;<\/p>\n<p>JANGO rev\u00ea a hist\u00f3ria do brazyl para q possamos entender o presente e desenhar o futuro necess\u00e1rio<\/p>\n<p>&nbsp;<\/p>\n<p>salvador . 22.12.2018<\/p>\n<p>marcio meirelles<\/p>\n<p style=\"text-align: right;\"><em>*neste programa da 2<sup>a<\/sup> edi\u00e7\u00e3o revisto repaginado e rediagramado foram mantidos os textos da 1<sup>a<\/sup> edi\u00e7\u00e3o q apoiam o p\u00fablico na leitura da pe\u00e7a e retirados os comemorativos dos 50 anos do teatro vila velha da edi\u00e7\u00e3o de 2014<\/em><\/p>\n<p>&nbsp;<\/p>\n<p>&nbsp;<\/p>\n","protected":false},"excerpt":{"rendered":"<p>texto escrito para o programa de JANGO &#8211; UMA TRAGEDYA de glauber rocha . 2a edi\u00e7\u00e3o . 04 a 28 janeiro 2018 . teatro vila velha . salvador bahia &nbsp; surpreendentemente para os desavisados e amadores o presidente compra votos do congresso p n ser investigado c divulga\u00e7\u00e3o e cobertura<\/p>\n","protected":false},"author":2,"featured_media":0,"comment_status":"open","ping_status":"open","sticky":false,"template":"","format":"standard","meta":[],"categories":[7,24],"tags":[55,374,404,405,462,412,20,461,472,52,459,13,410,460],"_links":{"self":[{"href":"http:\/\/www.marciomeirelles.com.br\/site\/wp-json\/wp\/v2\/posts\/2569"}],"collection":[{"href":"http:\/\/www.marciomeirelles.com.br\/site\/wp-json\/wp\/v2\/posts"}],"about":[{"href":"http:\/\/www.marciomeirelles.com.br\/site\/wp-json\/wp\/v2\/types\/post"}],"author":[{"embeddable":true,"href":"http:\/\/www.marciomeirelles.com.br\/site\/wp-json\/wp\/v2\/users\/2"}],"replies":[{"embeddable":true,"href":"http:\/\/www.marciomeirelles.com.br\/site\/wp-json\/wp\/v2\/comments?post=2569"}],"version-history":[{"count":2,"href":"http:\/\/www.marciomeirelles.com.br\/site\/wp-json\/wp\/v2\/posts\/2569\/revisions"}],"predecessor-version":[{"id":2571,"href":"http:\/\/www.marciomeirelles.com.br\/site\/wp-json\/wp\/v2\/posts\/2569\/revisions\/2571"}],"wp:attachment":[{"href":"http:\/\/www.marciomeirelles.com.br\/site\/wp-json\/wp\/v2\/media?parent=2569"}],"wp:term":[{"taxonomy":"category","embeddable":true,"href":"http:\/\/www.marciomeirelles.com.br\/site\/wp-json\/wp\/v2\/categories?post=2569"},{"taxonomy":"post_tag","embeddable":true,"href":"http:\/\/www.marciomeirelles.com.br\/site\/wp-json\/wp\/v2\/tags?post=2569"}],"curies":[{"name":"wp","href":"https:\/\/api.w.org\/{rel}","templated":true}]}}