{"id":2578,"date":"2019-05-18T13:17:08","date_gmt":"2019-05-18T16:17:08","guid":{"rendered":"http:\/\/www.marciomeirelles.com.br\/site\/?p=2578"},"modified":"2019-05-18T13:20:40","modified_gmt":"2019-05-18T16:20:40","slug":"voltar-sempre-foi-uma-questao-muito-dificil","status":"publish","type":"post","link":"http:\/\/www.marciomeirelles.com.br\/site\/2019\/05\/voltar-sempre-foi-uma-questao-muito-dificil\/","title":{"rendered":"VOLTAR SEMPRE FOI UMA QUEST\u00c3O MUITO DIF\u00cdCIL!"},"content":{"rendered":"<p style=\"text-align: right;\">express\u00e3o de afetividade em p\u00fablico por Aldri Anuncia\u00e7\u00e3o &#8211; autor de EMBARQUE IMEDIATO &#8211; sobre o projeto de montagem<\/p>\n<p>&nbsp;<\/p>\n<p>Na vida, eu comecei o tr\u00e2nsito art\u00edstico como ator\u2026 e continuo atuando! Engra\u00e7ado que o tr\u00e2nsito por uma carreira art\u00edstica \u00e9 um tipo de tr\u00e1fego no qual a cada esquina, voc\u00ea \u00e9 convocado a parar\u2026 a retornar ao in\u00edcio\u2026 a pegar atalhos estranhos&#8230; a passar por viadutos em constru\u00e7\u00e3o&#8230; a desviar de buracos de asfalto&#8230; a cair em buracos.. a dirigir em estradas de barro&#8230; e outras vielas a mais! Muitas vezes, nesse tr\u00e2nsito aventureiro da carreira art\u00edstica, somos convocados a des-insistir! Essa convoca\u00e7\u00e3o nunca vem em forma de palavras&#8230; mas em situa\u00e7\u00f5es. E \u00e9 nessas horas, que percebemos o que somos de verdade!<\/p>\n<p>Descrito desse modo, a carreira art\u00edstica pode at\u00e9 parecer uma met\u00e1fora de todas as carreiras&#8230; de outras profiss\u00f5es. N\u00f3s artistas talvez sejamos uma simples met\u00e1fora do mundo! Mas o fato \u00e9 que fui forjado dessa maneira&#8230; e foram as esquinas desse tr\u00e2nsito que me fizeram ator, dramaturgo, roteirista e apresentador.<\/p>\n<p>Dessas fun\u00e7\u00f5es, existe uma que mais me comove&#8230; \u00e9 a aquela da escrita ficcional! Contar hist\u00f3rias atrav\u00e9s da escrita, foi a fun\u00e7\u00e3o que surgiu de forma mais tardia na minha vida&#8230; embora tenha recebido o sinal desde cedo, quando aos doze anos de idade o escritor Jorge Amado me aconselhou \u201c&#8230;escreve o seu livro&#8230;\u201d. Ele me deu inclusive (de presente) o t\u00edtulo de uma obra que ele havia desistido de usar&#8230; t\u00edtulo este que guardo a sete chaves! Sim&#8230; fui vizinho do Jorge Amado na minha inf\u00e2ncia&#8230; l\u00e1 no Rio Vermelho!<\/p>\n<p>Mas eu n\u00e3o segui de imediato o conselho de Jorge&#8230; pois na primeira estrada que peguei, me deparei na longa BR da atua\u00e7\u00e3o&#8230; que tem me deixado muito feliz e me mant\u00e9m dentro de uma realidade inventada que alimenta e dar cor saud\u00e1vel a minha vida real pr\u00e1tica. Atuar me mant\u00e9m em contato com o outro&#8230; me faz respeitar o ser-humano e possibilita manter vivo o sentimento de compaix\u00e3o com todos que est\u00e3o ao meu redor ou al\u00e9m das fronteiras de meus preconceitos.<\/p>\n<p>Enquanto a atua\u00e7\u00e3o acontece no conv\u00edvio, a escrita acontece de forma solit\u00e1ria! Mas \u00e9 uma solid\u00e3o que resenha a conviv\u00eancia&#8230; resenha a companhia&#8230; resenha o coletivo&#8230; resenha o viver em sociedade. Quando escrevo estou sozinho&#8230; mas ao mesmo tempo acompanhado por todo o mundo que naquele momento da escrita se encaixa todinho e certinho na minha mente de autor! O mundo no momento da escrita \u00e9 uma massa mold\u00e1vel&#8230; que manipulamos das maneiras mais diversas&#8230; tentando contemplar as mais variadas opini\u00f5es e as colocando em confronto na cena da escritura!<\/p>\n<p>Escrevo esse post, inspirado por aqueles que abra\u00e7am e acreditam nas hist\u00f3rias inventadas! Inspirado por aqueles que entram no barco das ideias de um autor &#8230; e navegam por entre suas palavras sem medo de ficarem \u00e0 deriva! Aqueles que acreditam na fic\u00e7\u00e3o, na reflex\u00e3o e na abstra\u00e7\u00e3o do real como verdadeiros caminhos para o entendimento m\u00fatuo! Aqueles que respeitam a poesia do trabalho art\u00edstico e convocam os artistas a continuarem criando, escrevendo, cantando, atuando, dan\u00e7ando, pintando, filmando, esculpindo, artesanando, poetizando, romanceando, contando&#8230; e escrevendo a cr\u00f4nica do nosso \u201cconfinado\u201d mundo real pr\u00e1tico!<\/p>\n<p>Agora em maio de 2019, mais uma trupe entrou (est\u00e1 entrando) no meu barco de ideias de autor, e navegou no meu mar de palavras&#8230; embarcando e resgatando identidades itinerantes! Quero agradecer nesse tem\u00edvel&#8221; mundo novo&#8221; das redes, a equipe do espet\u00e1culo de teatro EMBARQUE IMEDIATO (meu + novo texto de teatro) que milagrosamente est\u00e1 transformando palavras em cena&#8230; com muito amor, afeto e grande coragem!<\/p>\n<p>Obrigado Ant\u00f4nio Pitanga, Rocco Pitanga , Camila P. Sampaio, Marcio Meirelles, Fernanda Bezerra, Fernando Philbert, Kennia Orsetti, Edu Coutinho, Aderbal Freire Filho, Erick Saboya Bastos , Jarbas Bittencourt, Goya Lopes, Irma Vidal, B\u00e1rbara Barbar\u00e1 Donadel, Rafael Grilo, Chico Peres, Gabriel Franco, Ramon Gon\u00e7alves, Rafael Aguiar&#8230; obrigado por embarcarem imediatamente nesse tr\u00e2nsito que nos levar\u00e1&#8230; pra onde mesmo?<\/p>\n<p>Bom&#8230; talvez nos ajudar\u00e1 a voltar pra algum lugar em que nos sentimos seguros! Afinal de contas&#8230; como diz um dos cidad\u00e3os-personagem do espet\u00e1culo \u201c&#8230; voltar sempre foi uma quest\u00e3o muito dif\u00edcil!\u201d.<\/p>\n<p>Obrigado! Obrigado e obrigado!<\/p>\n<p>E aguardo todos voc\u00eas (que leram at\u00e9 aqui) no Teatro Sala do Coro do Teatro Castro Alves (Salvador-Bahia) a partir do dia 30 de Maio de 2019. Sempre de quinta a domingo \u00e0s 20hs. A temporada vai durar apenas tr\u00eas semanas!<\/p>\n<p style=\"text-align: right;\">salvador . 18.05.2019<\/p>\n","protected":false},"excerpt":{"rendered":"<p>express\u00e3o de afetividade em p\u00fablico por Aldri Anuncia\u00e7\u00e3o &#8211; autor de EMBARQUE IMEDIATO &#8211; sobre o projeto de montagem &nbsp; Na vida, eu comecei o tr\u00e2nsito art\u00edstico como ator\u2026 e continuo atuando! Engra\u00e7ado que o tr\u00e2nsito por uma carreira art\u00edstica \u00e9 um tipo de tr\u00e1fego no qual a cada esquina,<\/p>\n","protected":false},"author":2,"featured_media":0,"comment_status":"open","ping_status":"open","sticky":false,"template":"","format":"standard","meta":[],"categories":[4,6,24],"tags":[419,28,464,22,465,30,467,466,20,64,280,19],"_links":{"self":[{"href":"http:\/\/www.marciomeirelles.com.br\/site\/wp-json\/wp\/v2\/posts\/2578"}],"collection":[{"href":"http:\/\/www.marciomeirelles.com.br\/site\/wp-json\/wp\/v2\/posts"}],"about":[{"href":"http:\/\/www.marciomeirelles.com.br\/site\/wp-json\/wp\/v2\/types\/post"}],"author":[{"embeddable":true,"href":"http:\/\/www.marciomeirelles.com.br\/site\/wp-json\/wp\/v2\/users\/2"}],"replies":[{"embeddable":true,"href":"http:\/\/www.marciomeirelles.com.br\/site\/wp-json\/wp\/v2\/comments?post=2578"}],"version-history":[{"count":6,"href":"http:\/\/www.marciomeirelles.com.br\/site\/wp-json\/wp\/v2\/posts\/2578\/revisions"}],"predecessor-version":[{"id":2583,"href":"http:\/\/www.marciomeirelles.com.br\/site\/wp-json\/wp\/v2\/posts\/2578\/revisions\/2583"}],"wp:attachment":[{"href":"http:\/\/www.marciomeirelles.com.br\/site\/wp-json\/wp\/v2\/media?parent=2578"}],"wp:term":[{"taxonomy":"category","embeddable":true,"href":"http:\/\/www.marciomeirelles.com.br\/site\/wp-json\/wp\/v2\/categories?post=2578"},{"taxonomy":"post_tag","embeddable":true,"href":"http:\/\/www.marciomeirelles.com.br\/site\/wp-json\/wp\/v2\/tags?post=2578"}],"curies":[{"name":"wp","href":"https:\/\/api.w.org\/{rel}","templated":true}]}}