{"id":2597,"date":"2019-07-31T23:09:54","date_gmt":"2019-08-01T02:09:54","guid":{"rendered":"http:\/\/www.marciomeirelles.com.br\/site\/?p=2597"},"modified":"2019-08-10T18:41:44","modified_gmt":"2019-08-10T21:41:44","slug":"hoje-nao-tem-espetaculo","status":"publish","type":"post","link":"http:\/\/www.marciomeirelles.com.br\/site\/2019\/07\/hoje-nao-tem-espetaculo\/","title":{"rendered":"HOJE N\u00c3O TEM ESPET\u00c1CULO"},"content":{"rendered":"<p><a href=\"https:\/\/scontent.fssa7-1.fna.fbcdn.net\/v\/t1.0-9\/67446633_2294370683993018_303253033586786304_n.jpg?_nc_cat=100&amp;_nc_oc=AQn-CoholQZ48laA6IvALlI7yLmG7_cX1flb87EiBZSUSo8NKMlmvxh2NBC4S940Amsc_f33I3Cqqt_z72jn4PS_&amp;_nc_ht=scontent.fssa7-1.fna&amp;oh=85080f3752999daef848f796aa75ac86&amp;oe=5DD62A78\"><img loading=\"lazy\" class=\"alignleft\" title=\"HOJE N\u00c3O TEM ESPET\u00c1CULO\" src=\"https:\/\/scontent.fssa7-1.fna.fbcdn.net\/v\/t1.0-9\/67446633_2294370683993018_303253033586786304_n.jpg?_nc_cat=100&amp;_nc_oc=AQn-CoholQZ48laA6IvALlI7yLmG7_cX1flb87EiBZSUSo8NKMlmvxh2NBC4S940Amsc_f33I3Cqqt_z72jn4PS_&amp;_nc_ht=scontent.fssa7-1.fna&amp;oh=85080f3752999daef848f796aa75ac86&amp;oe=5DD62A78\" alt=\"\" width=\"260\" height=\"260\" \/><\/a><\/p>\n<p>O Teatro Vila Velha completa 55 anos.<br \/>\nInaugurado no ano do golpe civil militar de 1964, seu palco foi abrigo contra a ditadura, barricada contra a censura, local de festa para a retomada democr\u00e1tica e permanece como poss\u00edvel trincheira para a desumanidade rec\u00e9m instalada.<br \/>\nO edif\u00edcio pulsa entre as \u00e1rvores centen\u00e1rias do Passeio P\u00fablico e a milenar Ba\u00eda de Todos os Santos. Terra e \u00e1gua, raz\u00e3o e devaneio.<br \/>\nNesta quarta-feira, 31, o palco n\u00e3o abre suas portas.<br \/>\n\u00c9 um sinal: e se n\u00e3o abrisse mais?<br \/>\n\u00c9 um sintoma: que tempos s\u00e3o estes?<br \/>\nTem sido dif\u00edcil manter as portas abertas neste Brasil de grades, cercas, condom\u00ednios mentais, gente cercada que se acha protegida, viola\u00e7\u00e3o, viol\u00eancia, devasta\u00e7\u00e3o dos valores civilizat\u00f3rios e democr\u00e1ticos constru\u00eddos pelo seu povo.<br \/>\nN\u00e3o estamos fechados. Porque um teatro existe para ter as portas abertas ao p\u00fablico, aos artistas, \u00e0s ideias, \u00e0 luta e \u00e0 labuta di\u00e1ria para que estejam sempre abertas \u00e0 inven\u00e7\u00e3o da liberdade.<br \/>\n\u00c9 preciso que voc\u00eas estejam aqui para que estejam abertas.<br \/>\nO espet\u00e1culo de hoje \u00e9 a mem\u00f3ria de todos os espet\u00e1culos.<br \/>\n\u00c9 o sinal de que se voc\u00eas n\u00e3o vierem poder\u00e1 estar fechado.<br \/>\nNo dia depois do 31, o primeiro, o dia seguinte, estaremos abertos com nossa programa\u00e7\u00e3o.<br \/>\nE seguimos, seguiremos.<\/p>\n<p style=\"text-align: right;\">salvador.31.07.2019<\/p>\n<p style=\"text-align: right;\">texto escrito com a colabora\u00e7\u00e3o de gil maciel<\/p>\n<p>&nbsp;<\/p>\n","protected":false},"excerpt":{"rendered":"<p>O Teatro Vila Velha completa 55 anos. Inaugurado no ano do golpe civil militar de 1964, seu palco foi abrigo contra a ditadura, barricada contra a censura, local de festa para a retomada democr\u00e1tica e permanece como poss\u00edvel trincheira para a desumanidade rec\u00e9m instalada. O edif\u00edcio pulsa entre as \u00e1rvores<\/p>\n","protected":false},"author":2,"featured_media":0,"comment_status":"open","ping_status":"open","sticky":false,"template":"","format":"standard","meta":[],"categories":[4,7,94],"tags":[22,12,74,20,18,129,109,84,32,472,64,13],"_links":{"self":[{"href":"http:\/\/www.marciomeirelles.com.br\/site\/wp-json\/wp\/v2\/posts\/2597"}],"collection":[{"href":"http:\/\/www.marciomeirelles.com.br\/site\/wp-json\/wp\/v2\/posts"}],"about":[{"href":"http:\/\/www.marciomeirelles.com.br\/site\/wp-json\/wp\/v2\/types\/post"}],"author":[{"embeddable":true,"href":"http:\/\/www.marciomeirelles.com.br\/site\/wp-json\/wp\/v2\/users\/2"}],"replies":[{"embeddable":true,"href":"http:\/\/www.marciomeirelles.com.br\/site\/wp-json\/wp\/v2\/comments?post=2597"}],"version-history":[{"count":13,"href":"http:\/\/www.marciomeirelles.com.br\/site\/wp-json\/wp\/v2\/posts\/2597\/revisions"}],"predecessor-version":[{"id":2610,"href":"http:\/\/www.marciomeirelles.com.br\/site\/wp-json\/wp\/v2\/posts\/2597\/revisions\/2610"}],"wp:attachment":[{"href":"http:\/\/www.marciomeirelles.com.br\/site\/wp-json\/wp\/v2\/media?parent=2597"}],"wp:term":[{"taxonomy":"category","embeddable":true,"href":"http:\/\/www.marciomeirelles.com.br\/site\/wp-json\/wp\/v2\/categories?post=2597"},{"taxonomy":"post_tag","embeddable":true,"href":"http:\/\/www.marciomeirelles.com.br\/site\/wp-json\/wp\/v2\/tags?post=2597"}],"curies":[{"name":"wp","href":"https:\/\/api.w.org\/{rel}","templated":true}]}}