{"id":329,"date":"2011-04-30T23:03:06","date_gmt":"2011-05-01T02:03:06","guid":{"rendered":"http:\/\/www.marciomeirelles.com.br\/site\/?p=329"},"modified":"2011-09-14T23:05:56","modified_gmt":"2011-09-15T02:05:56","slug":"oficina-de-teatro-para-quem-gosta-de-rocknroll","status":"publish","type":"post","link":"http:\/\/www.marciomeirelles.com.br\/site\/2011\/04\/oficina-de-teatro-para-quem-gosta-de-rocknroll\/","title":{"rendered":"Oficina de teatro para quem gosta de rock&#8217;n&#8217;roll"},"content":{"rendered":"<p><a href=\"http:\/\/www.marciomeirelles.com.br\/site\/wp-content\/uploads\/2011\/09\/teatro.jpg\"><img loading=\"lazy\" class=\"alignnone size-full wp-image-330\" title=\"teatro\" src=\"http:\/\/www.marciomeirelles.com.br\/site\/wp-content\/uploads\/2011\/09\/teatro.jpg\" alt=\"\" width=\"466\" height=\"640\" srcset=\"http:\/\/www.marciomeirelles.com.br\/site\/wp-content\/uploads\/2011\/09\/teatro.jpg 466w, http:\/\/www.marciomeirelles.com.br\/site\/wp-content\/uploads\/2011\/09\/teatro-218x300.jpg 218w\" sizes=\"(max-width: 466px) 100vw, 466px\" \/><\/a><\/p>\n<p><strong>Orientador:<\/strong> Marcio Meirelles<br \/>\n<strong>Per\u00edodo:<\/strong> 9 a 27 de maio<br \/>\nter\u00e7as, quintas e sextas \/ 15 \u00e0s 18 hs<br \/>\n<strong>Valor:<\/strong> R$ 250,00<br \/>\n<strong>Faixa et\u00e1ria:<\/strong> a partir de 16 anos.<\/p>\n<p>O interessado precisa enviar curr\u00edculo com as principais atividades realizadas nas \u00e1reas de teatro e m\u00fasica. Indicar se toca algum instrumento e qual. Todas as aulas ser\u00e3o registradas em \u00e1udio e v\u00eddeo, o aluno precisa assinar termo de libera\u00e7\u00e3o.<\/p>\n<p><strong>Inscri\u00e7\u00f5es:<\/strong> 14 \u00e0s 18hs, seg a sex. 71 3083-4616<br \/>\n<strong>Documentos necess\u00e1rios:<\/strong> foto 3 x 4, rg, cpf.<br \/>\nPagamento em dinheiro ou cheque.<\/p>\n<p><strong>Marcio Meirelles:<\/strong> Diretor teatral, cen\u00f3grafo e figurinista. Come\u00e7ou a fazer teatro universit\u00e1rio como atividade pol\u00edtica em 1972. H\u00e1 35 anos, com Maria Eug\u00eania Milet, criou o grupo Avel\u00e3s y Avestruz e h\u00e1 20, com Chica Carelli,\u00a0o Bando de Teatro Olodum. Em 1994, iniciou, com muitos artistas, entre eles \u00c2ngela Andrade, Mar\u00edsia Mota e Cristina Castro, a reforma e revitaliza\u00e7\u00e3o do Teatro Vila Velha, que hoje \u00e9 um grande centro de forma\u00e7\u00e3o, cria\u00e7\u00e3o, interc\u00e2mbio e difus\u00e3o das artes c\u00eanicas. Ganhador de v\u00e1rios pr\u00eamios como diretor, cen\u00f3grafo e figurinista, tamb\u00e9m j\u00e1 dirigiu v\u00e1rios shows de m\u00fasica, comemorativos de entrega de pr\u00eamios e de lan\u00e7amentos de projetos. Seus trabalhos mais recentes realizados como encenador foram: \u201cCabar\u00e9 da RRRRa\u00e7a\u201d (com estr\u00e9ia em 1997 e sendo apresentado at\u00e9 hoje), \u201cSonho de uma noite de ver\u00e3o\u201d, espet\u00e1culo vencedor do pr\u00eamio Braskem de Teatro de Salvador (2006) e \u201cBen\u00e7a\u201d (2010), para o Bando de Teatro Olodum; \u201cFausto#Zero\u201d (1999) e \u201cCartas abertas\u201d (2006), para a Cia Teatro dos Novos; \u201cUm Tal de Dom Quixote\u201d (1998) e \u201cOxente, Cordel de Novo?\u201d (2003), para os dois grupos; \u201cMaterial Fatzer\u201d (2001) e \u201cAuto-retrato aos 40\u201d (2004) com os grupos residentes do Teatro Vila Velha; e \u201cA Roda do Mundo\u201d (2001), \u201cCandaces &#8211; a reconstru\u00e7\u00e3o do fogo\u201d (2003) \u201ceBakulo \u2013 os bem lembrados\u201d (2005) para a Cia dos Comuns (Rio de Janeiro).<\/p>\n","protected":false},"excerpt":{"rendered":"<p>Orientador: Marcio Meirelles Per\u00edodo: 9 a 27 de maio ter\u00e7as, quintas e sextas \/ 15 \u00e0s 18 hs Valor: R$ 250,00 Faixa et\u00e1ria: a partir de 16 anos. O interessado precisa enviar curr\u00edculo com as principais atividades realizadas nas \u00e1reas de teatro e m\u00fasica. Indicar se toca algum instrumento e<\/p>\n","protected":false},"author":1,"featured_media":330,"comment_status":"open","ping_status":"open","sticky":false,"template":"","format":"standard","meta":[],"categories":[4],"tags":[35,20,36,472,13],"_links":{"self":[{"href":"http:\/\/www.marciomeirelles.com.br\/site\/wp-json\/wp\/v2\/posts\/329"}],"collection":[{"href":"http:\/\/www.marciomeirelles.com.br\/site\/wp-json\/wp\/v2\/posts"}],"about":[{"href":"http:\/\/www.marciomeirelles.com.br\/site\/wp-json\/wp\/v2\/types\/post"}],"author":[{"embeddable":true,"href":"http:\/\/www.marciomeirelles.com.br\/site\/wp-json\/wp\/v2\/users\/1"}],"replies":[{"embeddable":true,"href":"http:\/\/www.marciomeirelles.com.br\/site\/wp-json\/wp\/v2\/comments?post=329"}],"version-history":[{"count":1,"href":"http:\/\/www.marciomeirelles.com.br\/site\/wp-json\/wp\/v2\/posts\/329\/revisions"}],"predecessor-version":[{"id":331,"href":"http:\/\/www.marciomeirelles.com.br\/site\/wp-json\/wp\/v2\/posts\/329\/revisions\/331"}],"wp:featuredmedia":[{"embeddable":true,"href":"http:\/\/www.marciomeirelles.com.br\/site\/wp-json\/wp\/v2\/media\/330"}],"wp:attachment":[{"href":"http:\/\/www.marciomeirelles.com.br\/site\/wp-json\/wp\/v2\/media?parent=329"}],"wp:term":[{"taxonomy":"category","embeddable":true,"href":"http:\/\/www.marciomeirelles.com.br\/site\/wp-json\/wp\/v2\/categories?post=329"},{"taxonomy":"post_tag","embeddable":true,"href":"http:\/\/www.marciomeirelles.com.br\/site\/wp-json\/wp\/v2\/tags?post=329"}],"curies":[{"name":"wp","href":"https:\/\/api.w.org\/{rel}","templated":true}]}}