{"id":348,"date":"2011-09-19T10:02:02","date_gmt":"2011-09-19T13:02:02","guid":{"rendered":"http:\/\/www.marciomeirelles.com.br\/site\/?p=348"},"modified":"2012-02-21T22:01:58","modified_gmt":"2012-02-22T01:01:58","slug":"a-primeira-vez-que-a-vi-dancar-2","status":"publish","type":"post","link":"http:\/\/www.marciomeirelles.com.br\/site\/2011\/09\/a-primeira-vez-que-a-vi-dancar-2\/","title":{"rendered":"A PRIMEIRA VEZ QUE A VI DAN\u00c7AR&#8230;"},"content":{"rendered":"<p style=\"text-align: right;\" align=\"CENTER\"><em>Texto escrito por Marcio Meirelles para o programa de <\/em><strong>Sagra\u00e7\u00e3o da vida toda<\/strong><em>, espet\u00e1culo de Cristina Castro para o Viladan\u00e7a, baseado no roteiro da <\/em>Sagra\u00e7\u00e3o da primavera<em> de Stravinski\u00a0<\/em><\/p>\n<p style=\"text-align: left;\" align=\"CENTER\"><span style=\"font-family: Arial, sans-serif;\">A primeira vez que vi Cristina Castro dan\u00e7ar foi h\u00e1 muito tempo. Eu fazia o figurino para um espet\u00e1culo de Lia Robato e ela era uma das meninas do elenco. Dan\u00e7ava muito bem.<\/span><\/p>\n<p align=\"JUSTIFY\"><span style=\"font-family: Arial, sans-serif;\">Muitos anos se passaram e continuei vendo-a em v\u00e1rias outras coreografias, no Bal\u00e9 do Teatro Castro Alves. Em algumas com roupas que fiz e a vestiram.<\/span><\/p>\n<div id=\"attachment_349\" style=\"width: 219px\" class=\"wp-caption aligncenter\"><a href=\"http:\/\/www.marciomeirelles.com.br\/site\/wp-content\/uploads\/2011\/09\/07.jpg\"><img aria-describedby=\"caption-attachment-349\" loading=\"lazy\" class=\"size-medium wp-image-349\" title=\"cristina castro em &quot;um tal de dom quixote&quot; - foto: marcio lima\" src=\"http:\/\/www.marciomeirelles.com.br\/site\/wp-content\/uploads\/2011\/09\/07-209x300.jpg\" alt=\"\" width=\"209\" height=\"300\" srcset=\"http:\/\/www.marciomeirelles.com.br\/site\/wp-content\/uploads\/2011\/09\/07-209x300.jpg 209w, http:\/\/www.marciomeirelles.com.br\/site\/wp-content\/uploads\/2011\/09\/07-715x1024.jpg 715w, http:\/\/www.marciomeirelles.com.br\/site\/wp-content\/uploads\/2011\/09\/07.jpg 1759w\" sizes=\"(max-width: 209px) 100vw, 209px\" \/><\/a><p id=\"caption-attachment-349\" class=\"wp-caption-text\">cristina castro em &quot;um tal de dom quixote&quot; - foto: marcio lima<\/p><\/div>\n<p align=\"JUSTIFY\"><span style=\"font-family: Arial, sans-serif;\">Depois passou-se muito tempo sem que a visse, tarefas, impossibilidades, mudan\u00e7as de trajet\u00f3rias.<\/span><\/p>\n<p align=\"JUSTIFY\"><span style=\"font-family: Arial, sans-serif;\">Ent\u00e3o, um dia, uma noite, na inaugura\u00e7\u00e3o da Sala do Coro, eu a vi dan\u00e7ar e acho que foi a primeira vez que v\u00ed seus olhos enquanto dan\u00e7ava. Eu n\u00e3o tinha feito as roupas que a vestiam e o que eu queria mesmo era despi-la. Como se fosse necess\u00e1rio. Ela j\u00e1 estava toda nua, toda entregue \u00e0 sua dan\u00e7a, \u00e0 sua maturidade como artista. E a dan\u00e7arina fez com que eu me apaixonasse pela mulher.<\/span><\/p>\n<div id=\"attachment_351\" style=\"width: 207px\" class=\"wp-caption aligncenter\"><a href=\"http:\/\/www.marciomeirelles.com.br\/site\/wp-content\/uploads\/2011\/09\/01.jpg\"><img aria-describedby=\"caption-attachment-351\" loading=\"lazy\" class=\"size-medium wp-image-351\" title=\"cristina castro\" src=\"http:\/\/www.marciomeirelles.com.br\/site\/wp-content\/uploads\/2011\/09\/01-197x300.jpg\" alt=\"\" width=\"197\" height=\"300\" srcset=\"http:\/\/www.marciomeirelles.com.br\/site\/wp-content\/uploads\/2011\/09\/01-197x300.jpg 197w, http:\/\/www.marciomeirelles.com.br\/site\/wp-content\/uploads\/2011\/09\/01-674x1024.jpg 674w, http:\/\/www.marciomeirelles.com.br\/site\/wp-content\/uploads\/2011\/09\/01.jpg 1167w\" sizes=\"(max-width: 197px) 100vw, 197px\" \/><\/a><p id=\"caption-attachment-351\" class=\"wp-caption-text\">cristina<\/p><\/div>\n<p align=\"JUSTIFY\"><span style=\"font-family: Arial, sans-serif;\">Depois vi sua coreografia <\/span><span style=\"font-family: Arial, sans-serif;\"><em><strong>A Cor Do<\/strong><\/em><\/span><span style=\"font-family: Arial, sans-serif;\">. E colaborei com ela no trabalho que, para mim, marca um novo rumo em sua carreira:<\/span><span style=\"font-family: Arial, sans-serif;\"><em><strong> 200 e Poucos Mega Bytes de Mem\u00f3ria<\/strong><\/em><\/span><span style=\"font-family: Arial, sans-serif;\">. Vesti dan\u00e7arinos e palco para que a artista madura\u00a0<\/span><span style=\"font-family: Arial, sans-serif;\">mostrasse sua vis\u00e3o de mundo, sua declara\u00e7\u00e3o de amor \u00e0 diversidade de culturas, de personas&#8230; Mas, na verdade, o figurino j\u00e1 estava pronto quando assisti pela primeira vez ao ensaio: os dan\u00e7arinos, os gestos, o movimento j\u00e1 mostravam claramente as roupas que viriam depois. Foi s\u00f3 desenhar e executar o que me era mostrado.<\/span><\/p>\n<p align=\"JUSTIFY\"><span style=\"font-family: Arial, sans-serif;\">Desde ent\u00e3o vinha atormentando-a para que assumisse a dura tarefa de estruturar um grupo seu, sediado no Teatro Vila Velha, com o qual pudesse experimentar sua linguagem coreogr\u00e1fica e brindar o mundo com poesia, que \u00e9 disso que o mundo precisa.<\/span><\/p>\n<div id=\"attachment_356\" style=\"width: 310px\" class=\"wp-caption aligncenter\"><a href=\"http:\/\/www.marciomeirelles.com.br\/site\/wp-content\/uploads\/2011\/09\/IMG_1171.jpg\"><img aria-describedby=\"caption-attachment-356\" loading=\"lazy\" class=\"size-medium wp-image-356\" title=\"jos\u00e9 ULISSES da silva: o VILADAN\u00c7A em quito-equador - foto: marcio meirelles\" src=\"http:\/\/www.marciomeirelles.com.br\/site\/wp-content\/uploads\/2011\/09\/IMG_1171-300x200.jpg\" alt=\"\" width=\"300\" height=\"200\" srcset=\"http:\/\/www.marciomeirelles.com.br\/site\/wp-content\/uploads\/2011\/09\/IMG_1171-300x200.jpg 300w, http:\/\/www.marciomeirelles.com.br\/site\/wp-content\/uploads\/2011\/09\/IMG_1171-1024x682.jpg 1024w\" sizes=\"(max-width: 300px) 100vw, 300px\" \/><\/a><p id=\"caption-attachment-356\" class=\"wp-caption-text\">jos\u00e9 ULISSES da silva: o VILADAN\u00c7A em quito-equador - foto: marcio meirelles<\/p><\/div>\n<p align=\"JUSTIFY\"><span style=\"font-family: Arial, sans-serif;\">E, felizmente, neste ano da Gra\u00e7a de 1998, assumindo todo o desgaste que \u00e9 a administra\u00e7\u00e3o e a capta\u00e7\u00e3o de recursos para que um projeto como esse v\u00e1 em frente, ela topou a tarefa de criar um grupo. Para esse mister, usou o material mais raro, e dele fez o <\/span><span style=\"font-family: Arial, sans-serif;\"><em><strong>Viladan\u00e7a<\/strong><\/em><\/span><span style=\"font-family: Arial, sans-serif;\">: de poesia.<\/span><\/p>\n<p align=\"JUSTIFY\">\u00a0<a href=\"http:\/\/www.marciomeirelles.com.br\/site\/wp-content\/uploads\/2011\/09\/DSC00155.jpg\"><img loading=\"lazy\" class=\"aligncenter size-medium wp-image-355\" title=\"cris\" src=\"http:\/\/www.marciomeirelles.com.br\/site\/wp-content\/uploads\/2011\/09\/DSC00155-300x225.jpg\" alt=\"\" width=\"300\" height=\"225\" srcset=\"http:\/\/www.marciomeirelles.com.br\/site\/wp-content\/uploads\/2011\/09\/DSC00155-300x225.jpg 300w, http:\/\/www.marciomeirelles.com.br\/site\/wp-content\/uploads\/2011\/09\/DSC00155-1024x768.jpg 1024w, http:\/\/www.marciomeirelles.com.br\/site\/wp-content\/uploads\/2011\/09\/DSC00155.jpg 2048w\" sizes=\"(max-width: 300px) 100vw, 300px\" \/><\/a><\/p>\n<p align=\"JUSTIFY\"><span style=\"font-family: Arial, sans-serif;\">Uma poesia que vem da rua, do dia a dia, do deboche e da alegria, e tamb\u00e9m do pensamento, do sentido de m\u00e1gico, da sensibilidade que consegue sincronizar o novo com o tradicional, estabelecendo um di\u00e1logo interessant\u00edssimo sobre o que somos: cidad\u00e3os de qualquer parte do mundo, mais especificamente uma parte do mundo que se chama Bahia.<\/span><\/p>\n<p align=\"JUSTIFY\"><span style=\"font-family: Arial, sans-serif;\">Marcio Meirelles<\/span><\/p>\n<p align=\"JUSTIFY\"><span style=\"font-family: Arial, sans-serif;\">Salvador, 2 de novembro de 1998<\/span><\/p>\n","protected":false},"excerpt":{"rendered":"<p>Texto escrito por Marcio Meirelles para o programa de Sagra\u00e7\u00e3o da vida toda, espet\u00e1culo de Cristina Castro para o Viladan\u00e7a, baseado no roteiro da Sagra\u00e7\u00e3o da primavera de Stravinski\u00a0 A primeira vez que vi Cristina Castro dan\u00e7ar foi h\u00e1 muito tempo. Eu fazia o figurino para um espet\u00e1culo de Lia<\/p>\n","protected":false},"author":1,"featured_media":349,"comment_status":"open","ping_status":"open","sticky":false,"template":"","format":"standard","meta":[],"categories":[4,7],"tags":[12,55,57,59,58,20,45,61,60,32,62,56],"_links":{"self":[{"href":"http:\/\/www.marciomeirelles.com.br\/site\/wp-json\/wp\/v2\/posts\/348"}],"collection":[{"href":"http:\/\/www.marciomeirelles.com.br\/site\/wp-json\/wp\/v2\/posts"}],"about":[{"href":"http:\/\/www.marciomeirelles.com.br\/site\/wp-json\/wp\/v2\/types\/post"}],"author":[{"embeddable":true,"href":"http:\/\/www.marciomeirelles.com.br\/site\/wp-json\/wp\/v2\/users\/1"}],"replies":[{"embeddable":true,"href":"http:\/\/www.marciomeirelles.com.br\/site\/wp-json\/wp\/v2\/comments?post=348"}],"version-history":[{"count":11,"href":"http:\/\/www.marciomeirelles.com.br\/site\/wp-json\/wp\/v2\/posts\/348\/revisions"}],"predecessor-version":[{"id":832,"href":"http:\/\/www.marciomeirelles.com.br\/site\/wp-json\/wp\/v2\/posts\/348\/revisions\/832"}],"wp:featuredmedia":[{"embeddable":true,"href":"http:\/\/www.marciomeirelles.com.br\/site\/wp-json\/wp\/v2\/media\/349"}],"wp:attachment":[{"href":"http:\/\/www.marciomeirelles.com.br\/site\/wp-json\/wp\/v2\/media?parent=348"}],"wp:term":[{"taxonomy":"category","embeddable":true,"href":"http:\/\/www.marciomeirelles.com.br\/site\/wp-json\/wp\/v2\/categories?post=348"},{"taxonomy":"post_tag","embeddable":true,"href":"http:\/\/www.marciomeirelles.com.br\/site\/wp-json\/wp\/v2\/tags?post=348"}],"curies":[{"name":"wp","href":"https:\/\/api.w.org\/{rel}","templated":true}]}}