{"id":379,"date":"2009-09-25T22:38:12","date_gmt":"2009-09-26T01:38:12","guid":{"rendered":"http:\/\/www.marciomeirelles.com.br\/site\/?p=379"},"modified":"2011-09-20T23:13:23","modified_gmt":"2011-09-21T02:13:23","slug":"cuide-de-voce-ou-roupa-suja-se-lavava-em-casa","status":"publish","type":"post","link":"http:\/\/www.marciomeirelles.com.br\/site\/2009\/09\/cuide-de-voce-ou-roupa-suja-se-lavava-em-casa\/","title":{"rendered":"Cuide de voc\u00ea ou Roupa suja se lavava em casa"},"content":{"rendered":"<p><em>Entrevista concedida para rep\u00f3rter Deolinda Vilhena, do Terra Magazine (Bob Fernandes), em Santos (SP), e publicada em 25 de setembro de 2009, sobre a exposi\u00e7\u00e3o Cuide de Voc\u00ea, de Sophie Calle.<\/em><\/p>\n<p>&nbsp;<\/p>\n<p>O fato de eu ter quase meio s\u00e9culo de vida faz com que eu seja de um tempo em que se dizia que &#8220;roupa suja se lava em casa&#8221;. Entretanto, essa m\u00e1xima n\u00e3o foi suficiente para que eu n\u00e3o sucumbisse aos encantos de Sophie Calle e o sucesso de sua exposi\u00e7\u00e3o <em>Cuide de voc\u00ea<\/em>.<\/p>\n<p>Sim, confesso que sou facilmente influenciada por artistas que desafiam as fronteiras entre arte e vida, e Sophie Calle vem se especializando nisso. Por isso uso o espa\u00e7o de hoje, relembrando meus tempos de coluna social &#8211; fui assistente de Hildegard Angel, Nina Chavs e Reinaldo Loyo &#8211; para dar a C\u00e9sar o que \u00e9 de C\u00e9sar: aplaudo entusiasticamente a Bahia, que deu um quinau no resto do pa\u00eds &#8211; exceto S\u00e3o Paulo que \u00e9 quase outro pa\u00eds &#8211; ao levar para o Museu de Arte Moderna a exposi\u00e7\u00e3o Prenez soin de vous, de uma das figuras mais instigantes da cena art\u00edstica internacional, a francesa Sophie Calle.<\/p>\n<p>Luxo dos luxos: o vernissage em Salvador contou a presen\u00e7a da artista que passou uma semana nas terras do Senhor do Bonfim. Parab\u00e9ns Jaques Wagner, parab\u00e9ns M\u00e1rcio Meirelles, parab\u00e9ns Monique Badar\u00f3, parab\u00e9ns Solange Farkas e parab\u00e9ns Ir\u00e8ne Kirsch pelo trabalho realizado nos bastidores.<\/p>\n<div id=\"attachment_380\" style=\"width: 310px\" class=\"wp-caption alignnone\"><a href=\"http:\/\/www.marciomeirelles.com.br\/site\/wp-content\/uploads\/2011\/09\/1327178-2644-cp2.jpg\"><img aria-describedby=\"caption-attachment-380\" loading=\"lazy\" class=\"size-medium wp-image-380\" title=\"1327178-2644-cp2\" src=\"http:\/\/www.marciomeirelles.com.br\/site\/wp-content\/uploads\/2011\/09\/1327178-2644-cp2-300x169.jpg\" alt=\"\" width=\"300\" height=\"169\" srcset=\"http:\/\/www.marciomeirelles.com.br\/site\/wp-content\/uploads\/2011\/09\/1327178-2644-cp2-300x169.jpg 300w, http:\/\/www.marciomeirelles.com.br\/site\/wp-content\/uploads\/2011\/09\/1327178-2644-cp2.jpg 514w\" sizes=\"(max-width: 300px) 100vw, 300px\" \/><\/a><p id=\"caption-attachment-380\" class=\"wp-caption-text\">Ir\u00e8ne Kirsch, Cristina Castro, Yves Lo-Pinto, Sophie Calle, M\u00e1rcio Meirelles e Pierre Sabat\u00e9 (Foto: Uran Rodrigues)<\/p><\/div>\n<p>O sucesso da abertura da mostra na noite da \u00faltima ter\u00e7a no Solar do Unh\u00e3o &#8211; constru\u00e7\u00e3o de extrema import\u00e2ncia hist\u00f3rica e arquitet\u00f4nica, original do s\u00e9culo 17 &#8211; mostra que sob a dire\u00e7\u00e3o de Solange Farkas o MAM-BA parece retomar seu projeto original, concebido pela arquiteta Lina Bo Bardi no in\u00edcio dos anos 1960, de museu como espa\u00e7o democr\u00e1tico, de conviv\u00eancia e participa\u00e7\u00e3o, com atividades multidisciplinares que rompem as barreiras entre o erudito e o popular.<\/p>\n<p>Por outro lado, a Fran\u00e7a reconhecendo a import\u00e2ncia da artista e da empreitada, se fez representar por Nicole Lamarque, Secret\u00e1ria Adjunta Geral da ag\u00eancia CulturesFrance, respons\u00e1vel pela difus\u00e3o da cultura francesa no exterior e das culturas estrangeiras na Fran\u00e7a, e bra\u00e7o direito do Brasil nesse ano da Fran\u00e7a nas terras do patropi e por Yves Lo-Pinto, C\u00f4nsul geral da Fran\u00e7a para o Nordeste, baseado em Recife, que se deslocou especialmente para receber a artista e agradecer ao governo baiano a impec\u00e1vel parceria no projeto Cuide de Voc\u00ea.<\/p>\n<p>O governo baiano por sua vez se fez representar por F\u00e1tima Mendon\u00e7a, primeira dama da Bahia e da simpatia e por M\u00e1rcio Meirelles, Secret\u00e1rio de Cultura. M\u00e1rcio dizia que <em>&#8220;a exposi\u00e7\u00e3o de Sophie Calle na Bahia reafirma a pol\u00edtica da Secretaria de Cultura de abrir o estado para o interc\u00e2mbio com as artes mundiais, fomentando as resid\u00eancias art\u00edsticas e transformando os museus em espa\u00e7os culturais din\u00e2micos. A exposi\u00e7\u00e3o \u00e9 importante para as nossas artes visuais, que precisam sempre estar em contato com novas quest\u00f5es, novos discursos, novas linguagens e outros sotaques.&#8221;<\/em><\/p>\n<p>E generoso, lembrava dos outros parceiros, da empreitada <em>&#8220;somos gratos ao SESC S\u00e3o Paulo, ao V\u00eddeobrasil e ao Minist\u00e9rio da Cultura, que, por reconhecerem o esfor\u00e7o da secretaria e sua pol\u00edtica inovadora, uniram esfor\u00e7os para trazer Cuide de voc\u00ea para o MAM-BA, \u00fanico lugar no Brasil a receber a mostra, al\u00e9m de S\u00e3o Paulo&#8221;.<\/em><\/p>\n<p>Sophie Calle usando um vestido de Iuri Sarmento, artista pl\u00e1stico e estilista mineiro radicado em Salvador, circulava pelos espa\u00e7os do Solar do Unh\u00e3o conversando com todos que se aproximavam, posava sorridente e pacientemente para fotos, com um cigarro eternamente entre os dedos, adora esta postura de apertar a tecla &#8220;delete&#8221; para o politicamente correto &#8211; no meu imagin\u00e1rio artista\/intelectual franc\u00eas que n\u00e3o fuma \u00e9 inimagin\u00e1vel e n\u00e3o se furtou dos prazeres gastron\u00f4micos da Bahia nem de experimentar a boa cacha\u00e7a e os deliciosos coquet\u00e9is das nossas deliciosas frutas&#8230;Coisas de uma mulher inteligente e bom gosto. Mais do que francesa ela \u00e9 uma t\u00edpica parisiense de boa cepa.<\/p>\n<div id=\"attachment_381\" style=\"width: 310px\" class=\"wp-caption alignnone\"><a href=\"http:\/\/www.marciomeirelles.com.br\/site\/wp-content\/uploads\/2011\/09\/1327175-0900-cp2.jpg\"><img aria-describedby=\"caption-attachment-381\" loading=\"lazy\" class=\"size-medium wp-image-381\" title=\"1327175-0900-cp2\" src=\"http:\/\/www.marciomeirelles.com.br\/site\/wp-content\/uploads\/2011\/09\/1327175-0900-cp2-300x169.jpg\" alt=\"\" width=\"300\" height=\"169\" srcset=\"http:\/\/www.marciomeirelles.com.br\/site\/wp-content\/uploads\/2011\/09\/1327175-0900-cp2-300x169.jpg 300w, http:\/\/www.marciomeirelles.com.br\/site\/wp-content\/uploads\/2011\/09\/1327175-0900-cp2.jpg 514w\" sizes=\"(max-width: 300px) 100vw, 300px\" \/><\/a><p id=\"caption-attachment-381\" class=\"wp-caption-text\">Calle, M\u00e1rcio Meirelles, Cristina Castro e F\u00e1tima Mendon\u00e7a: boas gargalhadas (Foto: Ir\u00e8ne Kirsch)<\/p><\/div>\n<p>Ali\u00e1s, a simpatia e disponibilidade de Sophie impressionaram os meus amigos baianos, uma diva sempre provoca desconfian\u00e7a no quesito temperamento&#8230;Digo sempre que querer que algu\u00e9m seja g\u00eanio e ainda tenha bom g\u00eanio \u00e9 exigir demais de uma mesma e mortal criatura. Sophie hospedou-se no Pestana Convento do Carmo e usufruiu do ambiente m\u00e1gico, apesar dos pesares, do Pelourinho, acompanhou a montagem da exposi\u00e7\u00e3o no MAM, jantou no Para\u00edso Tropical a convite de M\u00e1rcio Meirelles com toda a equipe envolvida na realiza\u00e7\u00e3o do evento &#8211; um dos mais importantes em artes pl\u00e1sticas do Ano da Fran\u00e7a no Brasil &#8211; e, em companhia de Ir\u00e8ne Kirsch, Adida Cultural da Fran\u00e7a em Salvador e Armindo Bi\u00e3o, o maior contador de causos da hist\u00f3ria da Bahia, passou uma manh\u00e3 na Feira de S\u00e3o Joaquim entre cheiros, cores e sabores tropicais e ainda teve \u00e2nimo e disposi\u00e7\u00e3o para conversar com uma plat\u00e9ia curiosa que lotou o bom e velho Vila Velha por mais de duas horas.<\/p>\n<p>Mas e a exposi\u00e7\u00e3o? Para os que ainda n\u00e3o sabem, Cuide de voc\u00ea foi uma das obras mais contundentes da \u00faltima Bienal de Veneza (2007), ocasi\u00e3o na qual o jornal ingl\u00eas The Guardian apelidou Sophie Calle de &#8220;o Marcel Duchamp da roupa suja emocional&#8221;. Cuide de Voc\u00ea foi mostrada tamb\u00e9m na Fran\u00e7a, no Canad\u00e1 e em Nova York. E os convites n\u00e3o param, pa\u00edses t\u00e3o distantes quanto a Dinamarca e a Cor\u00e9ias est\u00e3o na lista de espera.<\/p>\n<p>A exposi\u00e7\u00e3o re\u00fane textos, fotos e v\u00eddeos nos quais mais de 100 mulheres que interpretaram, a convite da artista, uma carta de rompimento amoroso recebida por ela de um ex-amante, o escritor Gr\u00e9goire Bouillier. No intuito de &#8220;esgotar&#8221; as mensagens contidas no texto e em seus subtextos, Calle recrutou para a tarefa &#8220;leitoras&#8221; de especialidades e profiss\u00f5es diferentes, entre mulheres estranhas e amigas, an\u00f4nimas e famosas.<\/p>\n<div id=\"attachment_382\" style=\"width: 278px\" class=\"wp-caption alignnone\"><a href=\"http:\/\/www.marciomeirelles.com.br\/site\/wp-content\/uploads\/2011\/09\/1327176-7147-it2.jpg\"><img aria-describedby=\"caption-attachment-382\" loading=\"lazy\" class=\"size-medium wp-image-382\" title=\"1327176-7147-it2\" src=\"http:\/\/www.marciomeirelles.com.br\/site\/wp-content\/uploads\/2011\/09\/1327176-7147-it2-268x300.jpg\" alt=\"\" width=\"268\" height=\"300\" srcset=\"http:\/\/www.marciomeirelles.com.br\/site\/wp-content\/uploads\/2011\/09\/1327176-7147-it2-268x300.jpg 268w, http:\/\/www.marciomeirelles.com.br\/site\/wp-content\/uploads\/2011\/09\/1327176-7147-it2.jpg 286w\" sizes=\"(max-width: 268px) 100vw, 268px\" \/><\/a><p id=\"caption-attachment-382\" class=\"wp-caption-text\">Victoria Abril \u00a9 Sophie Calle, ADAGP 2009<\/p><\/div>\n<p>Entre as mulheres que aceitaram o desafio est\u00e3o as atrizes Jeanne Moreau, Victoria Abril e Maria de Medeiros; a compositora Laurie Anderson; a DJ Miss Kittin; e profissionais como linguista, tar\u00f3loga, ju\u00edza, antrop\u00f3loga, designer, sex\u00f3loga, assistente social e clarividente, entre outras, como uma adolescente, por exemplo. Ao aplicar sua \u00f3tica pessoal ou o &#8220;filtro&#8221; de sua especialidade \u00e0 carta, elas produziram um rico panorama de respostas &#8211; t\u00e9cnicas, acad\u00eamicas, perform\u00e1ticas e emocionais &#8211; ao desafio da artista.<\/p>\n<p>Uma menina de nove anos achou o texto intrigante: &#8220;ele escreve para contar a ela que quer se separar. \u00c9 legal, mas complicado. Diz que a ama e quer se separar&#8221;. Enquanto a vis\u00e3o da psiquiatra diz n\u00e3o ver &#8220;raz\u00e3o para prescrever antidepressivos, a solu\u00e7\u00e3o apropriada n\u00e3o \u00e9 qu\u00edmica. Voc\u00ea est\u00e1 simplesmente triste&#8230; Estou certa de que voc\u00ea \u00e9 forte o suficiente para mudar e achar for\u00e7as para agir e reagir&#8221;.<\/p>\n<p>A id\u00e9ia de transformar dor de corno em arte n\u00e3o \u00e9 nova, e o resultado nem sempre \u00e9 genial, mas Sophie Calle excedeu. Afinal ela conta ter tido a id\u00e9ia de fazer esse trabalho apenas dois dias depois de ter recebido a mensagem. Ou seja, no auge da dor. N\u00e3o \u00e9 por acaso que a frase Cuide de Voc\u00ea serve de t\u00edtulo \u00e0 obra, &#8220;foram essas palavras que me deram o estalo para o trabalho&#8221;. Foi o m\u00e9todo que ela encontrou para cuidar de si: &#8220;reverter as coisas em minha vantagem, para n\u00e3o sofrer com elas&#8221;. E acrescenta, &#8220;recebi um email terminando um relacionamento. N\u00e3o sabia o que responder. Ele terminava com a frase Cuide de Voc\u00ea. Foi o que fiz&#8221;.<\/p>\n<p>O que mais me apaixona na trajet\u00f3ria de Sophie Calle \u00e9 que &#8220;sua busca art\u00edstica \u00e9, na ess\u00eancia, uma busca humana&#8221;, como bem disse Solange Farkas, o que torna a sua obra, que \u00e9 exemplo da mais instigante produ\u00e7\u00e3o contempor\u00e2nea, acess\u00edvel a grandes p\u00fablicos.<br \/>\nSophie Calle diz acreditar ser &#8220;mais f\u00e1cil realizar um projeto quando sofremos do que quando estamos felizes&#8221; e vai al\u00e9m, ao afirmar que n\u00e3o sabe o que prefere &#8220;estar feliz com um homem ou fazer uma boa exposi\u00e7\u00e3o.&#8221;<\/p>\n<p>Confesso que depois de ver Cuide de voc\u00ea, e mesmo sem querer desejar a infelicidade alheia, estou torcendo para que Sophie Calle opte sempre pela segunda op\u00e7\u00e3o.<\/p>\n<p>Baianos corram, tudo bem que voc\u00eas n\u00e3o s\u00e3o adeptos do esporte, mas acreditem vale a pena correr at\u00e9 o MAM da Bahia para ver Cuide de voc\u00ea \u00e0s margens da Ba\u00eda de Todos os Santos e voc\u00eas s\u00f3 tem at\u00e9 o dia 22 de novembro. \u00c9 para ontem&#8230;<\/p>\n","protected":false},"excerpt":{"rendered":"<p>Entrevista concedida para rep\u00f3rter Deolinda Vilhena, do Terra Magazine (Bob Fernandes), em Santos (SP), e publicada em 25 de setembro de 2009, sobre a exposi\u00e7\u00e3o Cuide de Voc\u00ea, de Sophie Calle. &nbsp; O fato de eu ter quase meio s\u00e9culo de vida faz com que eu seja de um tempo<\/p>\n","protected":false},"author":1,"featured_media":382,"comment_status":"open","ping_status":"open","sticky":false,"template":"","format":"standard","meta":[],"categories":[6],"tags":[],"_links":{"self":[{"href":"http:\/\/www.marciomeirelles.com.br\/site\/wp-json\/wp\/v2\/posts\/379"}],"collection":[{"href":"http:\/\/www.marciomeirelles.com.br\/site\/wp-json\/wp\/v2\/posts"}],"about":[{"href":"http:\/\/www.marciomeirelles.com.br\/site\/wp-json\/wp\/v2\/types\/post"}],"author":[{"embeddable":true,"href":"http:\/\/www.marciomeirelles.com.br\/site\/wp-json\/wp\/v2\/users\/1"}],"replies":[{"embeddable":true,"href":"http:\/\/www.marciomeirelles.com.br\/site\/wp-json\/wp\/v2\/comments?post=379"}],"version-history":[{"count":2,"href":"http:\/\/www.marciomeirelles.com.br\/site\/wp-json\/wp\/v2\/posts\/379\/revisions"}],"predecessor-version":[{"id":387,"href":"http:\/\/www.marciomeirelles.com.br\/site\/wp-json\/wp\/v2\/posts\/379\/revisions\/387"}],"wp:featuredmedia":[{"embeddable":true,"href":"http:\/\/www.marciomeirelles.com.br\/site\/wp-json\/wp\/v2\/media\/382"}],"wp:attachment":[{"href":"http:\/\/www.marciomeirelles.com.br\/site\/wp-json\/wp\/v2\/media?parent=379"}],"wp:term":[{"taxonomy":"category","embeddable":true,"href":"http:\/\/www.marciomeirelles.com.br\/site\/wp-json\/wp\/v2\/categories?post=379"},{"taxonomy":"post_tag","embeddable":true,"href":"http:\/\/www.marciomeirelles.com.br\/site\/wp-json\/wp\/v2\/tags?post=379"}],"curies":[{"name":"wp","href":"https:\/\/api.w.org\/{rel}","templated":true}]}}