{"id":384,"date":"2009-09-02T23:05:01","date_gmt":"2009-09-03T02:05:01","guid":{"rendered":"http:\/\/www.marciomeirelles.com.br\/site\/?p=384"},"modified":"2011-09-20T23:12:25","modified_gmt":"2011-09-21T02:12:25","slug":"novidades-da-semana-iguatemi-de-moda","status":"publish","type":"post","link":"http:\/\/www.marciomeirelles.com.br\/site\/2009\/09\/novidades-da-semana-iguatemi-de-moda\/","title":{"rendered":"Novidades da Semana Iguatemi de Moda"},"content":{"rendered":"<p><em>Sobre coletiva realizada na Pousada Convento do Carmo em 2 de setembro de 2009 que marcou a abertura da Semana Iguatemi de Moda. O secret\u00e1rio de Cultura do Estado da Bahia, Marcio Meirelles, participou da coletiva. Por Uran Rodrigues, do portal <a href=\"http:\/\/www.axezeiro.com.br\/noticia\/mat%C3%A9rias\/5747,novidades-da-semana-iguatemi-de-moda.html\" target=\"_blank\">Axezeiro.com<\/a>.<\/em><\/p>\n<p>&nbsp;<\/p>\n<p>O caf\u00e9 da manh\u00e3 assinado pelo Convento do Carmo na manh\u00e3 de hoje 02\/09 deu \u00e0s boas vindas a m\u00eddia nacional na coletiva imprensa realizada pela assessoria da SIM &#8211; Semana Iguatemi de Moda. O charmoso Casar\u00e3o Amarelo &#8211; espa\u00e7o rec\u00e9m-revitalizado e situado no largo do Santo Ant\u00f4nio &#8211; foi o local escolhido para abrigar a disputada coletiva que reuniu diversos profissionais da m\u00eddia televisiva, escrita e web para conhecer as novidades da Edi\u00e7\u00e3o 2009 da SIM.<\/p>\n<div id=\"attachment_385\" style=\"width: 310px\" class=\"wp-caption alignnone\"><a href=\"http:\/\/www.marciomeirelles.com.br\/site\/wp-content\/uploads\/2011\/09\/002026i.jpg\"><img aria-describedby=\"caption-attachment-385\" loading=\"lazy\" class=\"size-full wp-image-385\" title=\"002026i\" src=\"http:\/\/www.marciomeirelles.com.br\/site\/wp-content\/uploads\/2011\/09\/002026i.jpg\" alt=\"\" width=\"300\" height=\"250\" \/><\/a><p id=\"caption-attachment-385\" class=\"wp-caption-text\">Foto: Uran Rodrigues<\/p><\/div>\n<p>Al\u00e9m da imprensa, quem se fez presente foi o atual secret\u00e1rio de cultura do estado da Bahia, M\u00e1rcio Meirelles que mesmo com sua agenda apertada, reservou um pouco de seu tempo para cumprimentar aos presentes e demonstrar sua felicidade pela realiza\u00e7\u00e3o desse evento que j\u00e1 faz parte do circuito de moda do pa\u00eds.<\/p>\n<p>Inspirada no tema LIBERT\u00c9, a SIM, vestir\u00e1 a cidade, principalmente o bairro do Santo Antonio Al\u00e9m do Carmo, com toques de capoeira, uma das maiores express\u00f5es de liberdade de nosso povo. A novidade dessa edi\u00e7\u00e3o se dar\u00e1 na mescla da cultura francesa com a brasileira, juntamente por se tratar do ano da Fran\u00e7a no Brasil.<\/p>\n<p>O diretor art\u00edstico da SIM desde o ano 2001, o poderoso da moda Paulo Borges (criador da S\u00e3o Paulo Fashion Week), divulgou para a imprensa as principais novidades que a SIM trar\u00e1 na sua 15\u00aa edi\u00e7\u00e3o.<\/p>\n<p>Dentre as diversas novidades, a programa\u00e7\u00e3o deste ano ter\u00e1 al\u00e9m dos esperados desfiles individuais e um desfile coletivo, exposi\u00e7\u00f5es fotogr\u00e1ficas, promo\u00e7\u00f5es, shows, exibi\u00e7\u00f5es de filmes etc. Mas o principal diferencial em 2009 \u00e9 a ocupa\u00e7\u00e3o de espa\u00e7os urbanos que ser\u00e1 feita de modo bastante original no hist\u00f3rico e charmoso bairro do Santo Antonio Al\u00e9m do Carmo.<\/p>\n<p>A SIM 2009, trar\u00e1 v\u00e1rias marcas para desfilar durante os dias 23 e 24 de setembro, dentre elas: Levi\u2019s, Ellus, Osklen, Rosa Ch\u00e1, Calvin Klein Underwear, Renner e Riachuelo, s\u00e3o marcas que integram o line up dessa edi\u00e7\u00e3o.<\/p>\n<p>&nbsp;<\/p>\n","protected":false},"excerpt":{"rendered":"<p>Sobre coletiva realizada na Pousada Convento do Carmo em 2 de setembro de 2009 que marcou a abertura da Semana Iguatemi de Moda. O secret\u00e1rio de Cultura do Estado da Bahia, Marcio Meirelles, participou da coletiva. Por Uran Rodrigues, do portal Axezeiro.com. &nbsp; O caf\u00e9 da manh\u00e3 assinado pelo Convento<\/p>\n","protected":false},"author":1,"featured_media":385,"comment_status":"open","ping_status":"open","sticky":false,"template":"","format":"standard","meta":[],"categories":[6],"tags":[],"_links":{"self":[{"href":"http:\/\/www.marciomeirelles.com.br\/site\/wp-json\/wp\/v2\/posts\/384"}],"collection":[{"href":"http:\/\/www.marciomeirelles.com.br\/site\/wp-json\/wp\/v2\/posts"}],"about":[{"href":"http:\/\/www.marciomeirelles.com.br\/site\/wp-json\/wp\/v2\/types\/post"}],"author":[{"embeddable":true,"href":"http:\/\/www.marciomeirelles.com.br\/site\/wp-json\/wp\/v2\/users\/1"}],"replies":[{"embeddable":true,"href":"http:\/\/www.marciomeirelles.com.br\/site\/wp-json\/wp\/v2\/comments?post=384"}],"version-history":[{"count":1,"href":"http:\/\/www.marciomeirelles.com.br\/site\/wp-json\/wp\/v2\/posts\/384\/revisions"}],"predecessor-version":[{"id":386,"href":"http:\/\/www.marciomeirelles.com.br\/site\/wp-json\/wp\/v2\/posts\/384\/revisions\/386"}],"wp:featuredmedia":[{"embeddable":true,"href":"http:\/\/www.marciomeirelles.com.br\/site\/wp-json\/wp\/v2\/media\/385"}],"wp:attachment":[{"href":"http:\/\/www.marciomeirelles.com.br\/site\/wp-json\/wp\/v2\/media?parent=384"}],"wp:term":[{"taxonomy":"category","embeddable":true,"href":"http:\/\/www.marciomeirelles.com.br\/site\/wp-json\/wp\/v2\/categories?post=384"},{"taxonomy":"post_tag","embeddable":true,"href":"http:\/\/www.marciomeirelles.com.br\/site\/wp-json\/wp\/v2\/tags?post=384"}],"curies":[{"name":"wp","href":"https:\/\/api.w.org\/{rel}","templated":true}]}}