{"id":391,"date":"2010-02-15T23:18:57","date_gmt":"2010-02-16T02:18:57","guid":{"rendered":"http:\/\/www.marciomeirelles.com.br\/site\/?p=391"},"modified":"2011-09-20T23:21:03","modified_gmt":"2011-09-21T02:21:03","slug":"secretario-marcio-meirelles-critica-projetos-de-joao-henrique","status":"publish","type":"post","link":"http:\/\/www.marciomeirelles.com.br\/site\/2010\/02\/secretario-marcio-meirelles-critica-projetos-de-joao-henrique\/","title":{"rendered":"Secret\u00e1rio Marcio Meirelles critica projetos de Jo\u00e3o Henrique"},"content":{"rendered":"<p><em>Mat\u00e9ria publicada no <a href=\"http:\/\/atarde.com.br\/carnaval\/noticia.jsf?id=1384253\" target=\"_blank\">jornal A Tarde<\/a>, em 15 de fevereiro de 2010. Por Regina Bochicchio.<\/em><\/p>\n<p>&nbsp;<\/p>\n<p>Paramentado como Filho de Gandhy, o secret\u00e1rio de cultura do Estado, Marcio Meirelles, curtiu a madrugada desta segunda-feira, 15, no camarote Expresso 2222 (Barra) e comentou a pesquisa feita sobre Carnaval &#8211; dando conta que somente 19% dos soteropolitanos curtem a festa. Na oportunidade, ele aproveitou para criticar a aus\u00eancia de planejamento urbano para a capital baiana e de debates para a formata\u00e7\u00e3o dos 22 projetos apresentados pelo prefeito Jo\u00e3o Henrique Carneiro (PMDB), h\u00e1 duas semanas.<\/p>\n<p>Entre os projetos apresentados pela Prefeitura est\u00e1, por exemplo, a ponte que dever\u00e1 passar sobre o Parque Metropolitano de Pitua\u00e7u, \u00e1rea de preserva\u00e7\u00e3o ambiental. \u201cEu acho perigoso um plano apresentado sem discuss\u00f5es. Salvador precisa de um plano diretor que contemple as mudan\u00e7as da cidade, feito por gente que entenda disso, que d\u00ea conta das culturas, territ\u00f3rios, topografia e tudo mais. Falta um pensamento geral para a cidade\u201d, disse o secret\u00e1rio.<\/p>\n<p>Meirelles comparou o que se fez em Salvador com a \u201cboa execu\u00e7\u00e3o de um bom plano diretor\u201d de Aracaju (Sergipe), feito por Marcelo D\u00e9da (PT), ex-prefeito da capital sergipana e atual governador daquele Estado. Questionado, o secret\u00e1rio disse, referindo-se \u00e0s declara\u00e7\u00f5es do prefeito Jo\u00e3o Henrique (PMDB), dias antes do Carnaval, que afirmou que a cidade \u00e9 suja porque as pessoas s\u00e3o mal-educadas, que \u201cquem diz isso se culpa, porque educa\u00e7\u00e3o \u00e9 um dever do estado e munic\u00edpio; dever essencial e que o Estado tem a obriga\u00e7\u00e3o de prover\u201d.<\/p>\n","protected":false},"excerpt":{"rendered":"<p>Mat\u00e9ria publicada no jornal A Tarde, em 15 de fevereiro de 2010. Por Regina Bochicchio. &nbsp; Paramentado como Filho de Gandhy, o secret\u00e1rio de cultura do Estado, Marcio Meirelles, curtiu a madrugada desta segunda-feira, 15, no camarote Expresso 2222 (Barra) e comentou a pesquisa feita sobre Carnaval &#8211; dando conta<\/p>\n","protected":false},"author":1,"featured_media":0,"comment_status":"open","ping_status":"open","sticky":false,"template":"","format":"standard","meta":[],"categories":[6],"tags":[],"_links":{"self":[{"href":"http:\/\/www.marciomeirelles.com.br\/site\/wp-json\/wp\/v2\/posts\/391"}],"collection":[{"href":"http:\/\/www.marciomeirelles.com.br\/site\/wp-json\/wp\/v2\/posts"}],"about":[{"href":"http:\/\/www.marciomeirelles.com.br\/site\/wp-json\/wp\/v2\/types\/post"}],"author":[{"embeddable":true,"href":"http:\/\/www.marciomeirelles.com.br\/site\/wp-json\/wp\/v2\/users\/1"}],"replies":[{"embeddable":true,"href":"http:\/\/www.marciomeirelles.com.br\/site\/wp-json\/wp\/v2\/comments?post=391"}],"version-history":[{"count":1,"href":"http:\/\/www.marciomeirelles.com.br\/site\/wp-json\/wp\/v2\/posts\/391\/revisions"}],"predecessor-version":[{"id":392,"href":"http:\/\/www.marciomeirelles.com.br\/site\/wp-json\/wp\/v2\/posts\/391\/revisions\/392"}],"wp:attachment":[{"href":"http:\/\/www.marciomeirelles.com.br\/site\/wp-json\/wp\/v2\/media?parent=391"}],"wp:term":[{"taxonomy":"category","embeddable":true,"href":"http:\/\/www.marciomeirelles.com.br\/site\/wp-json\/wp\/v2\/categories?post=391"},{"taxonomy":"post_tag","embeddable":true,"href":"http:\/\/www.marciomeirelles.com.br\/site\/wp-json\/wp\/v2\/tags?post=391"}],"curies":[{"name":"wp","href":"https:\/\/api.w.org\/{rel}","templated":true}]}}