{"id":393,"date":"2010-12-07T23:21:38","date_gmt":"2010-12-08T02:21:38","guid":{"rendered":"http:\/\/www.marciomeirelles.com.br\/site\/?p=393"},"modified":"2011-09-20T23:24:58","modified_gmt":"2011-09-21T02:24:58","slug":"cena-lusofona-assina-protocolo-com-a-secretaria-de-estado-da-bahia","status":"publish","type":"post","link":"http:\/\/www.marciomeirelles.com.br\/site\/2010\/12\/cena-lusofona-assina-protocolo-com-a-secretaria-de-estado-da-bahia\/","title":{"rendered":"Cena Lus\u00f3fona assina protocolo com a secretaria de Estado da Bahia"},"content":{"rendered":"<p><em>Not\u00edcia publicada no <a href=\"http:\/\/www.cenalusofona.pt\/cenaberta\/detalhe.asp?id=639&amp;idcanal=1\" target=\"_blank\">site portugu\u00eas Cena Aberta<\/a>, em 7 de dezembro de 2010, sobre um protocolo de inten\u00e7\u00f5es assinada pela Cena Lus\u00f3fona com a Secretaria de Estado da Bahia, para forma\u00e7\u00e3o, interc\u00e2mbio e circula\u00e7\u00e3o de artistas e apresenta\u00e7\u00f5es durante o &#8220;Ano de Portugal no Brasil&#8221; e o &#8220;Ano do Brasil em Portugal&#8221;, a ocorrer em 2012.<\/em><\/p>\n<p>&nbsp;<\/p>\n<p>&nbsp;<\/p>\n<p>A assinatura ocorreu em Salvador, na sequ\u00eancia de uma visita de uma delega\u00e7\u00e3o da Cena Lus\u00f3fona \u00e0 capital baiana, ap\u00f3s a realiza\u00e7\u00e3o do II Encontro Internacional sobre Pol\u00edticas de Interc\u00e2mbio (Teresina, Piau\u00ed, 15 a 17 de Novembro). O protocolo tem em conta &#8220;o Tratado de Amizade, Coopera\u00e7\u00e3o e Consulta entre a Rep\u00fablica Federativa do Brasil e a Rep\u00fablica Portuguesa, celebrado em Porto Seguro em 22 de abril de 2000&#8221; e formaliza a &#8220;inten\u00e7\u00e3o dos seus signat\u00e1rios de viabilizar a realiza\u00e7\u00e3o de ac\u00e7\u00f5es, visando interc\u00e2mbio, difus\u00e3o e coopera\u00e7\u00e3o cultural&#8221;.<\/p>\n<p>M\u00e1rcio Meirelles, pela Secretaria de Estado da Cultura da Bahia, e Ant\u00f3nio Augusto Barros, pela Cena Lus\u00f3fona, definem cinco conjuntos de ac\u00e7\u00f5es concretas a realizar nos pr\u00f3ximos anos: promover Est\u00e1gios Internacionais de Atores Lus\u00f3fonos com o objectivo de aprofundar a forma\u00e7\u00e3o de jovens actores da CPLP em \u00e1reas espec\u00edficas; favorecer o interc\u00e2mbio de artistas e de grupos art\u00edsticos para a realiza\u00e7\u00e3o de resid\u00eancias nos territ\u00f3rios dos pa\u00edses da CPLP; articular a participa\u00e7\u00e3o de artistas e profissionais da cultura dos seus pa\u00edses e dos demais pa\u00edses membros da CPLP em festivais, espect\u00e1culos, oficinas e outros eventos a serem realizados no territ\u00f3rio da outra parte; promover semin\u00e1rios, cursos, debates e encontros para a produ\u00e7\u00e3o cultural dos dois pa\u00edses; e prop\u00f4r projectos conjuntos para o Ano do Brasil em Portugal e o de Portugal no Brasil, a serem realizados em 2012.<\/p>\n<p>O protocolo \u00e9 v\u00e1lido por tr\u00eas anos e prev\u00ea a imediata celebra\u00e7\u00e3o de um plano de trabalho conjunto, de forma a viabilizar a realiza\u00e7\u00e3o das ac\u00e7\u00f5es previstas no acordo.<\/p>\n<p>&nbsp;<\/p>\n","protected":false},"excerpt":{"rendered":"<p>Not\u00edcia publicada no site portugu\u00eas Cena Aberta, em 7 de dezembro de 2010, sobre um protocolo de inten\u00e7\u00f5es assinada pela Cena Lus\u00f3fona com a Secretaria de Estado da Bahia, para forma\u00e7\u00e3o, interc\u00e2mbio e circula\u00e7\u00e3o de artistas e apresenta\u00e7\u00f5es durante o &#8220;Ano de Portugal no Brasil&#8221; e o &#8220;Ano do Brasil<\/p>\n","protected":false},"author":1,"featured_media":0,"comment_status":"open","ping_status":"open","sticky":false,"template":"","format":"standard","meta":[],"categories":[6],"tags":[],"_links":{"self":[{"href":"http:\/\/www.marciomeirelles.com.br\/site\/wp-json\/wp\/v2\/posts\/393"}],"collection":[{"href":"http:\/\/www.marciomeirelles.com.br\/site\/wp-json\/wp\/v2\/posts"}],"about":[{"href":"http:\/\/www.marciomeirelles.com.br\/site\/wp-json\/wp\/v2\/types\/post"}],"author":[{"embeddable":true,"href":"http:\/\/www.marciomeirelles.com.br\/site\/wp-json\/wp\/v2\/users\/1"}],"replies":[{"embeddable":true,"href":"http:\/\/www.marciomeirelles.com.br\/site\/wp-json\/wp\/v2\/comments?post=393"}],"version-history":[{"count":2,"href":"http:\/\/www.marciomeirelles.com.br\/site\/wp-json\/wp\/v2\/posts\/393\/revisions"}],"predecessor-version":[{"id":395,"href":"http:\/\/www.marciomeirelles.com.br\/site\/wp-json\/wp\/v2\/posts\/393\/revisions\/395"}],"wp:attachment":[{"href":"http:\/\/www.marciomeirelles.com.br\/site\/wp-json\/wp\/v2\/media?parent=393"}],"wp:term":[{"taxonomy":"category","embeddable":true,"href":"http:\/\/www.marciomeirelles.com.br\/site\/wp-json\/wp\/v2\/categories?post=393"},{"taxonomy":"post_tag","embeddable":true,"href":"http:\/\/www.marciomeirelles.com.br\/site\/wp-json\/wp\/v2\/tags?post=393"}],"curies":[{"name":"wp","href":"https:\/\/api.w.org\/{rel}","templated":true}]}}