{"id":419,"date":"2011-01-28T01:40:23","date_gmt":"2011-01-28T04:40:23","guid":{"rendered":"http:\/\/www.marciomeirelles.com.br\/site\/?p=419"},"modified":"2011-09-21T01:45:40","modified_gmt":"2011-09-21T04:45:40","slug":"marcio-meirelles-tive-de-pular-muitas-pocas-de-lama","status":"publish","type":"post","link":"http:\/\/www.marciomeirelles.com.br\/site\/2011\/01\/marcio-meirelles-tive-de-pular-muitas-pocas-de-lama\/","title":{"rendered":"Marcio Meirelles: &#8220;Tive de pular muitas po\u00e7as de lama&#8221;"},"content":{"rendered":"<p><em>Mat\u00e9ria publicada no Terra Magazine (Bob Fernandes), escrita por Deolinda Vilhena, de Salvador (BA), e publicada em 28 de janeiro de 2011.<\/em><\/p>\n<div id=\"attachment_420\" style=\"width: 310px\" class=\"wp-caption alignnone\"><a href=\"http:\/\/www.marciomeirelles.com.br\/site\/wp-content\/uploads\/2011\/09\/1766157-5941-it2.jpg\"><img aria-describedby=\"caption-attachment-420\" loading=\"lazy\" class=\"size-medium wp-image-420\" title=\"1766157-5941-it2\" src=\"http:\/\/www.marciomeirelles.com.br\/site\/wp-content\/uploads\/2011\/09\/1766157-5941-it2-300x169.jpg\" alt=\"\" width=\"300\" height=\"169\" srcset=\"http:\/\/www.marciomeirelles.com.br\/site\/wp-content\/uploads\/2011\/09\/1766157-5941-it2-300x169.jpg 300w, http:\/\/www.marciomeirelles.com.br\/site\/wp-content\/uploads\/2011\/09\/1766157-5941-it2.jpg 514w\" sizes=\"(max-width: 300px) 100vw, 300px\" \/><\/a><p id=\"caption-attachment-420\" class=\"wp-caption-text\">Quatro momentos de M\u00e1rcio Meirelles (Fotos: Divulga\u00e7\u00e3o)<\/p><\/div>\n<p>H\u00e1 momentos na vida em que invejo o poder divino da onipresen\u00e7a&#8230;Segunda-feira passada foi um desses dias&#8230;M\u00e1rcio Meirelles passava o cargo de Secret\u00e1rio da Cultura da Bahia ao professor Albino Rubim em cerim\u00f4nia no Pal\u00e1cio Rio Branco, em Salvador. E eu n\u00e3o pude estar l\u00e1 para abra\u00e7ar meu amigo, dizer-lhe do orgulho que tinha do trabalho por ele realizado como secret\u00e1rio de uma pasta pobre, inexistente na maioria das vezes quando n\u00e3o existe voluntarismo pol\u00edtico, e mais, dizer-lhe da minha alegria por saber que a partir de agora vamos nos ver mais vezes e quem sabe realizar alguns sonhos juntos.<\/p>\n<p>Quis a vida que acompanhasse bem de perto e desde setembro de 2008 os caminhos de M\u00e1rcio \u00e0 frente da SECULT. Deus e o mundo sabem das minhas diverg\u00eancias com as pol\u00edticas adotadas pelo PT e pelo modo petista de ser, sou PSDB de carteirinha e pequeno burguesa assumida, mas nem eu nos meus piores dias de ira contra o PT consegui entender o massacre imposto por parte da pr\u00f3pria classe art\u00edstica baiana a um deles. Porque M\u00e1rcio esteve secret\u00e1rio por quatro anos, mas \u00e9 artista desde sempre.<\/p>\n<p>M\u00e1rcio teve a honra de ser o primeiro secret\u00e1rio de cultura da Bahia, a pasta n\u00e3o existia, foi criada na primeira gest\u00e3o de Jaques Wagner, isso em si \u00e9 motivo de festa. E mais, M\u00e1rcio ousou desacatar a ordem pr\u00e9-estabelecida pelos senhores de engenho e pelos coron\u00e9is ainda em atividade no nosso Brasil ou pelas vi\u00favas dos mesmos.<\/p>\n<p>O lugar da cultura ainda \u00e9 bastante obscuro para os pol\u00edticos desse Brasil, a prova? Na transmiss\u00e3o do cargo o Governador Jaques Wagner n\u00e3o estava presente. N\u00e3o sei se ele esteve na posse de M\u00e1rcio quando foi implantada a Secretaria de Cultura. Mas essas aus\u00eancias me d\u00e3o a exata no\u00e7\u00e3o do peso que a cultura tem na hist\u00f3ria desse pa\u00eds&#8230;Transcrevo aqui trechos do discurso final de M\u00e1rcio Meirelles e espero que o tempo d\u00ea a ele seu merecido lugar no pante\u00e3o da hist\u00f3ria da cultura baiana.<\/p>\n<p>&#8220;Naquele janeiro de 2007 chovia e tinha muita lama na vila Nova Esperan\u00e7a, mas sete secret\u00e1rios e a primeira dama estavam naquela comunidade onde o Estado nunca esteve, a n\u00e3o ser atrav\u00e9s da pol\u00edcia. No dia seguinte um jornal estampava, na primeira p\u00e1gina, uma foto onde eu, no ar, pulava uma po\u00e7a de lama. Foi o que fiz muitas vezes durante a gest\u00e3o. Tive que pular muitas po\u00e7as de lama. (&#8230;) Coloquei o capital simb\u00f3lico de meus 35 anos de vida p\u00fablica como trabalhador da cultura a um projeto pol\u00edtico, no qual acredito e continuo engajado, onde quer que eu esteja, trabalhando para que continue a dar certo. Acredito porque este sempre foi tamb\u00e9m o meu projeto pol\u00edtico, como artista: descentralizar, democratizar o acesso, construir redes, sistemas, ouvir, trabalhar coletivamente. (&#8230;) Para isso deslocamos o olhar para os 26 territ\u00f3rios de identidade, para os 417 munic\u00edpios, para os 14 milh\u00f5es de cidad\u00e3os baianos, todos eles produtores culturais, todos com direito constitucional de acesso \u00e0 cultura, como \u00e0 educa\u00e7\u00e3o e \u00e0 sa\u00fade. N\u00e3o \u00e9 poss\u00edvel se pensar em pol\u00edticas p\u00fablicas para a Cultura cujo centro sejam os artistas e n\u00e3o os cidad\u00e3os. \u00c9 como se Educa\u00e7\u00e3o tivesse como meta atender aos professores e a Sa\u00fade aos m\u00e9dicos. Todos eles &#8211; professores, m\u00e9dicos, artistas &#8211; s\u00e3o agentes das pol\u00edticas do Estado para promover o desenvolvimento e bem estar da popula\u00e7\u00e3o. E n\u00e3o pode ser de outra forma.<\/p>\n<p>Albino, a Secretaria da Cultura, tem tr\u00eas grandes desafios, neste segundo mandato do governador Jaques Wagner: aproximar-se mais da Educa\u00e7\u00e3o, para que a musculatura desenvolvida pela produ\u00e7\u00e3o cultural baiana tenha eco e retorno; preparar o estado para que o legado da copa, no campo da engenharia do espet\u00e1culo, seja estruturante para nossa economia; e consolidar muito do que foi feito, come\u00e7ando pela aprova\u00e7\u00e3o da Lei Org\u00e2nica da Cultura, que est\u00e1 na Casa Civil, e a seguir, cuidando da reestrutura\u00e7\u00e3o da secretaria para que ela esteja apta a atender de fato \u00e0 Cultura baiana em todas as suas dimens\u00f5es. Isso, como a reurbaiza\u00e7\u00e3o da Rocinha, n\u00e3o foi poss\u00edvel fazer.<\/p>\n<p>Cabe a voc\u00ea agora levar adiante essa jovem secretaria, de apenas quatro anos, Albino. \u00c9 p\u00fablica a minha admira\u00e7\u00e3o pelo seu pensamento, sua compet\u00eancia e seu trabalho. Como \u00e9 p\u00fablico o meu respeito e carinho \u00e0 sua pessoa. Conte comigo como amigo e pe\u00e3o, no que for preciso. (&#8230;) \u00c9 engra\u00e7ado: agora volto para o meu lugar de artista, de onde nunca sa\u00ed, e saio do lugar de pol\u00edtico, coisa que um artista n\u00e3o deixa nunca de ser.&#8221;.<\/p>\n<p>Depende do artista M\u00e1rcio, depende do artista&#8230;nem todo mundo \u00e9 Mnouchkine:) No mais t\u00f4 contando os dias para gente tomar um champagne dos bons para comemorar a vida&#8230;me aguarde!<\/p>\n","protected":false},"excerpt":{"rendered":"<p>Mat\u00e9ria publicada no Terra Magazine (Bob Fernandes), escrita por Deolinda Vilhena, de Salvador (BA), e publicada em 28 de janeiro de 2011. H\u00e1 momentos na vida em que invejo o poder divino da onipresen\u00e7a&#8230;Segunda-feira passada foi um desses dias&#8230;M\u00e1rcio Meirelles passava o cargo de Secret\u00e1rio da Cultura da Bahia ao<\/p>\n","protected":false},"author":1,"featured_media":420,"comment_status":"open","ping_status":"open","sticky":false,"template":"","format":"standard","meta":[],"categories":[6],"tags":[],"_links":{"self":[{"href":"http:\/\/www.marciomeirelles.com.br\/site\/wp-json\/wp\/v2\/posts\/419"}],"collection":[{"href":"http:\/\/www.marciomeirelles.com.br\/site\/wp-json\/wp\/v2\/posts"}],"about":[{"href":"http:\/\/www.marciomeirelles.com.br\/site\/wp-json\/wp\/v2\/types\/post"}],"author":[{"embeddable":true,"href":"http:\/\/www.marciomeirelles.com.br\/site\/wp-json\/wp\/v2\/users\/1"}],"replies":[{"embeddable":true,"href":"http:\/\/www.marciomeirelles.com.br\/site\/wp-json\/wp\/v2\/comments?post=419"}],"version-history":[{"count":1,"href":"http:\/\/www.marciomeirelles.com.br\/site\/wp-json\/wp\/v2\/posts\/419\/revisions"}],"predecessor-version":[{"id":421,"href":"http:\/\/www.marciomeirelles.com.br\/site\/wp-json\/wp\/v2\/posts\/419\/revisions\/421"}],"wp:featuredmedia":[{"embeddable":true,"href":"http:\/\/www.marciomeirelles.com.br\/site\/wp-json\/wp\/v2\/media\/420"}],"wp:attachment":[{"href":"http:\/\/www.marciomeirelles.com.br\/site\/wp-json\/wp\/v2\/media?parent=419"}],"wp:term":[{"taxonomy":"category","embeddable":true,"href":"http:\/\/www.marciomeirelles.com.br\/site\/wp-json\/wp\/v2\/categories?post=419"},{"taxonomy":"post_tag","embeddable":true,"href":"http:\/\/www.marciomeirelles.com.br\/site\/wp-json\/wp\/v2\/tags?post=419"}],"curies":[{"name":"wp","href":"https:\/\/api.w.org\/{rel}","templated":true}]}}