{"id":440,"date":"2001-04-21T02:19:55","date_gmt":"2001-04-21T05:19:55","guid":{"rendered":"http:\/\/www.marciomeirelles.com.br\/site\/?p=440"},"modified":"2011-09-21T02:24:44","modified_gmt":"2011-09-21T05:24:44","slug":"teatro-olodum","status":"publish","type":"post","link":"http:\/\/www.marciomeirelles.com.br\/site\/2001\/04\/teatro-olodum\/","title":{"rendered":"Teatro Olodum"},"content":{"rendered":"<p><em>Nota publicada na revista Ra\u00e7a Brasil, n\u00famero 56, de abril de 2001.<\/em><\/p>\n<p><a href=\"http:\/\/www.marciomeirelles.com.br\/site\/wp-content\/uploads\/2011\/09\/012.jpg\" target=\"_blank\">Clique para baixar fac-s\u00edmile da p\u00e1gina<\/a><\/p>\n<p>&nbsp;<\/p>\n<p>Depois de fazer sucesso com a pe\u00e7a Caber\u00e9 da Ra\u00e7a, inspirada na revista Ra\u00e7a Brasil, o Bando Teatro Olodum prepara um novo espet\u00e1culo em Salvador. Sob coordena\u00e7\u00e3o do diretor M\u00e1rcio Meirelles, o grupo de atores negros vai mostrar o caminho percorrido pelos africanos no Brasil num musical. Para comemorar dez anos de estrada, o bando tem outras novidades: &#8220;O lan\u00e7amento do livro que conta a nossa hist\u00f3ria e a remontagem de \u00d3, Pai \u00d3, nossa terceira pe\u00e7a&#8221;, adianta M\u00e1rcio Meirelles.<\/p>\n","protected":false},"excerpt":{"rendered":"<p>Nota publicada na revista Ra\u00e7a Brasil, n\u00famero 56, de abril de 2001. Clique para baixar fac-s\u00edmile da p\u00e1gina &nbsp; Depois de fazer sucesso com a pe\u00e7a Caber\u00e9 da Ra\u00e7a, inspirada na revista Ra\u00e7a Brasil, o Bando Teatro Olodum prepara um novo espet\u00e1culo em Salvador. Sob coordena\u00e7\u00e3o do diretor M\u00e1rcio Meirelles,<\/p>\n","protected":false},"author":1,"featured_media":441,"comment_status":"open","ping_status":"open","sticky":false,"template":"","format":"standard","meta":[],"categories":[6],"tags":[],"_links":{"self":[{"href":"http:\/\/www.marciomeirelles.com.br\/site\/wp-json\/wp\/v2\/posts\/440"}],"collection":[{"href":"http:\/\/www.marciomeirelles.com.br\/site\/wp-json\/wp\/v2\/posts"}],"about":[{"href":"http:\/\/www.marciomeirelles.com.br\/site\/wp-json\/wp\/v2\/types\/post"}],"author":[{"embeddable":true,"href":"http:\/\/www.marciomeirelles.com.br\/site\/wp-json\/wp\/v2\/users\/1"}],"replies":[{"embeddable":true,"href":"http:\/\/www.marciomeirelles.com.br\/site\/wp-json\/wp\/v2\/comments?post=440"}],"version-history":[{"count":1,"href":"http:\/\/www.marciomeirelles.com.br\/site\/wp-json\/wp\/v2\/posts\/440\/revisions"}],"predecessor-version":[{"id":442,"href":"http:\/\/www.marciomeirelles.com.br\/site\/wp-json\/wp\/v2\/posts\/440\/revisions\/442"}],"wp:featuredmedia":[{"embeddable":true,"href":"http:\/\/www.marciomeirelles.com.br\/site\/wp-json\/wp\/v2\/media\/441"}],"wp:attachment":[{"href":"http:\/\/www.marciomeirelles.com.br\/site\/wp-json\/wp\/v2\/media?parent=440"}],"wp:term":[{"taxonomy":"category","embeddable":true,"href":"http:\/\/www.marciomeirelles.com.br\/site\/wp-json\/wp\/v2\/categories?post=440"},{"taxonomy":"post_tag","embeddable":true,"href":"http:\/\/www.marciomeirelles.com.br\/site\/wp-json\/wp\/v2\/tags?post=440"}],"curies":[{"name":"wp","href":"https:\/\/api.w.org\/{rel}","templated":true}]}}