{"id":451,"date":"2008-08-04T12:40:34","date_gmt":"2008-08-04T15:40:34","guid":{"rendered":"http:\/\/www.marciomeirelles.com.br\/site\/?p=451"},"modified":"2011-09-22T12:45:14","modified_gmt":"2011-09-22T15:45:14","slug":"carta-aberta-aos-senhores-sylvio-simoes-florisval-do-mattos-e-edivaldo-boaventura","status":"publish","type":"post","link":"http:\/\/www.marciomeirelles.com.br\/site\/2008\/08\/carta-aberta-aos-senhores-sylvio-simoes-florisval-do-mattos-e-edivaldo-boaventura\/","title":{"rendered":"Carta aberta aos senhores Sylvio Sim\u00f5es, Florisval do Mattos e Edivaldo Boaventura"},"content":{"rendered":"<p><em>Escrito por Marcio Meirelles, em 4 de agosto de 2008.<\/em><\/p>\n<p>&nbsp;<\/p>\n<p>Prezados amigos,<\/p>\n<p>Dirijo-me a voc\u00eas atrav\u00e9s desta carta aberta porque acredito que alguns valores podem ser preservados e um jornal como A TARDE tem hist\u00f3ria e patrim\u00f4nio para reagir ao desmoronamento dos princ\u00edpios \u00e9ticos que devem reger a imprensa, servi\u00e7o p\u00fablico e &#8220;quarto poder&#8221;.<\/p>\n<p>Os poderes trazem responsabilidade. E o poder de um jornal \u00e9 o de construir uma sociedade mais justa atrav\u00e9s da informa\u00e7\u00e3o, da difus\u00e3o de opini\u00f5es, do questionamento, da cobran\u00e7a, da reflex\u00e3o. N\u00e3o acredito que a nota &#8220;Namoro p\u00e1ra o tr\u00e2nsito&#8221;, publicada no \u00faltimo s\u00e1bado (2\/08), na coluna Tempo Presente, seja ve\u00edculo de nada disso.<\/p>\n<p>Imagino que quem a escreveu deve ter se divertido com o fato. Mas a nota constrangeu uma fam\u00edlia, desrespeitou uma mulher, difamou um homem s\u00e9rio. Esses valores t\u00eam sido negligenciados e banalizados nestes tempos que correm. Tempos em que nos queixamos da viol\u00eancia sem percebermos que viol\u00eancia \u00e9 exatamente a destrui\u00e7\u00e3o de valores.<\/p>\n<p>Algu\u00e9m que tem o privil\u00e9gio de escrever em um jornal deve ser minimamente informado. Logo, devo deduzir que a referida nota tinha a inten\u00e7\u00e3o de atacar um homem p\u00fablico, casado, sugerindo que um carro oficial estava sendo usado para encontros amorosos. Acontece que a &#8220;bela morena, estilo tropical&#8221;, a qual o colunista se refere, de forma preconceituosa, \u00e9 minha mulher, com quem sou casado h\u00e1 doze anos, e a quem convidei para um almo\u00e7o com os respons\u00e1veis por um momento important\u00edssimo e feliz, a implanta\u00e7\u00e3o das C\u00e2maras Tem\u00e1ticas para reabilita\u00e7\u00e3o do Centro Antigo.<\/p>\n<p>Quis partilhar esse momento com minha companheira, a core\u00f3grafa Cristina Castro, que tamb\u00e9m \u00e9 uma artista e personalidade p\u00fablica. Despedia-me, depois do almo\u00e7o, antes de entrar no carro para ir trabalhar, \u00e0s duas horas da tarde, em frente ao Passeio P\u00fablico, no local onde carros e t\u00e1xis costumam parar para que pessoas entrem ou saiam daquele jardim, por uma fra\u00e7\u00e3o de tempo m\u00ednima, necess\u00e1ria para que eu me despedisse, tocando o rosto de Cristina, e sa\u00edsse rumo ao meu trabalho.<\/p>\n<p>Qual o prop\u00f3sito da nota apressada e difamat\u00f3ria? Informar \u00e0 popula\u00e7\u00e3o que o secret\u00e1rio de Cultura usa o carro oficial indevidamente? Seria importante, se fosse verdade. Mas como informa\u00e7\u00e3o apressada, desqualifica o informante, desacredita a imprensa. E o que gerou? O constrangimento da minha fam\u00edlia e amigos. O desrespeito a uma artista, ao coloc\u00e1-la no anonimato de adjetivos com nuances de preconceito machista, e a uma mulher, por promover sua exposi\u00e7\u00e3o como esposa tra\u00edda por ela mesma. Al\u00e9m da difama\u00e7\u00e3o de algu\u00e9m que tem princ\u00edpios, como os senhores sabem, por me conhecerem h\u00e1 muito tempo \u2013 e \u00e9 justamente por esse motivo que os escolhi como destinat\u00e1rios desta carta. E porque acredito que os meios de comunica\u00e7\u00e3o n\u00e3o podem deixar de ser um servi\u00e7o de utilidade p\u00fablica, um instrumento de constru\u00e7\u00e3o, para se tornar um ve\u00edculo de ataques pessoais.<\/p>\n<p>N\u00e3o tenho problemas em ver meu trabalho criticado. Acredito que as cr\u00edticas servem para que se possa fazer melhor o que se faz. Acredito firmemente que a imprensa tem um papel fundamental, na sociedade, como poder p\u00fablico de acompanhamento e controle do que \u00e9 publico. Estou sempre disposto a debater as pol\u00edticas da Secretaria, seus programas e a\u00e7\u00f5es, aprender com as cr\u00edticas e estar atento para as falhas e para os caminhos apontados pelas not\u00edcias e artigos. Mas, num mundo em que s\u00e3o t\u00e3o poucas as coisas ainda confi\u00e1veis, n\u00e3o deixem que a imprensa, ou pelo menos A TARDE, abandone a luta por valores e pela n\u00e3o viol\u00eancia.<\/p>\n<p>Atenciosamente,<\/p>\n<p>M\u00e1rcio Meirelles \u2013 cidad\u00e3o<\/p>\n<p>&nbsp;<\/p>\n","protected":false},"excerpt":{"rendered":"<p>Escrito por Marcio Meirelles, em 4 de agosto de 2008. &nbsp; Prezados amigos, Dirijo-me a voc\u00eas atrav\u00e9s desta carta aberta porque acredito que alguns valores podem ser preservados e um jornal como A TARDE tem hist\u00f3ria e patrim\u00f4nio para reagir ao desmoronamento dos princ\u00edpios \u00e9ticos que devem reger a imprensa,<\/p>\n","protected":false},"author":1,"featured_media":0,"comment_status":"open","ping_status":"open","sticky":false,"template":"","format":"standard","meta":[],"categories":[7],"tags":[],"_links":{"self":[{"href":"http:\/\/www.marciomeirelles.com.br\/site\/wp-json\/wp\/v2\/posts\/451"}],"collection":[{"href":"http:\/\/www.marciomeirelles.com.br\/site\/wp-json\/wp\/v2\/posts"}],"about":[{"href":"http:\/\/www.marciomeirelles.com.br\/site\/wp-json\/wp\/v2\/types\/post"}],"author":[{"embeddable":true,"href":"http:\/\/www.marciomeirelles.com.br\/site\/wp-json\/wp\/v2\/users\/1"}],"replies":[{"embeddable":true,"href":"http:\/\/www.marciomeirelles.com.br\/site\/wp-json\/wp\/v2\/comments?post=451"}],"version-history":[{"count":1,"href":"http:\/\/www.marciomeirelles.com.br\/site\/wp-json\/wp\/v2\/posts\/451\/revisions"}],"predecessor-version":[{"id":452,"href":"http:\/\/www.marciomeirelles.com.br\/site\/wp-json\/wp\/v2\/posts\/451\/revisions\/452"}],"wp:attachment":[{"href":"http:\/\/www.marciomeirelles.com.br\/site\/wp-json\/wp\/v2\/media?parent=451"}],"wp:term":[{"taxonomy":"category","embeddable":true,"href":"http:\/\/www.marciomeirelles.com.br\/site\/wp-json\/wp\/v2\/categories?post=451"},{"taxonomy":"post_tag","embeddable":true,"href":"http:\/\/www.marciomeirelles.com.br\/site\/wp-json\/wp\/v2\/tags?post=451"}],"curies":[{"name":"wp","href":"https:\/\/api.w.org\/{rel}","templated":true}]}}