{"id":457,"date":"2010-11-22T12:48:46","date_gmt":"2010-11-22T15:48:46","guid":{"rendered":"http:\/\/www.marciomeirelles.com.br\/site\/?p=457"},"modified":"2014-03-23T22:28:08","modified_gmt":"2014-03-24T01:28:08","slug":"introducao-revista-infocultura-v-2-n-5","status":"publish","type":"post","link":"http:\/\/www.marciomeirelles.com.br\/site\/2010\/11\/introducao-revista-infocultura-v-2-n-5\/","title":{"rendered":"ECONOMIA DO AUDIOVISUAL NA BAHIA &#8211; 2010"},"content":{"rendered":"<p style=\"text-align: center;\"><em>texto colaborativo escrito com a assessoria de comunica\u00e7\u00e3o da secretaria de cultura do estado da bahia para a revista INFOCULTURA #5 &#8211; ECONOMIA DO AUDIOVISUAL &#8211;\u00a0<\/em><em style=\"font-size: 13px; line-height: 19px;\">publicada em novembro de 2010<\/em><span style=\"font-size: 13px; line-height: 19px;\">\u00a0<\/span><\/p>\n<p style=\"text-align: center;\"><a href=\"http:\/\/www.marciomeirelles.com.br\/site\/wp-content\/uploads\/2010\/11\/INFOCULTURA-5-AUDIOVISUAL.jpg\"><img loading=\"lazy\" class=\"aligncenter  wp-image-2040\" src=\"http:\/\/www.marciomeirelles.com.br\/site\/wp-content\/uploads\/2010\/11\/INFOCULTURA-5-AUDIOVISUAL.jpg\" alt=\"\" width=\"573\" height=\"573\" srcset=\"http:\/\/www.marciomeirelles.com.br\/site\/wp-content\/uploads\/2010\/11\/INFOCULTURA-5-AUDIOVISUAL.jpg 1240w, http:\/\/www.marciomeirelles.com.br\/site\/wp-content\/uploads\/2010\/11\/INFOCULTURA-5-AUDIOVISUAL-150x150.jpg 150w, http:\/\/www.marciomeirelles.com.br\/site\/wp-content\/uploads\/2010\/11\/INFOCULTURA-5-AUDIOVISUAL-300x300.jpg 300w, http:\/\/www.marciomeirelles.com.br\/site\/wp-content\/uploads\/2010\/11\/INFOCULTURA-5-AUDIOVISUAL-1024x1024.jpg 1024w, http:\/\/www.marciomeirelles.com.br\/site\/wp-content\/uploads\/2010\/11\/INFOCULTURA-5-AUDIOVISUAL-100x100.jpg 100w\" sizes=\"(max-width: 573px) 100vw, 573px\" \/><\/a><\/p>\n<p>\u00c9 com grande satisfa\u00e7\u00e3o que lan\u00e7amos esta edi\u00e7\u00e3o especial do INFOCULTURA \u2013 Economia do Audiovisual, contendo reflex\u00f5es e pesquisas de especialistas, gestores e agentes produtivos do setor. S\u00e3o artigos diversos, bastante recentes, que revelam aspectos da din\u00e2mica produtiva do audiovisual, em diversos campos, como produ\u00e7\u00e3o, difus\u00e3o, acesso, regula\u00e7\u00e3o, financiamento. Nesta edi\u00e7\u00e3o, destacamos a pesquisa in\u00e9dita Diagn\u00f3stico do Audiovisual na Bahia, do economista Paulo Miguez, que fez este estudo para o Instituto de Radiodifus\u00e3o Educativa da Bahia (IRDEB), e agora chega ao p\u00fablico. Al\u00e9m do texto aqui publicado, encartamos como anexo a pesquisa completa.<\/p>\n<p>O Diagn\u00f3stico do Audiovisual na Bahia \u00e9 mais uma incurs\u00e3o da secretaria nesta tarefa de levantamento e consolida\u00e7\u00e3o de dados e indicadores sobre o setor cultural baiano, miss\u00e3o que vimos cumprindo com afinco e persist\u00eancia. O Diagn\u00f3stico do Audiovisual na Bahia \u00e9, para n\u00f3s, muito mais do que um banco de informa\u00e7\u00f5es; em \u00faltima inst\u00e2ncia, ele \u00e9 resultado do nosso desejo e interesse em conhecer a fundo a realidade local e, sem d\u00favida, se configura como patrim\u00f4nio da sociedade e deste governo. Seu principal m\u00e9rito \u00e9 reconhecer o audiovisual como atividade complexa e sist\u00eamica, onde atuam artistas, artes\u00e3os, t\u00e9cnicos e agentes produtivos os mais diversos. Ainda que, em sua maioria, dispersos e pouco articulados, reconhecemos sua atua\u00e7\u00e3o em rede e vimos, desde 2007, construindo e implementando pol\u00edticas p\u00fablicas que promovam a mobiliza\u00e7\u00e3o e intera\u00e7\u00e3o entre esses agentes, para fortalecer e consolidar o audiovisual em nosso estado.<\/p>\n<p>Assim, por meio de editais e outros mecanismos de fomento, vimos provocando o encontro da produ\u00e7\u00e3o independente com a televis\u00e3o p\u00fablica; dos realizadores de mostras e festivais com cineastas e produtoras audiovisuais e destes com os agentes do campo da mem\u00f3ria; dos pesquisadores e cr\u00edticos com os cineastas; dos produtores de m\u00fasica com os de audiovisual; entre outras conex\u00f5es.<\/p>\n<p>Desde 2007, cinema, televis\u00e3o, jogos eletr\u00f4nicos e as produ\u00e7\u00f5es destinadas \u00e0 veicula\u00e7\u00e3o em m\u00eddias m\u00f3veis e redes de comunica\u00e7\u00e3o digital passaram a ser alvo das pol\u00edticas p\u00fablicas da Bahia. Por isso, outro m\u00e9rito da pesquisa Diagn\u00f3stico do Audiovisual na Bahia \u00e9 justamente incluir neste estudo as diversas vertentes do audiovisual.<\/p>\n<p>Ao tempo em que publicamos o Diagn\u00f3stico do Audiovisual na Bahia, iniciamos, junto com a Ag\u00eancia Nacional do Cinema (Ancine), a execu\u00e7\u00e3o do Programa Imagens da Bahia, mecanismo especial de fomento que vai assegurar a produ\u00e7\u00e3o de 50 obras audiovisuais e a distribui\u00e7\u00e3o de tr\u00eas longas-metragens baianos, ainda in\u00e9ditos no circuito comercial de exibi\u00e7\u00e3o. As a\u00e7\u00f5es do programa ser\u00e3o amparadas por oficinas de capacita\u00e7\u00e3o t\u00e9cnica para qualifica\u00e7\u00e3o dos projetos e produtos.<\/p>\n<p>Somos o primeiro estado brasileiro a lan\u00e7ar m\u00e3o dessa ferramenta estrat\u00e9gica de fomento, criada pela Ancine em 2007 e que agora \u00e9 adotada por n\u00f3s, como a\u00e7\u00e3o de fortalecimento das pol\u00edticas p\u00fablicas que vimos implementando para o setor. Apesar de ser uma a\u00e7\u00e3o pontual, o Programa Imagens da Bahia atende a parte das recomenda\u00e7\u00f5es e demandas sinalizadas no diagn\u00f3stico.<\/p>\n<p>Precisamos avan\u00e7ar, governo e sociedade, para a consolida\u00e7\u00e3o dessas pol\u00edticas.<\/p>\n<p>Com o INFOCULTURA Economia do Audiovisual estamos, sem d\u00favida, contribuindo para a amplia\u00e7\u00e3o do debate e melhor compreens\u00e3o da atividade audiovisual no Brasil e, em especial, na Bahia.<\/p>\n<p>Boa leitura!<\/p>\n<p><strong>Marcio Meirelles<\/strong><br \/>\nSecret\u00e1rio de Cultura da Bahia<\/p>\n<p>http:\/\/www.plugcultura.ba.gov.br\/infocultura\/Miolo_Infocultura_n_05_web.pdf<\/p>\n","protected":false},"excerpt":{"rendered":"<p>texto colaborativo escrito com a assessoria de comunica\u00e7\u00e3o da secretaria de cultura do estado da bahia para a revista INFOCULTURA #5 &#8211; ECONOMIA DO AUDIOVISUAL &#8211;\u00a0publicada em novembro de 2010\u00a0 \u00c9 com grande satisfa\u00e7\u00e3o que lan\u00e7amos esta edi\u00e7\u00e3o especial do INFOCULTURA \u2013 Economia do Audiovisual, contendo reflex\u00f5es e pesquisas de<\/p>\n","protected":false},"author":1,"featured_media":2040,"comment_status":"open","ping_status":"open","sticky":false,"template":"","format":"standard","meta":[],"categories":[7,359],"tags":[17,387,73,147,389,82,386,388,20,18,129,109,84,76,77],"_links":{"self":[{"href":"http:\/\/www.marciomeirelles.com.br\/site\/wp-json\/wp\/v2\/posts\/457"}],"collection":[{"href":"http:\/\/www.marciomeirelles.com.br\/site\/wp-json\/wp\/v2\/posts"}],"about":[{"href":"http:\/\/www.marciomeirelles.com.br\/site\/wp-json\/wp\/v2\/types\/post"}],"author":[{"embeddable":true,"href":"http:\/\/www.marciomeirelles.com.br\/site\/wp-json\/wp\/v2\/users\/1"}],"replies":[{"embeddable":true,"href":"http:\/\/www.marciomeirelles.com.br\/site\/wp-json\/wp\/v2\/comments?post=457"}],"version-history":[{"count":7,"href":"http:\/\/www.marciomeirelles.com.br\/site\/wp-json\/wp\/v2\/posts\/457\/revisions"}],"predecessor-version":[{"id":2039,"href":"http:\/\/www.marciomeirelles.com.br\/site\/wp-json\/wp\/v2\/posts\/457\/revisions\/2039"}],"wp:featuredmedia":[{"embeddable":true,"href":"http:\/\/www.marciomeirelles.com.br\/site\/wp-json\/wp\/v2\/media\/2040"}],"wp:attachment":[{"href":"http:\/\/www.marciomeirelles.com.br\/site\/wp-json\/wp\/v2\/media?parent=457"}],"wp:term":[{"taxonomy":"category","embeddable":true,"href":"http:\/\/www.marciomeirelles.com.br\/site\/wp-json\/wp\/v2\/categories?post=457"},{"taxonomy":"post_tag","embeddable":true,"href":"http:\/\/www.marciomeirelles.com.br\/site\/wp-json\/wp\/v2\/tags?post=457"}],"curies":[{"name":"wp","href":"https:\/\/api.w.org\/{rel}","templated":true}]}}