{"id":459,"date":"2009-11-26T12:53:39","date_gmt":"2009-11-26T15:53:39","guid":{"rendered":"http:\/\/www.marciomeirelles.com.br\/site\/?p=459"},"modified":"2011-09-22T13:01:50","modified_gmt":"2011-09-22T16:01:50","slug":"cerimonia-de-abertura","status":"publish","type":"post","link":"http:\/\/www.marciomeirelles.com.br\/site\/2009\/11\/cerimonia-de-abertura\/","title":{"rendered":"Cerim\u00f4nia de Abertura: III CEC Bahia"},"content":{"rendered":"<p>III Confer\u00eancia Estadual de Cultura da Bahia<br \/>\n<em>Pronunciamento da cerim\u00f4nia de abertura da III Confer\u00eancia Estadual de Cultura da Bahia, ocorrido em Ilh\u00e9us (BA), entre 26 e 29 de novembro de 2009.<\/em><\/p>\n<p>&nbsp;<\/p>\n<p>Quero saudar todo mundo, agradecer a presen\u00e7a. Vamos ter muito trabalho nesses tr\u00eas dias. Quero saudar a mesa, na pessoa do governador Jacques Wagner, que me deu esta incumb\u00eancia, que me convocou para fazer na Bahia, para trazer para a Bahia, na verdade, o que o Minist\u00e9rio Gil e Juca tinham feito no Brasil. E quero saudar aqui o ministro Juca Ferreira. O que aconteceu no Brasil a partir do governo Lula foi uma transforma\u00e7\u00e3o comportamental em rela\u00e7\u00e3o \u00e0 cultura. O Estado brasileiro passou a reconhecer que a cultura \u00e9 um direito de todo cidad\u00e3o, portanto, que o Estado brasileiro tem que garantir a todo cidad\u00e3o o acesso aos meios de produ\u00e7\u00e3o e difus\u00e3o e aos bens produzidos.<\/p>\n<p>No entanto, n\u00e3o existe ainda uma legisla\u00e7\u00e3o, n\u00e3o existem marcos legais para que isso aconte\u00e7a, e o Minist\u00e9rio tem trabalhado incansavelmente na institucionaliza\u00e7\u00e3o da cultura no Brasil. Essas leis de que o deputado Zezeu falou aqui \u2013 e sa\u00fado a ele e a todos os deputados presentes \u2013 s\u00e3o um conjunto de leis que ir\u00e3o institucionalizar a cultura como uma pol\u00edtica de Estado, e \u00e9 absolutamente necess\u00e1rio que elas sejam votadas. Eu quero agradecer ao Minist\u00e9rio, agradecer a Juca por tudo isso, principalmente pela PEC 150, e ao deputado Zezeu, um dos seus autores, pois ela estabelece no or\u00e7amento uma vincula\u00e7\u00e3o or\u00e7ament\u00e1ria para a cultura. N\u00e3o \u00e9 poss\u00edvel construir um sistema sem uma vincula\u00e7\u00e3o or\u00e7ament\u00e1ria que o irrigue; todas as outras pastas que t\u00eam sistemas, que trabalham a partir de sistemas, s\u00e3o aquelas que d\u00e3o atendimento a um servi\u00e7o p\u00fablico, como sa\u00fade, educa\u00e7\u00e3o e desenvolvimento social, e elas t\u00eam seus or\u00e7amentos vinculados, porque s\u00f3 assim \u00e9 poss\u00edvel trabalhar conjuntamente construindo um pacto federativo e tamb\u00e9m na \u00e1rea da cultura.<\/p>\n<p>Ent\u00e3o, este \u00e9 um conjunto de leis que cria um organismo cultural para o Estado brasileiro, que cria uma intelig\u00eancia, uma cabe\u00e7a voltada para o plano da cultura, que cria um corpo constitu\u00eddo pelo sistema, e cria a irriga\u00e7\u00e3o desse corpo com a vincula\u00e7\u00e3o or\u00e7ament\u00e1ria. Desta forma, realmente, o ministro Gil nos deu mais uma vez regra e compasso.<\/p>\n<p>Eu comentava com o ministro Juca, antes de come\u00e7armos, que ele fez com a pol\u00edtica brasileira, com a pol\u00edtica cultural brasileira, o que o tropicalismo fez com o Brasil nos anos 60, 70: uma revolu\u00e7\u00e3o que eu acredito permanente, uma revolu\u00e7\u00e3o identit\u00e1ria, uma revolu\u00e7\u00e3o em que a gente se reconhece cidad\u00e3o deste pa\u00eds a partir de nossa cultura, de nossa diversidade. A luta nesta dire\u00e7\u00e3o \u00e9 muito grande, e a gente tem feito isso no Brasil, na Bahia, a gente tem visto isso na Bahia. Por esta raz\u00e3o chegamos at\u00e9 aqui, para mudar as coisas, para reconhecer que cada cidad\u00e3o \u00e9 produtor de cultura, e que todos eles e todos os munic\u00edpios t\u00eam que ter o mesmo olhar da Secretaria, o olhar do seu estado e fazer um trabalho conjunto.<\/p>\n<p>Ent\u00e3o, eu quero agradecer muito a \u00c2ngela Andrade e toda a sua equipe da Superintend\u00eancia de Desenvolvimento da Cultura e aos 27 representantes territoriais, que aqui estiveram na frente, lutando por toda essa mobiliza\u00e7\u00e3o. Eles s\u00e3o a nossa arma secreta, eles s\u00e3o aqueles que conseguem fazer com que isso aqui aconte\u00e7a, no dia a dia, no corpo a corpo. Quero agradecer tamb\u00e9m saudando Normelita e Marcelo Corso, presidente e vice-presidente do F\u00f3rum de Dirigentes Municipais de Cultura, porque eles tamb\u00e9m formam essa rede, formam esse tecido cultural, esse tecido pol\u00edtico na Bahia. Cada territ\u00f3rio tem o seu representante no F\u00f3rum de Dirigentes Municipais e eles s\u00e3o parceiros que t\u00eam nos ajudado a construir esse momento.<\/p>\n<p>A 2\u00aa Confer\u00eancia foi um sucesso, foi o primeiro grito que a gente ouviu na Bahia, e a Bahia atendeu a esse grito com o movimento da cultura, e de diversas formas. Todas as resolu\u00e7\u00f5es constru\u00eddas na 2\u00aa Confer\u00eancia nos orientaram nesses dois anos de trabalho, e a principal delas, a principal reivindica\u00e7\u00e3o da maioria dos territ\u00f3rios dos munic\u00edpios era a qualifica\u00e7\u00e3o da gest\u00e3o da cultura, e n\u00f3s temos trabalhado incessantemente nisto, fortalecendo as gest\u00f5es municipais, fortalecendo a produ\u00e7\u00e3o cultural, os produtores culturais, o que gerou uma demanda qualificada. N\u00f3s passamos de 400 e poucos projetos recebidos anualmente para 1.710 projetos. N\u00e3o \u00e9 pouca coisa essa mudan\u00e7a. Dos 3.000 projetos recebidos nos 11 estados \u2013 os microprojetos culturais \u2013 1.000 s\u00e3o da Bahia, ou seja, a Bahia, com a demanda qualificada, apresenta um ter\u00e7o dos projetos propostos para o edital de microprojetos culturais. Isto n\u00e3o \u00e9 pouca coisa e nem sempre foi assim, este \u00e9 um trabalho incans\u00e1vel de todos n\u00f3s, de toda a Secretaria, do governo Wagner, das outras secretarias que tamb\u00e9m t\u00eam nos ajudado transversalmente a construir esse momento.<\/p>\n<p>Ent\u00e3o, s\u00e3o tr\u00eas dias de muito trabalho, s\u00e3o tr\u00eas dias que ir\u00e3o nos nortear por mais tempo na condu\u00e7\u00e3o desse processo. N\u00f3s vamos levar todas essas demandas, toda essa constru\u00e7\u00e3o de diretrizes para o nosso trabalho, para a Confer\u00eancia Nacional, tendo a certeza de que estamos construindo um processo irrevers\u00edvel na Bahia. Muito obrigado a todos voc\u00eas que t\u00eam colaborado com esse trabalho.<\/p>\n<p>&nbsp;<\/p>\n<p><strong>Marcio Meirelles<\/strong><br \/>\nSecret\u00e1rio de Cultura do Estado da Bahia<\/p>\n<p>&nbsp;<\/p>\n","protected":false},"excerpt":{"rendered":"<p>III Confer\u00eancia Estadual de Cultura da Bahia Pronunciamento da cerim\u00f4nia de abertura da III Confer\u00eancia Estadual de Cultura da Bahia, ocorrido em Ilh\u00e9us (BA), entre 26 e 29 de novembro de 2009. &nbsp; Quero saudar todo mundo, agradecer a presen\u00e7a. Vamos ter muito trabalho nesses tr\u00eas dias. Quero saudar a<\/p>\n","protected":false},"author":1,"featured_media":0,"comment_status":"open","ping_status":"open","sticky":false,"template":"","format":"standard","meta":[],"categories":[7],"tags":[],"_links":{"self":[{"href":"http:\/\/www.marciomeirelles.com.br\/site\/wp-json\/wp\/v2\/posts\/459"}],"collection":[{"href":"http:\/\/www.marciomeirelles.com.br\/site\/wp-json\/wp\/v2\/posts"}],"about":[{"href":"http:\/\/www.marciomeirelles.com.br\/site\/wp-json\/wp\/v2\/types\/post"}],"author":[{"embeddable":true,"href":"http:\/\/www.marciomeirelles.com.br\/site\/wp-json\/wp\/v2\/users\/1"}],"replies":[{"embeddable":true,"href":"http:\/\/www.marciomeirelles.com.br\/site\/wp-json\/wp\/v2\/comments?post=459"}],"version-history":[{"count":3,"href":"http:\/\/www.marciomeirelles.com.br\/site\/wp-json\/wp\/v2\/posts\/459\/revisions"}],"predecessor-version":[{"id":462,"href":"http:\/\/www.marciomeirelles.com.br\/site\/wp-json\/wp\/v2\/posts\/459\/revisions\/462"}],"wp:attachment":[{"href":"http:\/\/www.marciomeirelles.com.br\/site\/wp-json\/wp\/v2\/media?parent=459"}],"wp:term":[{"taxonomy":"category","embeddable":true,"href":"http:\/\/www.marciomeirelles.com.br\/site\/wp-json\/wp\/v2\/categories?post=459"},{"taxonomy":"post_tag","embeddable":true,"href":"http:\/\/www.marciomeirelles.com.br\/site\/wp-json\/wp\/v2\/tags?post=459"}],"curies":[{"name":"wp","href":"https:\/\/api.w.org\/{rel}","templated":true}]}}