{"id":541,"date":"1990-09-22T20:11:25","date_gmt":"1990-09-22T23:11:25","guid":{"rendered":"http:\/\/www.marciomeirelles.com.br\/site\/?p=541"},"modified":"2011-09-22T20:12:15","modified_gmt":"2011-09-22T23:12:15","slug":"programa-de-josefina-a-cantora-dos-ratos","status":"publish","type":"post","link":"http:\/\/www.marciomeirelles.com.br\/site\/1990\/09\/programa-de-josefina-a-cantora-dos-ratos\/","title":{"rendered":"Programa de &#8220;Josefina, a Cantora dos Ratos&#8221;"},"content":{"rendered":"<p><em>Texto publicado no programa da pe\u00e7a &#8220;Josefina, a Cantora dos Ratos&#8221;, ocorrido em 1990.<\/em><\/p>\n<p>&nbsp;<\/p>\n<p>Acho que este n\u00e3o \u00e9 um tempo de met\u00e1foras. \u00c9 um tempo real em que \u00e9 necess\u00e1rio falar, tomar posi\u00e7\u00f5es. \u00c9 um tempo em que o artista \u00e9 necess\u00e1rio mais do que nunca. Em que o artista tem que assumir a sua condi\u00e7\u00e3o de arauto, de instigador, de antena parab\u00f3lica, captando e colocando no ar o dia a dia que \u00e9 mais fant\u00e1stico e dram\u00e1tico do que a mais fantasiosa imagina\u00e7\u00e3o possa criar.<\/p>\n<p>\u00c9 preciso colocar esse personagem em cena &#8211; o artista &#8211; e discutir sua fragilidade e sua grandeza, suas possibilidades e seus del\u00edrios, suas car\u00eancias e pirra\u00e7as, seu poder de sedu\u00e7\u00e3o e a real necessidade que tem dele uma sociedade em crise. Mas \u00e9 preciso que se fa\u00e7a isso com uma vis\u00e3o cr\u00edtica, n\u00e3o com excesso de vaidade e amor pr\u00f3prio inflamado. Talvez com muitas d\u00favidas a nosso pr\u00f3prio respeito.<\/p>\n<p>Acho que neste momento a palavra se faz necess\u00e1ria, a discuss\u00e3o, a descoberta de novos caminhos para a felicidade geral.<\/p>\n<p>\u00c9 um momento muito dif\u00edcil, um momento terr\u00edvel. Todas as antigas cren\u00e7as e certezas est\u00e3o desmoronando. E as novas n\u00e3o respondem \u00e0s imensas quest\u00f5es que me colocam meus filhos pelo simples fato de existirem, crescerem, serem humanos e terem um futuro absolutamente imprevis\u00edvel pela frente.<\/p>\n<p>Eu tenho tantas d\u00favidas e tantas quest\u00f5es quanto meus filhos de 5 e 6 anos.<\/p>\n<p>A \u00fanica coisa que penso no momento \u00e9: algo tem de ser feito. Temos que abrir caminhos novos. E temos muito pouco tempo.<\/p>\n<p>Por tudo isso dei a m\u00e3o a Josefina, esta senhora que me foi apresentada h\u00e1 muitos anos por Cleise Mendes. Este pequeno conto de Kafka, que nada tem de teatral, s\u00f3 virou teatro em minhas m\u00e3os e nas da CIT, porque Cleise me disse que isso era poss\u00edvel e eu acreditei.<\/p>\n<p>Josefina \u00e9 um caminho novo para mim, n\u00e3o \u00e9 uma resposta, s\u00e3o novas quest\u00f5es, novos desafios. N\u00e3o precisamos de respostas, precisamos de uma sa\u00edda. A sa\u00edda para mim \u00e9 o teatro, esse jeito coletivo de se construir coisas novas e refazer velhos sonhos, essa forma \u00fanica de estar em conv\u00edvio com outros homens, de gerar e resolver crises, de dizer coisas antigas de uma maneira \u00fanica e viva e ef\u00eamera. Essa \u00fanica forma e ato de amor.<\/p>\n<p>&nbsp;<\/p>\n","protected":false},"excerpt":{"rendered":"<p>Texto publicado no programa da pe\u00e7a &#8220;Josefina, a Cantora dos Ratos&#8221;, ocorrido em 1990. &nbsp; Acho que este n\u00e3o \u00e9 um tempo de met\u00e1foras. \u00c9 um tempo real em que \u00e9 necess\u00e1rio falar, tomar posi\u00e7\u00f5es. \u00c9 um tempo em que o artista \u00e9 necess\u00e1rio mais do que nunca. Em que<\/p>\n","protected":false},"author":1,"featured_media":0,"comment_status":"open","ping_status":"open","sticky":false,"template":"","format":"standard","meta":[],"categories":[7],"tags":[],"_links":{"self":[{"href":"http:\/\/www.marciomeirelles.com.br\/site\/wp-json\/wp\/v2\/posts\/541"}],"collection":[{"href":"http:\/\/www.marciomeirelles.com.br\/site\/wp-json\/wp\/v2\/posts"}],"about":[{"href":"http:\/\/www.marciomeirelles.com.br\/site\/wp-json\/wp\/v2\/types\/post"}],"author":[{"embeddable":true,"href":"http:\/\/www.marciomeirelles.com.br\/site\/wp-json\/wp\/v2\/users\/1"}],"replies":[{"embeddable":true,"href":"http:\/\/www.marciomeirelles.com.br\/site\/wp-json\/wp\/v2\/comments?post=541"}],"version-history":[{"count":1,"href":"http:\/\/www.marciomeirelles.com.br\/site\/wp-json\/wp\/v2\/posts\/541\/revisions"}],"predecessor-version":[{"id":542,"href":"http:\/\/www.marciomeirelles.com.br\/site\/wp-json\/wp\/v2\/posts\/541\/revisions\/542"}],"wp:attachment":[{"href":"http:\/\/www.marciomeirelles.com.br\/site\/wp-json\/wp\/v2\/media?parent=541"}],"wp:term":[{"taxonomy":"category","embeddable":true,"href":"http:\/\/www.marciomeirelles.com.br\/site\/wp-json\/wp\/v2\/categories?post=541"},{"taxonomy":"post_tag","embeddable":true,"href":"http:\/\/www.marciomeirelles.com.br\/site\/wp-json\/wp\/v2\/tags?post=541"}],"curies":[{"name":"wp","href":"https:\/\/api.w.org\/{rel}","templated":true}]}}