{"id":543,"date":"1990-09-22T20:12:53","date_gmt":"1990-09-22T23:12:53","guid":{"rendered":"http:\/\/www.marciomeirelles.com.br\/site\/?p=543"},"modified":"2011-09-22T20:13:47","modified_gmt":"2011-09-22T23:13:47","slug":"programa-de-retratos-da-bahia","status":"publish","type":"post","link":"http:\/\/www.marciomeirelles.com.br\/site\/1990\/09\/programa-de-retratos-da-bahia\/","title":{"rendered":"Programa de &#8220;Retratos da Bahia&#8221;"},"content":{"rendered":"<p><em>Texto publicado no programa da pe\u00e7a &#8220;Retratos da Bahia&#8221;, ocorrida em 1990.<\/em><\/p>\n<p>&nbsp;<\/p>\n<p>O Bal\u00e9 Teatro Castro Alves de volta \u00e0 Bahia. \u00c9 como chegar, chegar, chegar mais uma vez e ver a velha terra com olhos novos, com olhos de estrangeiro, com olhos de crian\u00e7a vendo novo, novinho em folha.<\/p>\n<p>E uma agrad\u00e1vel sensa\u00e7\u00e3o de dever cumprido. De ter virado a mesmice em novidade, transformando o Bal\u00e9 Teatro Castro Alves em um bal\u00e9 da Bahia, ter feito o que \u00e9 \u00f3bvio, o que era indispens\u00e1vel: lev\u00e1-lo pra rua, pra vida, readquirir os cheiros todos dessa terra, incorporar a nossa cultura ao repert\u00f3rio, n\u00e3o s\u00f3 enquanto tema, mas, e muito principalmente, enquanto sentido e significado.<\/p>\n<p>Acreditamos que o BTCA com &#8220;Retratos da Bahia&#8221; se apropria definitivamente de sua identidade. Tem agora uma raz\u00e3o de ser, uma raz\u00e3o de estar na Bahia. Ele \u00e9 necess\u00e1rio. Ele rode dizer pra n\u00f3s quem somos, dizer onde estamos. \u00c9 um farol que nos indica um caminho pr\u00f3prio, um caminho sem naufr\u00e1gios para nossos corpos, que possuem a anatomia natural dessa terra.<\/p>\n<p>No momento em que nossa identidade cultural se v\u00ea cada vez mais amea\u00e7ada, o BTCA nos mostra a outra face da moeda: o prazer de sermos cidad\u00e3os e a maravilha de estarmos aqui e agora.<\/p>\n<p>Cumprimos nosso desafio: levamos o bal\u00e9 para a Bahia &#8211; dan\u00e7ando em cidades do interior, em shoppings, no Terminal da Lapa, em escolas da rede estadual de ensino, nas ruas, em todo o canto em que foi poss\u00edvel dan\u00e7ar, atrav\u00e9s do projeto &#8220;Rodando a Bahia&#8221; \u2013 e, com essa nova coreografia, incorporada ao seu repert\u00f3rio, trazemos a Bahia para o palco.<\/p>\n<p>Nossos especiais agradecimentos a Pierre Verger que soube olhar com poesia nossa terra, e registr\u00e1-la em fotos; a Arlete Soares, Ded\u00e9 Veloso e \u00e0 equipe deste Teatro Castro Alves \u2013 especialmente Virg\u00ednia Da Rin, Fernanda Tourinho, Lina Lemos e Ligia Aguiar \u2013 que se empenhou para que essa poesia novamente habitasse os corpos; e a Caetano Veloso que deu a ela som e tom.<\/p>\n<p><strong>M\u00e1rcio Meirelles<\/strong><br \/>\nDiretor-Geral do TCA<\/p>\n<p>&nbsp;<\/p>\n","protected":false},"excerpt":{"rendered":"<p>Texto publicado no programa da pe\u00e7a &#8220;Retratos da Bahia&#8221;, ocorrida em 1990. &nbsp; O Bal\u00e9 Teatro Castro Alves de volta \u00e0 Bahia. \u00c9 como chegar, chegar, chegar mais uma vez e ver a velha terra com olhos novos, com olhos de estrangeiro, com olhos de crian\u00e7a vendo novo, novinho em<\/p>\n","protected":false},"author":1,"featured_media":0,"comment_status":"open","ping_status":"open","sticky":false,"template":"","format":"standard","meta":[],"categories":[7],"tags":[],"_links":{"self":[{"href":"http:\/\/www.marciomeirelles.com.br\/site\/wp-json\/wp\/v2\/posts\/543"}],"collection":[{"href":"http:\/\/www.marciomeirelles.com.br\/site\/wp-json\/wp\/v2\/posts"}],"about":[{"href":"http:\/\/www.marciomeirelles.com.br\/site\/wp-json\/wp\/v2\/types\/post"}],"author":[{"embeddable":true,"href":"http:\/\/www.marciomeirelles.com.br\/site\/wp-json\/wp\/v2\/users\/1"}],"replies":[{"embeddable":true,"href":"http:\/\/www.marciomeirelles.com.br\/site\/wp-json\/wp\/v2\/comments?post=543"}],"version-history":[{"count":1,"href":"http:\/\/www.marciomeirelles.com.br\/site\/wp-json\/wp\/v2\/posts\/543\/revisions"}],"predecessor-version":[{"id":544,"href":"http:\/\/www.marciomeirelles.com.br\/site\/wp-json\/wp\/v2\/posts\/543\/revisions\/544"}],"wp:attachment":[{"href":"http:\/\/www.marciomeirelles.com.br\/site\/wp-json\/wp\/v2\/media?parent=543"}],"wp:term":[{"taxonomy":"category","embeddable":true,"href":"http:\/\/www.marciomeirelles.com.br\/site\/wp-json\/wp\/v2\/categories?post=543"},{"taxonomy":"post_tag","embeddable":true,"href":"http:\/\/www.marciomeirelles.com.br\/site\/wp-json\/wp\/v2\/tags?post=543"}],"curies":[{"name":"wp","href":"https:\/\/api.w.org\/{rel}","templated":true}]}}