{"id":566,"date":"2010-03-18T20:49:30","date_gmt":"2010-03-18T23:49:30","guid":{"rendered":"http:\/\/www.marciomeirelles.com.br\/site\/?p=566"},"modified":"2011-09-22T20:51:37","modified_gmt":"2011-09-22T23:51:37","slug":"a-danca-e-a-arte-do-movimento-organizado","status":"publish","type":"post","link":"http:\/\/www.marciomeirelles.com.br\/site\/2010\/03\/a-danca-e-a-arte-do-movimento-organizado\/","title":{"rendered":"A dan\u00e7a \u00e9 a arte do movimento organizado"},"content":{"rendered":"<p><em>Texto escrito em Salvador, em 18 de mar\u00e7o de 2010, para o programa do espet\u00e1culo &#8220;Um por Um&#8221;, apresentado pelo Bal\u00e9 Teatro Castro Alves.<\/em><\/p>\n<p>&nbsp;<\/p>\n<p>A Dan\u00e7a \u00e9 a arte de mover o corpo em dire\u00e7\u00e3o a um objetivo maior do que o dia a dia do corpo s\u00f3. \u00c9 o movimento de um corpo social que reflete e se reflete no movimento do tempo. Do aqui-agora para o al\u00e9m-depois. Para uma sociedade mais justa onde a felicidade seja poss\u00edvel para todos.<\/p>\n<p>A Cultura, a partir da nova gest\u00e3o, passou a ser reconhecida como uma atividade humana advinda da necessidade da produ\u00e7\u00e3o de s\u00edmbolos que nos identifiquem com o meio que nos cerca e com o outro, com quem compartilhamos meio e hist\u00f3ria. Tamb\u00e9m como fator de desenvolvimento na medida em que \u00e9 o ac\u00famulo de t\u00e9cnicas, saberes, riqueza material e imaterial de uma sociedade.<\/p>\n<p>Sendo um direito b\u00e1sico do cidad\u00e3o, a Cultura passou a ser reconhecida como uma quest\u00e3o de Estado, que tem a responsabilidade de prover todos do acesso aos meios de produ\u00e7\u00e3o e aos bens produzidos. Para isso existem institui\u00e7\u00f5es, pol\u00edticas, programas, a\u00e7\u00f5es e instrumentos.<\/p>\n<p>Nosso estado conta com tr\u00eas estruturas da Funda\u00e7\u00e3o Cultural do Estado da Bahia, unidade da Secretaria de Cultura para a constru\u00e7\u00e3o e implementa\u00e7\u00e3o de politicas publicas para a dan\u00e7a: a Diretoria de Dan\u00e7a, a Escola de Dan\u00e7a e o Bal\u00e9 Teatro Castro Alves. Nossa tarefa tem sido fazer com que as tr\u00eas dialoguem para otimizar as possibilidades de atendimento \u00e0 sociedade.<\/p>\n<p>O Bal\u00e9 Teatro Castro Alves, mais do que um grupo, \u00e9 um \u00f3rg\u00e3o p\u00fablico. Este entendimento \u00e9 novo, como \u00e9 novo o conceito de Cultura, Arte, suas fun\u00e7\u00f5es e responsabilidade do Poder P\u00fablico para com eles.<\/p>\n<p>Sem medo de desafios e lidando com a expans\u00e3o de conceitos na \u00e1rea da dan\u00e7a, o BTCA parte para uma rela\u00e7\u00e3o corpo a corpo com a sociedade. N\u00e3o como um confronto, mas como uma necessidade de se reconhecer parte do corpo social da Bahia. Uma experi\u00eancia est\u00e9tica que reflete a nova postura \u00e9tica e pol\u00edtica do Bal\u00e9, que passa a se ver como instrumento de desenvolvimento a partir de sua dan\u00e7a.<\/p>\n<p>&nbsp;<\/p>\n","protected":false},"excerpt":{"rendered":"<p>Texto escrito em Salvador, em 18 de mar\u00e7o de 2010, para o programa do espet\u00e1culo &#8220;Um por Um&#8221;, apresentado pelo Bal\u00e9 Teatro Castro Alves. &nbsp; A Dan\u00e7a \u00e9 a arte de mover o corpo em dire\u00e7\u00e3o a um objetivo maior do que o dia a dia do corpo s\u00f3. \u00c9<\/p>\n","protected":false},"author":1,"featured_media":0,"comment_status":"open","ping_status":"open","sticky":false,"template":"","format":"standard","meta":[],"categories":[7],"tags":[],"_links":{"self":[{"href":"http:\/\/www.marciomeirelles.com.br\/site\/wp-json\/wp\/v2\/posts\/566"}],"collection":[{"href":"http:\/\/www.marciomeirelles.com.br\/site\/wp-json\/wp\/v2\/posts"}],"about":[{"href":"http:\/\/www.marciomeirelles.com.br\/site\/wp-json\/wp\/v2\/types\/post"}],"author":[{"embeddable":true,"href":"http:\/\/www.marciomeirelles.com.br\/site\/wp-json\/wp\/v2\/users\/1"}],"replies":[{"embeddable":true,"href":"http:\/\/www.marciomeirelles.com.br\/site\/wp-json\/wp\/v2\/comments?post=566"}],"version-history":[{"count":2,"href":"http:\/\/www.marciomeirelles.com.br\/site\/wp-json\/wp\/v2\/posts\/566\/revisions"}],"predecessor-version":[{"id":568,"href":"http:\/\/www.marciomeirelles.com.br\/site\/wp-json\/wp\/v2\/posts\/566\/revisions\/568"}],"wp:attachment":[{"href":"http:\/\/www.marciomeirelles.com.br\/site\/wp-json\/wp\/v2\/media?parent=566"}],"wp:term":[{"taxonomy":"category","embeddable":true,"href":"http:\/\/www.marciomeirelles.com.br\/site\/wp-json\/wp\/v2\/categories?post=566"},{"taxonomy":"post_tag","embeddable":true,"href":"http:\/\/www.marciomeirelles.com.br\/site\/wp-json\/wp\/v2\/tags?post=566"}],"curies":[{"name":"wp","href":"https:\/\/api.w.org\/{rel}","templated":true}]}}