{"id":611,"date":"2003-08-17T11:45:00","date_gmt":"2003-08-17T14:45:00","guid":{"rendered":"http:\/\/www.marciomeirelles.com.br\/site\/?p=611"},"modified":"2014-03-09T10:03:21","modified_gmt":"2014-03-09T13:03:21","slug":"poema-ter-na-pele-a-cor-da-noite","status":"publish","type":"post","link":"http:\/\/www.marciomeirelles.com.br\/site\/2003\/08\/poema-ter-na-pele-a-cor-da-noite\/","title":{"rendered":"TER NA PELE A COR DA NOITE"},"content":{"rendered":"<p><em>escrito por marcio meirelles, em salvador, em 17 de agosto de 2003, para o livro de fotos de s\u00e9rgio guerra NA\u00c7\u00c3O CORAGEM &#8211; publicado pela maianga. posteriormente transformado em can\u00e7\u00e3o, com m\u00fasica de jarbas bittencourt, e inserido no espet\u00e1culo CABAR\u00c9 DA RRRRRA\u00c7A do bando de teatro olodum, e coreografada por zebrinha<\/em><\/p>\n<p>&nbsp;<\/p>\n<div id=\"attachment_1951\" style=\"width: 624px\" class=\"wp-caption aligncenter\"><a href=\"http:\/\/www.marciomeirelles.com.br\/site\/wp-content\/uploads\/2003\/08\/Cabar\u00e9_da_RRRRRa\u00e7a81.jpg\"><img aria-describedby=\"caption-attachment-1951\" loading=\"lazy\" class=\" wp-image-1951 \" title=\"foto: jo\u00e3o meirelles\" src=\"http:\/\/www.marciomeirelles.com.br\/site\/wp-content\/uploads\/2003\/08\/Cabar\u00e9_da_RRRRRa\u00e7a81-1024x681.jpg\" alt=\"foto: jo\u00e3o meirelles\" width=\"614\" height=\"409\" srcset=\"http:\/\/www.marciomeirelles.com.br\/site\/wp-content\/uploads\/2003\/08\/Cabar\u00e9_da_RRRRRa\u00e7a81-1024x681.jpg 1024w, http:\/\/www.marciomeirelles.com.br\/site\/wp-content\/uploads\/2003\/08\/Cabar\u00e9_da_RRRRRa\u00e7a81-300x199.jpg 300w\" sizes=\"(max-width: 614px) 100vw, 614px\" \/><\/a><p id=\"caption-attachment-1951\" class=\"wp-caption-text\">foto: jo\u00e3o meirelles<\/p><\/div>\n<p style=\"text-align: center;\">\n<p style=\"text-align: center;\">\u00e9 preciso ter coragem<br \/>\npara ter na pele a cor da noite<br \/>\nser intang\u00edvel<br \/>\n\u00e9 preciso ter coragem<br \/>\npra estar assim no mundo<br \/>\nbicho solto encardido<br \/>\na trocar olhos por luas<\/p>\n<p style=\"text-align: center;\">o futuro \u00e9 coisa dura<br \/>\nde pedra e ferro montado<br \/>\no futuro \u00e9 coisa dura<br \/>\ndif\u00edcil de se tocar<\/p>\n<p style=\"text-align: center;\">\u00e9 preciso ter coragem<br \/>\nver na noite sem ser visto<br \/>\npra se escrever o futuro<br \/>\ncom a pele cor do asfalto<br \/>\nmolhado de muita chuva<br \/>\ne uma lua g\u00eamea dupla<br \/>\npousada abrindo clar\u00e3o<\/p>\n<p style=\"text-align: center;\">mostrando tantas coisas<br \/>\nescondidas sob a pele<br \/>\na quem n\u00e3o consegue passar<br \/>\nda superf\u00edcie do mundo<\/p>\n<p style=\"text-align: center;\">quando a pele \u00e9 cor da noite<br \/>\n\u00e9 preciso ter coragem<br \/>\npra reforjar o futuro<br \/>\nat\u00e9 que ele ganhe a cor<br \/>\nguardada dentro de todos<br \/>\nnas rotas loucas das veias<br \/>\nnos abismos corporais<\/p>\n<p style=\"text-align: center;\">\u00e9 preciso que se veja<br \/>\ncom olhos de luas g\u00eameas<br \/>\nem noite escura cerrada<br \/>\na cor que tem o irm\u00e3o<\/p>\n<p style=\"text-align: center;\">quando ele guarda na alma<br \/>\nn\u00e3o o vermelho do sangue<br \/>\nde tantas lutas travadas<br \/>\ne sim a cor do mais fundo nada<br \/>\na mesma de sua pele<br \/>\ndo nada mais invis\u00edvel<br \/>\nmais absoluto nada<\/p>\n<p style=\"text-align: center;\">\u00e9 preciso ter coragem<br \/>\npara se empunhar esta cor<br \/>\ncomo arma como enxada como arado<br \/>\ncomo fonte como estrada<\/p>\n<p style=\"text-align: center;\">como l\u00edngua incendi\u00e1ria<br \/>\nque todas as l\u00ednguas fala<br \/>\ne torna esta cor escondida<br \/>\nem nova cor revelada<br \/>\ncor do dia cor do sonho<br \/>\nde todo homem e mulher<br \/>\ntodo bicho toda mata<\/p>\n<p style=\"text-align: center;\">cor a correr pelas veias<br \/>\na preencher os abismos<br \/>\ncriando um caminho novo<br \/>\npra ra\u00e7a humana avan\u00e7ar<\/p>\n<p style=\"text-align: center;\">\u00e9 preciso ter coragem<br \/>\npra ter na pele a cor da noite<br \/>\ne sobreviver nesses dias<br \/>\n\u00e9 preciso ter coragem<br \/>\ne olhos de lua a brilhar<br \/>\npra ser o futuro que se quer<br \/>\nmesmo o que vir\u00e1.<\/p>\n<p style=\"text-align: center;\">\n","protected":false},"excerpt":{"rendered":"<p>escrito por marcio meirelles, em salvador, em 17 de agosto de 2003, para o livro de fotos de s\u00e9rgio guerra NA\u00c7\u00c3O CORAGEM &#8211; publicado pela maianga. posteriormente transformado em can\u00e7\u00e3o, com m\u00fasica de jarbas bittencourt, e inserido no espet\u00e1culo CABAR\u00c9 DA RRRRRA\u00c7A do bando de teatro olodum, e coreografada por<\/p>\n","protected":false},"author":1,"featured_media":1951,"comment_status":"open","ping_status":"open","sticky":false,"template":"","format":"standard","meta":[],"categories":[4,7],"tags":[72,22,12,25,73,30,57,368,20,367,53,366,472,64,19,13],"_links":{"self":[{"href":"http:\/\/www.marciomeirelles.com.br\/site\/wp-json\/wp\/v2\/posts\/611"}],"collection":[{"href":"http:\/\/www.marciomeirelles.com.br\/site\/wp-json\/wp\/v2\/posts"}],"about":[{"href":"http:\/\/www.marciomeirelles.com.br\/site\/wp-json\/wp\/v2\/types\/post"}],"author":[{"embeddable":true,"href":"http:\/\/www.marciomeirelles.com.br\/site\/wp-json\/wp\/v2\/users\/1"}],"replies":[{"embeddable":true,"href":"http:\/\/www.marciomeirelles.com.br\/site\/wp-json\/wp\/v2\/comments?post=611"}],"version-history":[{"count":7,"href":"http:\/\/www.marciomeirelles.com.br\/site\/wp-json\/wp\/v2\/posts\/611\/revisions"}],"predecessor-version":[{"id":1954,"href":"http:\/\/www.marciomeirelles.com.br\/site\/wp-json\/wp\/v2\/posts\/611\/revisions\/1954"}],"wp:featuredmedia":[{"embeddable":true,"href":"http:\/\/www.marciomeirelles.com.br\/site\/wp-json\/wp\/v2\/media\/1951"}],"wp:attachment":[{"href":"http:\/\/www.marciomeirelles.com.br\/site\/wp-json\/wp\/v2\/media?parent=611"}],"wp:term":[{"taxonomy":"category","embeddable":true,"href":"http:\/\/www.marciomeirelles.com.br\/site\/wp-json\/wp\/v2\/categories?post=611"},{"taxonomy":"post_tag","embeddable":true,"href":"http:\/\/www.marciomeirelles.com.br\/site\/wp-json\/wp\/v2\/tags?post=611"}],"curies":[{"name":"wp","href":"https:\/\/api.w.org\/{rel}","templated":true}]}}